{"id":10220,"date":"2026-04-14T09:11:05","date_gmt":"2026-04-14T09:11:05","guid":{"rendered":"https:\/\/akdenizolay.com.tr\/index.php\/2026\/04\/14\/ataturkun-bergamaya-gelisinin-92-yil-donumu-gururla-kutlandi\/"},"modified":"2026-04-14T09:11:06","modified_gmt":"2026-04-14T09:11:06","slug":"ataturkun-bergamaya-gelisinin-92-yil-donumu-gururla-kutlandi","status":"publish","type":"post","link":"https:\/\/akdenizolay.com.tr\/index.php\/2026\/04\/14\/ataturkun-bergamaya-gelisinin-92-yil-donumu-gururla-kutlandi\/","title":{"rendered":"Atat\u00fcrk\u2019\u00fcn Bergama\u2019ya Geli\u015finin 92. Y\u0131l D\u00f6n\u00fcm\u00fc Gururla Kutland\u0131"},"content":{"rendered":"<p> Cumhuriyetimizin kurucusu Ulu \u00d6nderimiz Gazi Mustafa Kemal ATAT\u00dcRK\u2019\u00fcn 13 Nisan\u2019da Bergama\u2019ya geli\u015finin 92. Y\u0131l d\u00f6n\u00fcm\u00fc \u00e7e\u015fitli etkinliklerle kutland\u0131. Kentimizin tarihine alt\u0131n harflerle yaz\u0131lan bu \u00f6nemli g\u00fcn, b\u00fcy\u00fck bir gurur ve co\u015fkuyla an\u0131ld\u0131. Kutlamalara K\u0131n\u0131k Kaymakam\u0131 ve Bergama Kaymakam Vekili Say\u0131n Onur Alimo\u011flu, Garnizon Komutan\u0131 Tank Albay Mehmet Ekizer, Cumhuriyet Ba\u015fsavc\u0131s\u0131 \u00dcmit Uslu, Bergama protokol\u00fc, kamu kurum ve kurulu\u015f amirleri, siyasi parti ve sivil toplum kurulu\u015flar\u0131n\u0131n de\u011ferli temsilcileri, k\u0131ymetli gazilerimiz ve \u00e7ok say\u0131da vatanda\u015f kat\u0131ld\u0131. \u00c7elenk Sunma T\u00f6reni sonras\u0131 Kutlama Program\u0131\u2019na ge\u00e7ildi. Kutlama program\u0131nda konu\u015fma yapan Bergama Belediye Ba\u015fkan\u0131 Prof. Dr. Tanju \u00c7EL\u0130K, a\u00e7\u0131klamada \u015fu ifadelere yer verdi;<\/p>\n<p>Antik \u00c7a\u011f\u2019dan bug\u00fcne, Roma ve Bizans \u0130mparatorlu\u011fu, B\u00fcy\u00fck Sel\u00e7uklu, Beylikler d\u00f6nemi, Osmanl\u0131 \u0130mparatorlu\u011fu ve arkas\u0131ndan T\u00fcrkiye Cumhuriyeti\u2019ni b\u00fcnyesinde bar\u0131nd\u0131ran ya\u015fam\u0131n devam etti\u011fi, 7 kat k\u00fclt\u00fcrel miras\u0131n oldu\u011fu Bergama\u2019da ya\u015famaktan dolay\u0131 memnuniyet duyuyoruz.\u201d<\/p>\n<p><b>\u201cBERGAMA KERMES\u0130 VE BERGAMA M\u00dcZES\u0130 B\u0130ZE ATAMIZIN HATIRASI\u201d<\/b><\/p>\n<p>ATAT\u00dcRK\u2019\u00fcn vatanda\u015flarla konu\u015fmalar\u0131na ve an\u0131lara de\u011finen Ba\u015fkan \u00c7EL\u0130K, \u201cUlu \u00d6nderimiz Gazi Mustafa Kemal ATAT\u00dcRK, Asklepion ziyareti sonras\u0131 Bergama\u2019dan d\u00f6nerken bir panay\u0131r d\u00fczenlenmesini istemi\u015f. 1936\u2019da d\u00fczenlenen ilk panay\u0131r \u00e7evre il\u00e7elerin kat\u0131l\u0131m\u0131yla ger\u00e7ekle\u015fmi\u015f sonras\u0131nda ilk kermes 1937 y\u0131l\u0131nda ba\u015flam\u0131\u015ft\u0131r. Bize b\u0131rakt\u0131\u011f\u0131 hat\u0131ralardan birisi de Bergama M\u00fczesi\u2019dir. Bergama\u2019m\u0131za ziyareti bizler i\u00e7in sadece bir tarih de\u011fil, ayn\u0131 zamanda gelece\u011fimizi \u015fekillendiren bir ilham kayna\u011f\u0131d\u0131r. Onun ak\u0131l ve bilim \u0131\u015f\u0131\u011f\u0131nda \u00e7izdi\u011fi yolda, Bergama\u2019m\u0131z\u0131 daha \u00e7a\u011fda\u015f, daha ya\u015fanabilir ve daha g\u00fc\u00e7l\u00fc bir kent haline getirmek i\u00e7in var g\u00fcc\u00fcm\u00fczle \u00e7al\u0131\u015fmaya devam ediyoruz. ATAT\u00dcRK\u2019\u00fcn emanetine sahip \u00e7\u0131kmak, bizim en temel sorumlulu\u011fumuzdur.\u201d<\/p>\n<p>Bergama Belediyesi olarak, Cumhuriyetimizin de\u011ferlerine sahip \u00e7\u0131kmaya, Atat\u00fcrk\u2019\u00fcn izinde y\u00fcr\u00fcmeye ve bu bilin\u00e7le gelecek nesillere daha g\u00fc\u00e7l\u00fc bir Bergama b\u0131rakmaya kararl\u0131l\u0131kla devam edece\u011fiz.<\/p>\n<p>\u00a0<\/p>\n<p>Kaynak: (BYZHA) Beyaz Haber Ajans\u0131<\/p>\n","protected":false},"excerpt":{"rendered":"<p>Cumhuriyetimizin kurucusu Ulu \u00d6nderimiz Gazi Mustafa Kemal ATAT\u00dcRK\u2019\u00fcn 13 Nisan\u2019da Bergama\u2019ya geli\u015finin 92.<\/p>\n","protected":false},"author":1,"featured_media":10221,"comment_status":"open","ping_status":"open","sticky":false,"template":"","format":"standard","meta":{"footnotes":""},"categories":[24],"tags":[],"class_list":["post-10220","post","type-post","status-publish","format-standard","has-post-thumbnail","hentry","category-kultur-sanat"],"_links":{"self":[{"href":"https:\/\/akdenizolay.com.tr\/index.php\/wp-json\/wp\/v2\/posts\/10220","targetHints":{"allow":["GET"]}}],"collection":[{"href":"https:\/\/akdenizolay.com.tr\/index.php\/wp-json\/wp\/v2\/posts"}],"about":[{"href":"https:\/\/akdenizolay.com.tr\/index.php\/wp-json\/wp\/v2\/types\/post"}],"author":[{"embeddable":true,"href":"https:\/\/akdenizolay.com.tr\/index.php\/wp-json\/wp\/v2\/users\/1"}],"replies":[{"embeddable":true,"href":"https:\/\/akdenizolay.com.tr\/index.php\/wp-json\/wp\/v2\/comments?post=10220"}],"version-history":[{"count":1,"href":"https:\/\/akdenizolay.com.tr\/index.php\/wp-json\/wp\/v2\/posts\/10220\/revisions"}],"predecessor-version":[{"id":10222,"href":"https:\/\/akdenizolay.com.tr\/index.php\/wp-json\/wp\/v2\/posts\/10220\/revisions\/10222"}],"wp:featuredmedia":[{"embeddable":true,"href":"https:\/\/akdenizolay.com.tr\/index.php\/wp-json\/wp\/v2\/media\/10221"}],"wp:attachment":[{"href":"https:\/\/akdenizolay.com.tr\/index.php\/wp-json\/wp\/v2\/media?parent=10220"}],"wp:term":[{"taxonomy":"category","embeddable":true,"href":"https:\/\/akdenizolay.com.tr\/index.php\/wp-json\/wp\/v2\/categories?post=10220"},{"taxonomy":"post_tag","embeddable":true,"href":"https:\/\/akdenizolay.com.tr\/index.php\/wp-json\/wp\/v2\/tags?post=10220"}],"curies":[{"name":"wp","href":"https:\/\/api.w.org\/{rel}","templated":true}]}}