{"id":10229,"date":"2026-04-14T09:41:17","date_gmt":"2026-04-14T09:41:17","guid":{"rendered":"https:\/\/akdenizolay.com.tr\/index.php\/2026\/04\/14\/bornovada-addden-guclu-mesaj-cumhuriyet-degerleri-ortak-paydamizdir\/"},"modified":"2026-04-14T09:41:18","modified_gmt":"2026-04-14T09:41:18","slug":"bornovada-addden-guclu-mesaj-cumhuriyet-degerleri-ortak-paydamizdir","status":"publish","type":"post","link":"https:\/\/akdenizolay.com.tr\/index.php\/2026\/04\/14\/bornovada-addden-guclu-mesaj-cumhuriyet-degerleri-ortak-paydamizdir\/","title":{"rendered":"Bornova\u2019da ADD\u2019den g\u00fc\u00e7l\u00fc mesaj: \u201cCumhuriyet de\u011ferleri ortak paydam\u0131zd\u0131r\u201d"},"content":{"rendered":"<p> Atat\u00fcrk\u00e7\u00fc D\u00fc\u015f\u00fcnce Derne\u011fi Genel Ba\u015fkan\u0131 Mustafa H\u00fcsn\u00fc Bozkurt ve beraberindeki heyet, Bornova Belediye Ba\u015fkan\u0131 \u00d6mer E\u015fki\u2019yi ziyaret etti. \u0130\u015f birlikleri ve ortak projelerin de\u011ferlendirildi\u011fi toplant\u0131da, Cumhuriyet de\u011ferlerinin korunmas\u0131 yolunda ortak kararl\u0131l\u0131k mesaj\u0131 verdi.<\/p>\n<p>Atat\u00fcrk\u00e7\u00fc D\u00fc\u015f\u00fcnce Derne\u011fi (ADD) Genel Ba\u015fkan\u0131 Mustafa H\u00fcsn\u00fc Bozkurt, Bornova Belediye Ba\u015fkan\u0131 \u00d6mer E\u015fki\u2019yi makam\u0131nda ziyaret etti. Ziyarette, ADD Bornova \u015eube Ba\u015fkan\u0131 M\u00fcbeccel Tima\u00e7, ADD Genel Y\u00f6netim Kurulu \u00dcyeleri Erkan \u00c7i\u00e7ek ve Umutcan Yaylac\u0131 ile ADD Genel Sayman\u0131 Basri G\u00fcrsoy da yer ald\u0131.<\/p>\n<p><b>Bozkurt: \u201cYerel y\u00f6netimlerle dayan\u0131\u015fma \u00f6nemli\u201d<\/b><\/p>\n<p>Ziyarette konu\u015fan Bozkurt, Atat\u00fcrk ilke ve devrimlerinin ya\u015fat\u0131lmas\u0131nda yerel y\u00f6netimlerle kurulan i\u015f birliklerinin b\u00fcy\u00fck \u00f6nem ta\u015f\u0131d\u0131\u011f\u0131n\u0131 vurgulayarak, \u201cBornova\u2019da bu anlay\u0131\u015f\u0131 g\u00f6rmekten b\u00fcy\u00fck memnuniyet duyuyoruz\u201d dedi.<\/p>\n<p><b>E\u015fki: \u201cCumhuriyet de\u011ferlerini birlikte ya\u015fataca\u011f\u0131z\u201d<\/b><\/p>\n<p>Ba\u015fkan \u00d6mer E\u015fki ise ziyaretten duydu\u011fu mutlulu\u011fu dile getirerek, \u201cADD gibi k\u00f6kl\u00fc bir kurumla birlikte \u00e7al\u0131\u015fmak bizim i\u00e7in k\u0131ymetli. Cumhuriyet de\u011ferlerini Bornova\u2019da hep birlikte ya\u015fatmaya devam edece\u011fiz\u201d ifadelerini kulland\u0131.<\/p>\n<p><b>Tima\u00e7: \u201cBornova\u2019da g\u00fc\u00e7l\u00fc bir dayan\u0131\u015fma var\u201d<\/b><\/p>\n<p>ADD Bornova \u015eube Ba\u015fkan\u0131 M\u00fcbeccel Tima\u00e7 da Bornova\u2019da sivil toplum ile yerel y\u00f6netim aras\u0131ndaki uyuma dikkat \u00e7ekerek, ortak \u00e7al\u0131\u015fmalar\u0131n artarak s\u00fcrece\u011fini belirtti.<\/p>\n<p>\u00a0<\/p>\n<p>Kaynak: (BYZHA) Beyaz Haber Ajans\u0131<\/p>\n","protected":false},"excerpt":{"rendered":"<p>Atat\u00fcrk\u00e7\u00fc D\u00fc\u015f\u00fcnce Derne\u011fi Genel Ba\u015fkan\u0131 Mustafa H\u00fcsn\u00fc Bozkurt ve beraberindeki heyet, Bornova Belediye Ba\u015fkan\u0131 \u00d6mer E\u015fki\u2019yi ziyaret etti.<\/p>\n","protected":false},"author":1,"featured_media":10230,"comment_status":"open","ping_status":"open","sticky":false,"template":"","format":"standard","meta":{"footnotes":""},"categories":[20],"tags":[],"class_list":["post-10229","post","type-post","status-publish","format-standard","has-post-thumbnail","hentry","category-gundem"],"_links":{"self":[{"href":"https:\/\/akdenizolay.com.tr\/index.php\/wp-json\/wp\/v2\/posts\/10229","targetHints":{"allow":["GET"]}}],"collection":[{"href":"https:\/\/akdenizolay.com.tr\/index.php\/wp-json\/wp\/v2\/posts"}],"about":[{"href":"https:\/\/akdenizolay.com.tr\/index.php\/wp-json\/wp\/v2\/types\/post"}],"author":[{"embeddable":true,"href":"https:\/\/akdenizolay.com.tr\/index.php\/wp-json\/wp\/v2\/users\/1"}],"replies":[{"embeddable":true,"href":"https:\/\/akdenizolay.com.tr\/index.php\/wp-json\/wp\/v2\/comments?post=10229"}],"version-history":[{"count":1,"href":"https:\/\/akdenizolay.com.tr\/index.php\/wp-json\/wp\/v2\/posts\/10229\/revisions"}],"predecessor-version":[{"id":10231,"href":"https:\/\/akdenizolay.com.tr\/index.php\/wp-json\/wp\/v2\/posts\/10229\/revisions\/10231"}],"wp:featuredmedia":[{"embeddable":true,"href":"https:\/\/akdenizolay.com.tr\/index.php\/wp-json\/wp\/v2\/media\/10230"}],"wp:attachment":[{"href":"https:\/\/akdenizolay.com.tr\/index.php\/wp-json\/wp\/v2\/media?parent=10229"}],"wp:term":[{"taxonomy":"category","embeddable":true,"href":"https:\/\/akdenizolay.com.tr\/index.php\/wp-json\/wp\/v2\/categories?post=10229"},{"taxonomy":"post_tag","embeddable":true,"href":"https:\/\/akdenizolay.com.tr\/index.php\/wp-json\/wp\/v2\/tags?post=10229"}],"curies":[{"name":"wp","href":"https:\/\/api.w.org\/{rel}","templated":true}]}}