{"id":10277,"date":"2026-04-14T10:11:53","date_gmt":"2026-04-14T10:11:53","guid":{"rendered":"https:\/\/akdenizolay.com.tr\/index.php\/2026\/04\/14\/bornovada-senlik-coskusu\/"},"modified":"2026-04-14T10:11:54","modified_gmt":"2026-04-14T10:11:54","slug":"bornovada-senlik-coskusu","status":"publish","type":"post","link":"https:\/\/akdenizolay.com.tr\/index.php\/2026\/04\/14\/bornovada-senlik-coskusu\/","title":{"rendered":"Bornova\u2019da \u015fenlik co\u015fkusu"},"content":{"rendered":"<p> Bornova Belediyesi\u00a0ve\u00a0Sayra &amp; \u00c7\u0131nar Vakf\u0131\u00a0i\u015f birli\u011fiyle d\u00fczenlenen 62. K\u00fct\u00fcphane Haftas\u0131 \u015eenli\u011fi,\u00a0Atat\u00fcrk Kitapl\u0131\u011f\u0131\u2019nda yo\u011fun kat\u0131l\u0131mla ger\u00e7ekle\u015fti. \u0130zmir Depremi\u2019nde hayat\u0131n\u0131 kaybeden Sayra ve \u00c7\u0131nar karde\u015flerin an\u0131s\u0131n\u0131 ya\u015fatmak amac\u0131yla d\u00fczenlenen etkinlikte \u00e7ocuklar \u00e7e\u015fitli at\u00f6lye ve oyunlarla keyifli anlar ya\u015fad\u0131. Bornova Belediye Ba\u015fkan\u0131\u00a0\u00d6mer E\u015fki, bu t\u00fcr etkinliklerin hem dayan\u0131\u015fmay\u0131 g\u00fc\u00e7lendirdi\u011fini hem de \u00e7ocuklara umut oldu\u011funu vurgulad\u0131.<br \/>Bornova Belediyesi ev sahipli\u011finde, Sayra &amp; \u00c7\u0131nar Vakf\u0131 i\u015f birli\u011fiyle d\u00fczenlenen \u015fenlik, yo\u011fun kat\u0131l\u0131m ve renkli g\u00f6r\u00fcnt\u00fclere sahne oldu. Bornova Belediyesi Atat\u00fcrk Kitapl\u0131\u011f\u0131\u2019n\u0131n bah\u00e7esi, \u00e7ocuklar\u0131n ne\u015fesiyle dolup ta\u015ft\u0131. \u0130zmir Depremi\u2019nde hayat\u0131n\u0131 kaybeden Sayra ve \u00c7\u0131nar karde\u015flerin ad\u0131n\u0131 ya\u015fatmak amac\u0131yla kurulan vak\u0131f taraf\u0131ndan ger\u00e7ekle\u015fen etkinlikte hem anlaml\u0131 hem de e\u011flence dolu anlar ya\u015fand\u0131.<\/p>\n<p><b>At\u00f6lyeden oyuna, her k\u00f6\u015fede ne\u015fe vard\u0131<\/b><\/p>\n<p>\u015eenlikte keyifli at\u00f6lyelerden e\u011flenceli oyunlara, zumbadan y\u00fcz boyamaya, masal okumadan mini konsere kadar bir\u00e7ok aktivite \u00e7ocuklarla bulu\u015ftu. Minikler, rengarenk s\u00fcslenen alanda hem \u00f6\u011frendi hem e\u011flendi. S\u00fcrpriz hediyeler ve lezzetli at\u0131\u015ft\u0131rmal\u0131klar ise g\u00fcn\u00fcn co\u015fkusunu art\u0131rd\u0131.<\/p>\n<p><b>Anlaml\u0131 bir bulu\u015fma, unutulmaz an\u0131lar<\/b><\/p>\n<p>Etkinli\u011fe g\u00f6sterilen yo\u011fun ilgi dikkat \u00e7ekti. Ailelerin ve \u00e7ocuklar\u0131n alan\u0131 doldurdu\u011fu \u015fenlik, dayan\u0131\u015fma ve anma duygular\u0131n\u0131 da bir araya getirdi. Kat\u0131l\u0131mc\u0131lar, Sayra ve \u00c7\u0131nar karde\u015flerin an\u0131s\u0131n\u0131 ya\u015fatan bu \u00f6zel g\u00fcnde hem duygusal hem de ne\u015feli anlar ya\u015fad\u0131.<\/p>\n<p><b>Ba\u015fkan E\u015fki: \u201cOnlar\u0131n ad\u0131 umutla ya\u015fayacak\u201d<\/b><\/p>\n<p>Bornova Belediye Ba\u015fkan\u0131 \u00d6mer E\u015fki, etkinlikle ilgili olarak, \u201cSayra ve \u00c7\u0131nar\u2019\u0131n ad\u0131n\u0131 ya\u015fatmak, onlar\u0131 g\u00fcl\u00fc\u015flerle anmak hepimiz i\u00e7in \u00e7ok k\u0131ymetli. Bu t\u00fcr etkinliklerle hem \u00e7ocuklar\u0131m\u0131z\u0131n geli\u015fimine katk\u0131 sa\u011fl\u0131yor hem de toplumsal dayan\u0131\u015fmay\u0131 g\u00fc\u00e7lendiriyoruz. Onlar\u0131n ad\u0131 Bornova\u2019da umutla ya\u015famaya devam edecek.\u201d<\/p>\n<p>\u00a0<\/p>\n<p>Kaynak: (BYZHA) Beyaz Haber Ajans\u0131<\/p>\n","protected":false},"excerpt":{"rendered":"<p>Bornova Belediyesi\u00a0ve\u00a0Sayra &amp; \u00c7\u0131nar Vakf\u0131\u00a0i\u015f birli\u011fiyle d\u00fczenlenen 62.<\/p>\n","protected":false},"author":1,"featured_media":10278,"comment_status":"open","ping_status":"open","sticky":false,"template":"","format":"standard","meta":{"footnotes":""},"categories":[24],"tags":[],"class_list":["post-10277","post","type-post","status-publish","format-standard","has-post-thumbnail","hentry","category-kultur-sanat"],"_links":{"self":[{"href":"https:\/\/akdenizolay.com.tr\/index.php\/wp-json\/wp\/v2\/posts\/10277","targetHints":{"allow":["GET"]}}],"collection":[{"href":"https:\/\/akdenizolay.com.tr\/index.php\/wp-json\/wp\/v2\/posts"}],"about":[{"href":"https:\/\/akdenizolay.com.tr\/index.php\/wp-json\/wp\/v2\/types\/post"}],"author":[{"embeddable":true,"href":"https:\/\/akdenizolay.com.tr\/index.php\/wp-json\/wp\/v2\/users\/1"}],"replies":[{"embeddable":true,"href":"https:\/\/akdenizolay.com.tr\/index.php\/wp-json\/wp\/v2\/comments?post=10277"}],"version-history":[{"count":1,"href":"https:\/\/akdenizolay.com.tr\/index.php\/wp-json\/wp\/v2\/posts\/10277\/revisions"}],"predecessor-version":[{"id":10279,"href":"https:\/\/akdenizolay.com.tr\/index.php\/wp-json\/wp\/v2\/posts\/10277\/revisions\/10279"}],"wp:featuredmedia":[{"embeddable":true,"href":"https:\/\/akdenizolay.com.tr\/index.php\/wp-json\/wp\/v2\/media\/10278"}],"wp:attachment":[{"href":"https:\/\/akdenizolay.com.tr\/index.php\/wp-json\/wp\/v2\/media?parent=10277"}],"wp:term":[{"taxonomy":"category","embeddable":true,"href":"https:\/\/akdenizolay.com.tr\/index.php\/wp-json\/wp\/v2\/categories?post=10277"},{"taxonomy":"post_tag","embeddable":true,"href":"https:\/\/akdenizolay.com.tr\/index.php\/wp-json\/wp\/v2\/tags?post=10277"}],"curies":[{"name":"wp","href":"https:\/\/api.w.org\/{rel}","templated":true}]}}