{"id":10292,"date":"2026-04-14T10:18:25","date_gmt":"2026-04-14T10:18:25","guid":{"rendered":"https:\/\/akdenizolay.com.tr\/index.php\/2026\/04\/14\/sut-ve-sut-urunleri-uretimi-subat-2026-2\/"},"modified":"2026-04-14T10:18:26","modified_gmt":"2026-04-14T10:18:26","slug":"sut-ve-sut-urunleri-uretimi-subat-2026-2","status":"publish","type":"post","link":"https:\/\/akdenizolay.com.tr\/index.php\/2026\/04\/14\/sut-ve-sut-urunleri-uretimi-subat-2026-2\/","title":{"rendered":"S\u00fct ve S\u00fct \u00dcr\u00fcnleri \u00dcretimi, \u015eubat 2026"},"content":{"rendered":"<p> <strong>Ticari s\u00fct i\u015fletmelerince 887 bin 774 ton inek s\u00fct\u00fc topland\u0131<\/strong><\/p>\n<p>Ticari s\u00fct i\u015fletmeleri taraf\u0131ndan toplanan inek s\u00fct\u00fc miktar\u0131, \u015eubat ay\u0131nda bir \u00f6nceki y\u0131l\u0131n ayn\u0131 ay\u0131na g\u00f6re %1,1 azald\u0131, Ocak-\u015eubat d\u00f6neminde ise bir \u00f6nceki y\u0131l\u0131n ayn\u0131 d\u00f6nemine g\u00f6re %0,3 azald\u0131.<\/p>\n<p>\u015eubat ay\u0131nda bir \u00f6nceki y\u0131l\u0131n ayn\u0131 ay\u0131na g\u00f6re, inek peyniri \u00fcretimi %2,4 artt\u0131, ayran ve kefir \u00fcretimi %6,8 artt\u0131, yo\u011furt \u00fcretimi %7,4 artt\u0131, i\u00e7me s\u00fct\u00fc \u00fcretimi %4,0 artt\u0131, tereya\u011f\u0131 ve sadeya\u011f \u00fcretimi %1,9 artt\u0131. Ocak-\u015eubat d\u00f6neminde ise bir \u00f6nceki y\u0131l\u0131n ayn\u0131 d\u00f6nemine g\u00f6re, inek peyniri \u00fcretimi %2,5 artt\u0131, ayran ve kefir \u00fcretimi %6,9 artt\u0131, yo\u011furt \u00fcretimi %10,6 artt\u0131, i\u00e7me s\u00fct\u00fc \u00fcretimi %4,2 artt\u0131, tereya\u011f\u0131 ve sadeya\u011f \u00fcretimi %0,3 artt\u0131.<\/p>\n<p><strong>Toplanan inek s\u00fct\u00fc ve \u00fcretilen s\u00fct \u00fcr\u00fcnleri miktar\u0131, \u015eubat 2026<\/strong><\/p>\n<p>(Ton)<\/p>\n<table>\n<thead>\n<tr>\n<th>\u00a0<\/th>\n<th colspan=\"3\">\u015eubat<\/th>\n<th colspan=\"3\">Ocak-\u015eubat<\/th>\n<\/tr>\n<tr>\n<td>\u00a0<\/td>\n<td>2025<\/td>\n<td>2026<\/td>\n<td>De\u011fi\u015fim<br \/>(%)<\/td>\n<td>2025<\/td>\n<td>2026<\/td>\n<td>De\u011fi\u015fim<br \/>(%)<\/td>\n<\/tr>\n<\/thead>\n<tbody>\n<tr>\n<td>Toplanan inek s\u00fct\u00fc<\/td>\n<td>897 329<\/td>\n<td>887 774<\/td>\n<td>-1,1<\/td>\n<td>1 838 682<\/td>\n<td>1 833 030<\/td>\n<td>-0,3<\/td>\n<\/tr>\n<tr>\n<td>\u0130\u00e7me s\u00fct\u00fc<\/td>\n<td>132 874<\/td>\n<td>138 131<\/td>\n<td>4,0<\/td>\n<td>283 768<\/td>\n<td>295 566<\/td>\n<td>4,2<\/td>\n<\/tr>\n<tr>\n<td>Yo\u011furt<\/td>\n<td>103 020<\/td>\n<td>110 599<\/td>\n<td>7,4<\/td>\n<td>208 126<\/td>\n<td>230 258<\/td>\n<td>10,6<\/td>\n<\/tr>\n<tr>\n<td>Ayran ve kefir<\/td>\n<td>73 306<\/td>\n<td>78 302<\/td>\n<td>6,8<\/td>\n<td>148 592<\/td>\n<td>158 789<\/td>\n<td>6,9<\/td>\n<\/tr>\n<tr>\n<td>\u0130nek peyniri<\/td>\n<td>65 196<\/td>\n<td>66 754<\/td>\n<td>2,4<\/td>\n<td>136 299<\/td>\n<td>139 717<\/td>\n<td>2,5<\/td>\n<\/tr>\n<tr>\n<td>Tereya\u011f\u0131 ve sadeya\u011f<\/td>\n<td>8 465<\/td>\n<td>8 622<\/td>\n<td>1,9<\/td>\n<td>17 596<\/td>\n<td>17 654<\/td>\n<td>0,3<\/td>\n<\/tr>\n<\/tbody>\n<\/table>\n<p><small>Tablodaki oranlar yuvarlanm\u0131\u015f rakamlar \u00fczerinden hesaplanm\u0131\u015ft\u0131r.<\/small><\/p>\n<p>Bir \u00f6nceki ay 945 bin 256 ton olan ticari s\u00fct i\u015fletmelerince toplanan inek s\u00fct\u00fc miktar\u0131 \u015eubat ay\u0131nda %6,1 oran\u0131nda azalarak 887 bin 774 ton oldu.<\/p>\n<p><strong>Toplanan inek s\u00fct\u00fc miktar\u0131, \u015eubat 2026<\/strong><br \/>(Bin ton)<img loading=\"lazy\" decoding=\"async\" height=\"800\" src=\"https:\/\/www.beyazhaberajansi.com\/images\/files\/2026\/04\/69de13d4c66f5.png\" width=\"1830\" \/><\/p>\n<p>Bir \u00f6nceki ay 157 bin 435 ton olan i\u00e7me s\u00fct\u00fc \u00fcretimi \u015eubat ay\u0131nda %12,3 oran\u0131nda azalarak 138 bin 131 ton olarak ger\u00e7ekle\u015fti.<\/p>\n<p><strong>\u0130\u00e7me s\u00fct\u00fc \u00fcretim miktar\u0131, \u015eubat 2026<\/strong><br \/>(Bin ton)<img loading=\"lazy\" decoding=\"async\" height=\"800\" src=\"https:\/\/www.beyazhaberajansi.com\/images\/files\/2026\/04\/69de13da3818c.png\" width=\"1830\" \/><\/p>\n<p>Kaynak: (BYZHA) Beyaz Haber Ajans\u0131<\/p>\n","protected":false},"excerpt":{"rendered":"<p>Ticari s\u00fct i\u015fletmelerince 887 bin 774 ton inek s\u00fct\u00fc topland\u0131    Ticari s\u00fct i\u015fletmeleri taraf\u0131ndan toplanan inek s\u00fct\u00fc miktar\u0131, \u015eubat ay\u0131nda bir \u00f6nceki y\u0131l\u0131n ayn\u0131 ay\u0131na g\u00f6re %1,1 azald\u0131, Ocak-\u015eubat d\u00f6neminde ise bir \u00f6nceki y\u0131l\u0131n ayn\u0131 d\u00f6nemine g\u00f6re %0,3 azald\u0131.<\/p>\n","protected":false},"author":1,"featured_media":10295,"comment_status":"open","ping_status":"open","sticky":false,"template":"","format":"standard","meta":{"footnotes":""},"categories":[21],"tags":[],"class_list":["post-10292","post","type-post","status-publish","format-standard","has-post-thumbnail","hentry","category-ekonomi"],"_links":{"self":[{"href":"https:\/\/akdenizolay.com.tr\/index.php\/wp-json\/wp\/v2\/posts\/10292","targetHints":{"allow":["GET"]}}],"collection":[{"href":"https:\/\/akdenizolay.com.tr\/index.php\/wp-json\/wp\/v2\/posts"}],"about":[{"href":"https:\/\/akdenizolay.com.tr\/index.php\/wp-json\/wp\/v2\/types\/post"}],"author":[{"embeddable":true,"href":"https:\/\/akdenizolay.com.tr\/index.php\/wp-json\/wp\/v2\/users\/1"}],"replies":[{"embeddable":true,"href":"https:\/\/akdenizolay.com.tr\/index.php\/wp-json\/wp\/v2\/comments?post=10292"}],"version-history":[{"count":1,"href":"https:\/\/akdenizolay.com.tr\/index.php\/wp-json\/wp\/v2\/posts\/10292\/revisions"}],"predecessor-version":[{"id":10297,"href":"https:\/\/akdenizolay.com.tr\/index.php\/wp-json\/wp\/v2\/posts\/10292\/revisions\/10297"}],"wp:featuredmedia":[{"embeddable":true,"href":"https:\/\/akdenizolay.com.tr\/index.php\/wp-json\/wp\/v2\/media\/10295"}],"wp:attachment":[{"href":"https:\/\/akdenizolay.com.tr\/index.php\/wp-json\/wp\/v2\/media?parent=10292"}],"wp:term":[{"taxonomy":"category","embeddable":true,"href":"https:\/\/akdenizolay.com.tr\/index.php\/wp-json\/wp\/v2\/categories?post=10292"},{"taxonomy":"post_tag","embeddable":true,"href":"https:\/\/akdenizolay.com.tr\/index.php\/wp-json\/wp\/v2\/tags?post=10292"}],"curies":[{"name":"wp","href":"https:\/\/api.w.org\/{rel}","templated":true}]}}