{"id":10298,"date":"2026-04-14T10:29:34","date_gmt":"2026-04-14T10:29:34","guid":{"rendered":"https:\/\/akdenizolay.com.tr\/index.php\/2026\/04\/14\/osmangaziye-dev-bir-hizmet-daha-kazandiriliyor\/"},"modified":"2026-04-14T10:29:36","modified_gmt":"2026-04-14T10:29:36","slug":"osmangaziye-dev-bir-hizmet-daha-kazandiriliyor","status":"publish","type":"post","link":"https:\/\/akdenizolay.com.tr\/index.php\/2026\/04\/14\/osmangaziye-dev-bir-hizmet-daha-kazandiriliyor\/","title":{"rendered":"Osmangazi\u2019ye Dev Bir Hizmet Daha Kazand\u0131r\u0131l\u0131yor"},"content":{"rendered":"<p> <span style=\"font-size:12pt\"><span style=\",serif\"><span style=\"font-size:11.0pt\"><span style=\",serif\">Osmangazi il\u00e7esini modern, g\u00fcvenli ve nitelikli kre\u015flerle donatarak gelece\u011fin teminat\u0131 \u00e7ocuklara daha g\u00fc\u00e7l\u00fc bir yar\u0131n haz\u0131rlamay\u0131 hedefleyen Osmangazi Belediye Ba\u015fkan\u0131 Erkan Ayd\u0131n, ortaya koydu\u011fu vizyonu kararl\u0131l\u0131kla hayata ge\u00e7iriyor. E\u011fitim ve sosyal belediyecilik alan\u0131ndaki yat\u0131r\u0131mlar\u0131yla dikkat \u00e7eken Ba\u015fkan Ayd\u0131n, ge\u00e7ti\u011fimiz aylarda temeli at\u0131lan ve kaba in\u015faat\u0131 tamamlanma a\u015famas\u0131na gelen Macide Gazio\u011flu Kre\u015f ve G\u00fcnd\u00fcz Bak\u0131mevi ile Aile Sa\u011fl\u0131\u011f\u0131 Merkezi in\u015faat\u0131n\u0131 yerinde inceledi.<\/span><\/span><\/span><\/span><\/p>\n<p><span style=\"font-size:12pt\"><span style=\",serif\"><span style=\"font-size:11.0pt\"><span style=\",serif\">Gelece\u011fe umutla bakan nesillerin yeti\u015fece\u011fi kre\u015fleri Osmangazi\u2019ye kazand\u0131rmay\u0131 s\u00fcrd\u00fcren Osmangazi Belediye Ba\u015fkan\u0131 Erkan Ayd\u0131n, hayata ge\u00e7irdi\u011fi projelerle il\u00e7ede \u00f6nemli bir d\u00f6n\u00fc\u015f\u00fcme imza at\u0131yor. Bu kapsamda Ba\u015fkan Ayd\u0131n, K\u00fck\u00fcrtl\u00fc Mahallesi\u2019nde \u015eubat ay\u0131nda temeli at\u0131lan ve in\u015faat \u00e7al\u0131\u015fmalar\u0131 h\u0131zla y\u00fckselen Macide Gazio\u011flu Kre\u015f ve G\u00fcnd\u00fcz Bak\u0131mevi ile Aile Sa\u011fl\u0131\u011f\u0131 Merkezi\u2019ni ziyaret ederek y\u00fcr\u00fct\u00fclen \u00e7al\u0131\u015fmalar hakk\u0131nda yetkililerden bilgi ald\u0131. Kaba in\u015faat\u0131 tamamlanma a\u015famas\u0131na gelen binay\u0131 detayl\u0131 \u015fekilde inceleyen Ba\u015fkan Ayd\u0131n\u2019a ziyaret s\u0131ras\u0131nda, projenin hayata ge\u00e7irilmesine katk\u0131 sunan hay\u0131rsever i\u015f insanlar\u0131 Sabahattin Gazio\u011flu ve Hikmet Bozut da e\u015flik etti.<\/span><\/span><\/span><\/span><\/p>\n<p><span style=\"font-size:12pt\"><span style=\",serif\"><span style=\"font-size:11.0pt\"><span style=\",serif\">K\u00fck\u00fcrtl\u00fc Mahallesi\u2019nde ya\u015fayan vatanda\u015flara \u00f6nemli hizmetler sunacak olan merkezde; kre\u015f, g\u00fcnd\u00fcz bak\u0131mevi, aile sa\u011fl\u0131\u011f\u0131 merkezi, k\u00fclt\u00fcr merkezi ve sosyal donat\u0131 alanlar\u0131 bir arada bulunacak. 2026-2027 e\u011fitim-\u00f6\u011fretim y\u0131l\u0131na yeti\u015ftirilmesi planlanan merkez, 600 metrekarelik alan \u00fczerine 3 katl\u0131 olarak in\u015fa ediliyor. \u0130n\u015faat \u00e7al\u0131\u015fmalar\u0131 h\u0131zla devam eden olan tesiste, 80 \u00f6\u011frencinin e\u011fitim g\u00f6rece\u011fi 4 s\u0131n\u0131f\u0131n yan\u0131 s\u0131ra aile sa\u011fl\u0131\u011f\u0131 merkezi ve \u00e7e\u015fitli sosyal donat\u0131 alanlar\u0131 yer alacak.<\/span><\/span><\/span><\/span><\/p>\n<p><span style=\"font-size:12pt\"><span style=\",serif\"><b><span style=\"font-size:11.0pt\"><span style=\",serif\">\u201cSa\u011fl\u0131k Oca\u011f\u0131, Kre\u015f ve Sosyal Donat\u0131 Alanlar\u0131n\u0131 Tek \u00c7at\u0131 Alt\u0131nda Toplad\u0131k\u201d<\/span><\/span><\/b><\/span><\/span><\/p>\n<p><span style=\"font-size:12pt\"><span style=\",serif\"><span style=\"font-size:11.0pt\"><span style=\",serif\">Macide Gazio\u011flu Kre\u015f ve G\u00fcnd\u00fcz Bak\u0131mevi ile Aile Sa\u011fl\u0131\u011f\u0131 Merkezi in\u015faat\u0131n\u0131n h\u0131zla devam etti\u011fini belirten Osmangazi Belediye Ba\u015fkan\u0131 Erkan Ayd\u0131n, s\u00f6zlerinde \u015fu ifadelere yer verdi:<\/span><\/span><\/span><\/span><\/p>\n<p><span style=\"font-size:12pt\"><span style=\",serif\"><span style=\"font-size:11.0pt\"><span style=\",serif\">\u201cK\u00fck\u00fcrtl\u00fc Mahallesi\u2019nde yap\u0131m\u0131 devam eden Macide Gazio\u011flu Kre\u015f ve G\u00fcnd\u00fcz Bak\u0131mevi, Sa\u011fl\u0131k Oca\u011f\u0131 ve K\u00fclt\u00fcr Merkezi in\u015faat\u0131n\u0131 bug\u00fcn yerinde inceledik. \u00c7al\u0131\u015fmalar\u0131n h\u0131zl\u0131 bir \u015fekilde ilerledi\u011fini g\u00f6rmek bizleri memnun ediyor. Bu k\u0131ymetli projenin hayata ge\u00e7irilmesine katk\u0131 sa\u011flayan hay\u0131rsever ailemize g\u00f6n\u00fclden te\u015fekk\u00fcr ediyorum. K\u00fck\u00fcrtl\u00fc Mahallemizde, hem \u00e7ocuklar\u0131m\u0131za hem de vatanda\u015flar\u0131m\u0131za hizmet verecek olan sa\u011fl\u0131k oca\u011f\u0131, kre\u015f ve sosyal donat\u0131 alanlar\u0131n\u0131 tek \u00e7at\u0131 alt\u0131nda toplam\u0131\u015f bulunuyoruz. \u0130n\u015fallah yaz aylar\u0131nda a\u00e7\u0131l\u0131\u015f\u0131n\u0131 ger\u00e7ekle\u015ftirerek, yeni e\u011fitim-\u00f6\u011fretim d\u00f6neminde \u00f6\u011frenci kay\u0131tlar\u0131m\u0131z\u0131 burada yapmay\u0131 planl\u0131yoruz. Bu merkezin yap\u0131m\u0131nda eme\u011fi ge\u00e7en herkese bir kez daha te\u015fekk\u00fcr ediyor, projemizin mahallemize ve il\u00e7emize hay\u0131rl\u0131 olmas\u0131n\u0131 diliyorum.\u201d <\/span><\/span><\/span><\/span><\/p>\n<p>\u00a0<\/p>\n<p>Kaynak: (BYZHA) Beyaz Haber Ajans\u0131<\/p>\n","protected":false},"excerpt":{"rendered":"<p>Osmangazi il\u00e7esini modern, g\u00fcvenli ve nitelikli kre\u015flerle donatarak gelece\u011fin teminat\u0131 \u00e7ocuklara daha g\u00fc\u00e7l\u00fc bir yar\u0131n haz\u0131rlamay\u0131 hedefleyen Osmangazi Belediye Ba\u015fkan\u0131 Erkan Ayd\u0131n, ortaya koydu\u011fu vizyonu kararl\u0131l\u0131kla hayata ge\u00e7iriyor.<\/p>\n","protected":false},"author":1,"featured_media":10299,"comment_status":"open","ping_status":"open","sticky":false,"template":"","format":"standard","meta":{"footnotes":""},"categories":[20],"tags":[],"class_list":["post-10298","post","type-post","status-publish","format-standard","has-post-thumbnail","hentry","category-gundem"],"_links":{"self":[{"href":"https:\/\/akdenizolay.com.tr\/index.php\/wp-json\/wp\/v2\/posts\/10298","targetHints":{"allow":["GET"]}}],"collection":[{"href":"https:\/\/akdenizolay.com.tr\/index.php\/wp-json\/wp\/v2\/posts"}],"about":[{"href":"https:\/\/akdenizolay.com.tr\/index.php\/wp-json\/wp\/v2\/types\/post"}],"author":[{"embeddable":true,"href":"https:\/\/akdenizolay.com.tr\/index.php\/wp-json\/wp\/v2\/users\/1"}],"replies":[{"embeddable":true,"href":"https:\/\/akdenizolay.com.tr\/index.php\/wp-json\/wp\/v2\/comments?post=10298"}],"version-history":[{"count":1,"href":"https:\/\/akdenizolay.com.tr\/index.php\/wp-json\/wp\/v2\/posts\/10298\/revisions"}],"predecessor-version":[{"id":10300,"href":"https:\/\/akdenizolay.com.tr\/index.php\/wp-json\/wp\/v2\/posts\/10298\/revisions\/10300"}],"wp:featuredmedia":[{"embeddable":true,"href":"https:\/\/akdenizolay.com.tr\/index.php\/wp-json\/wp\/v2\/media\/10299"}],"wp:attachment":[{"href":"https:\/\/akdenizolay.com.tr\/index.php\/wp-json\/wp\/v2\/media?parent=10298"}],"wp:term":[{"taxonomy":"category","embeddable":true,"href":"https:\/\/akdenizolay.com.tr\/index.php\/wp-json\/wp\/v2\/categories?post=10298"},{"taxonomy":"post_tag","embeddable":true,"href":"https:\/\/akdenizolay.com.tr\/index.php\/wp-json\/wp\/v2\/tags?post=10298"}],"curies":[{"name":"wp","href":"https:\/\/api.w.org\/{rel}","templated":true}]}}