{"id":10304,"date":"2026-04-14T10:29:38","date_gmt":"2026-04-14T10:29:38","guid":{"rendered":"https:\/\/akdenizolay.com.tr\/index.php\/2026\/04\/14\/daha-duzenli-bir-ilce-icin-sahadalar\/"},"modified":"2026-04-14T10:29:38","modified_gmt":"2026-04-14T10:29:38","slug":"daha-duzenli-bir-ilce-icin-sahadalar","status":"publish","type":"post","link":"https:\/\/akdenizolay.com.tr\/index.php\/2026\/04\/14\/daha-duzenli-bir-ilce-icin-sahadalar\/","title":{"rendered":"Daha D\u00fczenli Bir \u0130l\u00e7e \u0130\u00e7in Sahadalar"},"content":{"rendered":"<p> <b>Kahramankazan Belediyesi Fen \u0130\u015fleri M\u00fcd\u00fcrl\u00fc\u011f\u00fc ekipleri, il\u00e7e genelinde ula\u015f\u0131m konforunu art\u0131rmak ve kent esteti\u011fini g\u00fc\u00e7lendirmek amac\u0131yla \u00e7al\u0131\u015fmalar\u0131n\u0131 aral\u0131ks\u0131z s\u00fcrd\u00fcr\u00fcyor.<\/b><\/p>\n<p>Bu kapsamda Sat\u0131kad\u0131n Mahallesi Gazi Mustafa Kemal Atat\u00fcrk Caddesi\u2019nde kilit ta\u015f\u0131 d\u00fczeltme \u00e7al\u0131\u015fmalar\u0131 ger\u00e7ekle\u015ftirilerek yol y\u00fczeyinde olu\u015fan deformasyonlar giderildi. Atat\u00fcrk Mahallesi \u0130brahim \u00c7avu\u015f Caddesi\u2019nde ise bozuk kald\u0131r\u0131mlar\u0131n bak\u0131m ve onar\u0131m \u00e7al\u0131\u015fmalar\u0131 tamamlanarak vatanda\u015flar\u0131n daha g\u00fcvenli bir \u015fekilde kullan\u0131m\u0131na sunuldu. Sat\u0131kad\u0131n Mahallesi Abdulkadir Cemil K\u0131r\u0131ml\u0131o\u011flu Caddesi\u2019nde y\u00fcr\u00fct\u00fclen kald\u0131r\u0131m bak\u0131m ve onar\u0131m \u00e7al\u0131\u015fmalar\u0131 da ba\u015far\u0131yla tamamlan\u0131rken, Atat\u00fcrk Bulvar\u0131\u2019nda kald\u0131r\u0131m d\u00fczenleme \u00e7al\u0131\u015fmalar\u0131 h\u0131z kesmeden devam ediyor. Hasar g\u00f6rm\u00fc\u015f tabela direklerinin onar\u0131m\u0131 da titizlikle ger\u00e7ekle\u015ftirilerek hem trafik g\u00fcvenli\u011fi hem de kent d\u00fczeni sa\u011flan\u0131yor.<\/p>\n<p>Kahramankazan Belediye Ba\u015fkan\u0131 Selim \u00c7\u0131rpano\u011flu, vatanda\u015flar\u0131n daha g\u00fcvenli, konforlu ve d\u00fczenli bir \u00e7evrede ya\u015famlar\u0131n\u0131 s\u00fcrd\u00fcrebilmeleri i\u00e7in \u00e7al\u0131\u015fmalar\u0131n kararl\u0131l\u0131kla devam etti\u011fini belirtti.<\/p>\n<p>\u00a0<\/p>\n<p>Kaynak: (BYZHA) Beyaz Haber Ajans\u0131<\/p>\n","protected":false},"excerpt":{"rendered":"<p>Kahramankazan Belediyesi Fen \u0130\u015fleri M\u00fcd\u00fcrl\u00fc\u011f\u00fc ekipleri, il\u00e7e genelinde ula\u015f\u0131m konforunu art\u0131rmak ve kent esteti\u011fini g\u00fc\u00e7lendirmek amac\u0131yla \u00e7al\u0131\u015fmalar\u0131n\u0131 aral\u0131ks\u0131z s\u00fcrd\u00fcr\u00fcyor.<\/p>\n","protected":false},"author":1,"featured_media":10305,"comment_status":"open","ping_status":"open","sticky":false,"template":"","format":"standard","meta":{"footnotes":""},"categories":[20],"tags":[],"class_list":["post-10304","post","type-post","status-publish","format-standard","has-post-thumbnail","hentry","category-gundem"],"_links":{"self":[{"href":"https:\/\/akdenizolay.com.tr\/index.php\/wp-json\/wp\/v2\/posts\/10304","targetHints":{"allow":["GET"]}}],"collection":[{"href":"https:\/\/akdenizolay.com.tr\/index.php\/wp-json\/wp\/v2\/posts"}],"about":[{"href":"https:\/\/akdenizolay.com.tr\/index.php\/wp-json\/wp\/v2\/types\/post"}],"author":[{"embeddable":true,"href":"https:\/\/akdenizolay.com.tr\/index.php\/wp-json\/wp\/v2\/users\/1"}],"replies":[{"embeddable":true,"href":"https:\/\/akdenizolay.com.tr\/index.php\/wp-json\/wp\/v2\/comments?post=10304"}],"version-history":[{"count":1,"href":"https:\/\/akdenizolay.com.tr\/index.php\/wp-json\/wp\/v2\/posts\/10304\/revisions"}],"predecessor-version":[{"id":10306,"href":"https:\/\/akdenizolay.com.tr\/index.php\/wp-json\/wp\/v2\/posts\/10304\/revisions\/10306"}],"wp:featuredmedia":[{"embeddable":true,"href":"https:\/\/akdenizolay.com.tr\/index.php\/wp-json\/wp\/v2\/media\/10305"}],"wp:attachment":[{"href":"https:\/\/akdenizolay.com.tr\/index.php\/wp-json\/wp\/v2\/media?parent=10304"}],"wp:term":[{"taxonomy":"category","embeddable":true,"href":"https:\/\/akdenizolay.com.tr\/index.php\/wp-json\/wp\/v2\/categories?post=10304"},{"taxonomy":"post_tag","embeddable":true,"href":"https:\/\/akdenizolay.com.tr\/index.php\/wp-json\/wp\/v2\/tags?post=10304"}],"curies":[{"name":"wp","href":"https:\/\/api.w.org\/{rel}","templated":true}]}}