{"id":10307,"date":"2026-04-14T10:40:42","date_gmt":"2026-04-14T10:40:42","guid":{"rendered":"https:\/\/akdenizolay.com.tr\/index.php\/2026\/04\/14\/gebze-itfaiye-hizmet-binasinda-ilerleme-yuzde-60\/"},"modified":"2026-04-14T10:40:43","modified_gmt":"2026-04-14T10:40:43","slug":"gebze-itfaiye-hizmet-binasinda-ilerleme-yuzde-60","status":"publish","type":"post","link":"https:\/\/akdenizolay.com.tr\/index.php\/2026\/04\/14\/gebze-itfaiye-hizmet-binasinda-ilerleme-yuzde-60\/","title":{"rendered":"Gebze \u0130tfaiye Hizmet Binas\u0131\u2019nda ilerleme y\u00fczde 60"},"content":{"rendered":"<p> Kocaeli B\u00fcy\u00fck\u015fehir Belediyesi, vatanda\u015f\u0131n can ve mal g\u00fcvenli\u011finin korunmas\u0131 bak\u0131m\u0131ndan hayati \u00f6nem ta\u015f\u0131yan itfaiye te\u015fkilat\u0131n\u0131 ekip, ara\u00e7, ekipman ve yeni hizmet binalar\u0131 ile g\u00fc\u00e7lendiriyor. Kurum b\u00fcnyesinde uzun y\u0131llar hizmet veren yap\u0131lar\u0131 yenileyen B\u00fcy\u00fck\u015fehir, bu kapsamda Gebze Millet Bah\u00e7esi\u2019ne yeni itfaiye binas\u0131 kazand\u0131r\u0131yor.<\/p>\n<p><b>B\u00dcY\u00dcK\u015eEH\u0130R \u0130TFA\u0130YE G\u00dcC\u00dcNE G\u00dc\u00c7 KATIYOR<\/b><\/p>\n<p>T\u00fcrkiye\u2019de \u00f6rnek g\u00f6sterilen itfaiye te\u015fkilat\u0131na sahip olan Kocaeli B\u00fcy\u00fck\u015fehir Belediyesi, itfaiye hizmetlerinde kaliteyi daha da art\u0131rmak i\u00e7in ihtiya\u00e7 olan b\u00f6lgelere yeni hizmet binalar\u0131 kazand\u0131r\u0131yor. Bu kapsamda B\u00fcy\u00fck\u015fehir, Gebze\u2019de y\u0131llard\u0131r hizmet veren ve eskimesi nedeniyle yetersiz kalan itfaiye binas\u0131n\u0131 yenileme karar\u0131 ald\u0131. Gebze Millet Bah\u00e7esi\u2019ne modern ve son teknolojiyle donat\u0131lm\u0131\u015f yeni bir itfaiye binas\u0131 in\u015fa eden B\u00fcy\u00fck\u015fehir, \u00e7al\u0131\u015fmalarda y\u00fczde 60 seviyesine ula\u015ft\u0131.<b>\u00a0<\/b><\/p>\n<p><b>GEBZE\u2019YE YEN\u0130 \u0130TFA\u0130YE B\u0130NASI \u0130N\u015eA ED\u0130L\u0130YOR<\/b><\/p>\n<p>Fen \u0130\u015fleri Dairesi Ba\u015fkanl\u0131\u011f\u0131\u2019na ba\u011fl\u0131 ekipler, Gebze\u2019de in\u015fa edilen yeni itfaiye binas\u0131 i\u00e7in \u00e7al\u0131\u015fmalar\u0131n\u0131 h\u0131z kesmeden s\u00fcrd\u00fcr\u00fcyor. Yak\u0131n zamanda Gebze Millet Bah\u00e7esi i\u00e7erisindeki yeni yerinde modern imk\u00e2nlarla hizmet vermeye ba\u015flayacak olan m\u00fcfreze binas\u0131nda, temel betonu at\u0131l\u0131rken kal\u0131p montajlar\u0131na da ba\u015fland\u0131. Ara\u00e7, ekipman ve personel kapasitesiyle T\u00fcrkiye\u2019de \u00f6rnek g\u00f6sterilen bir itfaiye te\u015fkilat\u0131na sahip olan Kocaeli B\u00fcy\u00fck\u015fehir Belediyesi, Gebze\u2019ye kazand\u0131raca\u011f\u0131 yeni hizmet binas\u0131yla g\u00fcc\u00fcne g\u00fc\u00e7 katacak.<\/p>\n<p><b>TOPLAM \u0130N\u015eAAT ALANI B\u0130N 735 METREKARE<\/b><\/p>\n<p>Gebze Millet Bah\u00e7esi\u2019nin do\u011fu b\u00f6l\u00fcm\u00fcnde toplam 4 bin 316 metrekarelik alan \u00fczerine in\u015fa edilen Yeni Gebze \u0130tfaiye M\u00fcfreze Binas\u0131, bin 735 metrekarelik in\u015faat alan\u0131na sahip olacak. M\u00fcfreze binas\u0131, zemin kat ve galerili birinci kattan olu\u015facak \u015fekilde projelendirildi. Zemin kat\u0131n \u00f6n cepheden giri\u015f yap\u0131lan b\u00f6l\u00fcm\u00fc itfaiye ara\u00e7 park\u0131 olarak d\u00fczenlenirken, arka cephede ise \u00e7elik sundurmal\u0131 sert zemin alan\u0131 yer alacak.<\/p>\n<p><b>YEN\u0130 H\u0130ZMET B\u0130NASINDA HER \u015eEY D\u00dc\u015e\u00dcN\u00dcLD\u00dc<\/b><\/p>\n<p>Zemin katta itfaiye ara\u00e7lar\u0131n\u0131n giri\u015f ve \u00e7\u0131k\u0131\u015f\u0131n\u0131n bulundu\u011fu 390 metrekarelik kapal\u0131 garaj, 150 m2 teras, haberle\u015fme, vardiya amirli\u011fi, grup amirli\u011fi, yaz\u0131 i\u015fleri, e\u011fitim-toplant\u0131 salonu, mekanik ve elektrik odalar\u0131, depolar, WC\u2019ler, mutfak ve dinlenme-yemekhane odas\u0131 bulunacak. 1. katta ise 4 adet yatakhane, WC\u2019ler, du\u015f, mescit, depo, spor ve e\u011fitim salonu yer alacak.<\/p>\n<p>\u00a0<\/p>\n<p>Kaynak: (BYZHA) Beyaz Haber Ajans\u0131<\/p>\n","protected":false},"excerpt":{"rendered":"<p>Kocaeli B\u00fcy\u00fck\u015fehir Belediyesi, vatanda\u015f\u0131n can ve mal g\u00fcvenli\u011finin korunmas\u0131 bak\u0131m\u0131ndan hayati \u00f6nem ta\u015f\u0131yan itfaiye te\u015fkilat\u0131n\u0131 ekip, ara\u00e7, ekipman ve yeni hizmet binalar\u0131 ile g\u00fc\u00e7lendiriyor.<\/p>\n","protected":false},"author":1,"featured_media":10308,"comment_status":"open","ping_status":"open","sticky":false,"template":"","format":"standard","meta":{"footnotes":""},"categories":[20],"tags":[],"class_list":["post-10307","post","type-post","status-publish","format-standard","has-post-thumbnail","hentry","category-gundem"],"_links":{"self":[{"href":"https:\/\/akdenizolay.com.tr\/index.php\/wp-json\/wp\/v2\/posts\/10307","targetHints":{"allow":["GET"]}}],"collection":[{"href":"https:\/\/akdenizolay.com.tr\/index.php\/wp-json\/wp\/v2\/posts"}],"about":[{"href":"https:\/\/akdenizolay.com.tr\/index.php\/wp-json\/wp\/v2\/types\/post"}],"author":[{"embeddable":true,"href":"https:\/\/akdenizolay.com.tr\/index.php\/wp-json\/wp\/v2\/users\/1"}],"replies":[{"embeddable":true,"href":"https:\/\/akdenizolay.com.tr\/index.php\/wp-json\/wp\/v2\/comments?post=10307"}],"version-history":[{"count":1,"href":"https:\/\/akdenizolay.com.tr\/index.php\/wp-json\/wp\/v2\/posts\/10307\/revisions"}],"predecessor-version":[{"id":10309,"href":"https:\/\/akdenizolay.com.tr\/index.php\/wp-json\/wp\/v2\/posts\/10307\/revisions\/10309"}],"wp:featuredmedia":[{"embeddable":true,"href":"https:\/\/akdenizolay.com.tr\/index.php\/wp-json\/wp\/v2\/media\/10308"}],"wp:attachment":[{"href":"https:\/\/akdenizolay.com.tr\/index.php\/wp-json\/wp\/v2\/media?parent=10307"}],"wp:term":[{"taxonomy":"category","embeddable":true,"href":"https:\/\/akdenizolay.com.tr\/index.php\/wp-json\/wp\/v2\/categories?post=10307"},{"taxonomy":"post_tag","embeddable":true,"href":"https:\/\/akdenizolay.com.tr\/index.php\/wp-json\/wp\/v2\/tags?post=10307"}],"curies":[{"name":"wp","href":"https:\/\/api.w.org\/{rel}","templated":true}]}}