{"id":10313,"date":"2026-04-14T10:40:46","date_gmt":"2026-04-14T10:40:46","guid":{"rendered":"https:\/\/akdenizolay.com.tr\/index.php\/2026\/04\/14\/baskan-cebi-ilcedeki-yatirimlari-yerinde-inceledi\/"},"modified":"2026-04-14T10:40:47","modified_gmt":"2026-04-14T10:40:47","slug":"baskan-cebi-ilcedeki-yatirimlari-yerinde-inceledi","status":"publish","type":"post","link":"https:\/\/akdenizolay.com.tr\/index.php\/2026\/04\/14\/baskan-cebi-ilcedeki-yatirimlari-yerinde-inceledi\/","title":{"rendered":"Ba\u015fkan \u00c7ebi, \u0130l\u00e7edeki Yat\u0131r\u0131mlar\u0131 Yerinde \u0130nceledi"},"content":{"rendered":"<p> K\u00fc\u00e7\u00fck\u00e7ekmece Belediye Ba\u015fkan\u0131 Kemal \u00c7ebi, Sefak\u00f6y K\u00fclt\u00fcr ve Sanat Merkezi\u2019nde yap\u0131m\u0131 devam eden projeler ile il\u00e7eye kazand\u0131r\u0131lan Adnan \u00d6zyal\u00e7\u0131ner \u00c7ocuk K\u00fct\u00fcphanesi\u2019nde incelemelerde bulundu.<\/p>\n<p>\u0130ncelemeler kapsam\u0131nda Sefak\u00f6y K\u00fclt\u00fcr ve Sanat Merkezi i\u00e7inde a\u00e7\u0131lacak olan Kafe K\u2019y\u0131 gezen Ba\u015fkan \u00c7ebi, gen\u00e7lerin ve vatanda\u015flar\u0131n bir araya gelebilece\u011fi sosyal alanlar\u0131n say\u0131s\u0131n\u0131n art\u0131r\u0131lmas\u0131n\u0131n \u00f6nemine dikkat \u00e7ekti. Ba\u015fkan \u00c7ebi\u2019nin di\u011fer dura\u011f\u0131 ise kapasitesi art\u0131r\u0131lan Yusuf Ah\u0131skal\u0131 K\u00fct\u00fcphanesi oldu. Yap\u0131lan d\u00fczenlemelerle birlikte k\u00fct\u00fcphanenin oturma kapasitesi 42\u2019den 154\u2019e \u00e7\u0131kar\u0131l\u0131rken, daha fazla kitapsevere konforlu hizmet vermesi hedefleniyor.<\/p>\n<p>Ba\u015fkan \u00c7ebi, il\u00e7enin 11. k\u00fct\u00fcphanesi olarak minik okurlara kap\u0131lar\u0131n\u0131 a\u00e7an Adnan \u00d6zyal\u00e7\u0131ner \u00c7ocuk K\u00fct\u00fcphanesi\u2019nde de \u00e7ocuklarla bir araya geldi.<\/p>\n<p><b>\u00c7ebi: Sosyalle\u015fen, \u00f6\u011frenen ve \u00fcreten bir kent hedefliyoruz<\/b><\/p>\n<p>K\u00fc\u00e7\u00fck\u00e7ekmece\u2019de k\u00fclt\u00fcr ve e\u011fitim alan\u0131ndaki yat\u0131r\u0131mlar\u0131 kararl\u0131l\u0131kla s\u00fcrd\u00fcreceklerini belirten Ba\u015fkan \u00c7ebi, \u201cGen\u00e7lerimizin, \u00e7ocuklar\u0131m\u0131z\u0131n ve t\u00fcm hem\u015fehrilerimizin nitelikli, eri\u015filebilir ve \u00e7a\u011fda\u015f mekanlarda vakit ge\u00e7irmesi bizim i\u00e7in \u00e7ok \u00f6nemli. Hayata ge\u00e7irdi\u011fimiz projelerle sadece fiziki alanlar olu\u015fturmuyor, ayn\u0131 zamanda sosyalle\u015fen, \u00f6\u011frenen ve \u00fcreten bir kent k\u00fclt\u00fcr\u00fcn\u00fc g\u00fc\u00e7lendiriyoruz. Bu y\u00f6nde \u00e7al\u0131\u015fmalar\u0131m\u0131za devam edece\u011fiz\u201d diye konu\u015ftu.\u00a0<\/p>\n<p>\u00a0<\/p>\n<p>\u00a0<\/p>\n<p>Kaynak: (BYZHA) Beyaz Haber Ajans\u0131<\/p>\n","protected":false},"excerpt":{"rendered":"<p>K\u00fc\u00e7\u00fck\u00e7ekmece Belediye Ba\u015fkan\u0131 Kemal \u00c7ebi, Sefak\u00f6y K\u00fclt\u00fcr ve Sanat Merkezi\u2019nde yap\u0131m\u0131 devam eden projeler ile il\u00e7eye kazand\u0131r\u0131lan Adnan \u00d6zyal\u00e7\u0131ner \u00c7ocuk K\u00fct\u00fcphanesi\u2019nde incelemelerde bulundu.<\/p>\n","protected":false},"author":1,"featured_media":10314,"comment_status":"open","ping_status":"open","sticky":false,"template":"","format":"standard","meta":{"footnotes":""},"categories":[20],"tags":[],"class_list":["post-10313","post","type-post","status-publish","format-standard","has-post-thumbnail","hentry","category-gundem"],"_links":{"self":[{"href":"https:\/\/akdenizolay.com.tr\/index.php\/wp-json\/wp\/v2\/posts\/10313","targetHints":{"allow":["GET"]}}],"collection":[{"href":"https:\/\/akdenizolay.com.tr\/index.php\/wp-json\/wp\/v2\/posts"}],"about":[{"href":"https:\/\/akdenizolay.com.tr\/index.php\/wp-json\/wp\/v2\/types\/post"}],"author":[{"embeddable":true,"href":"https:\/\/akdenizolay.com.tr\/index.php\/wp-json\/wp\/v2\/users\/1"}],"replies":[{"embeddable":true,"href":"https:\/\/akdenizolay.com.tr\/index.php\/wp-json\/wp\/v2\/comments?post=10313"}],"version-history":[{"count":1,"href":"https:\/\/akdenizolay.com.tr\/index.php\/wp-json\/wp\/v2\/posts\/10313\/revisions"}],"predecessor-version":[{"id":10315,"href":"https:\/\/akdenizolay.com.tr\/index.php\/wp-json\/wp\/v2\/posts\/10313\/revisions\/10315"}],"wp:featuredmedia":[{"embeddable":true,"href":"https:\/\/akdenizolay.com.tr\/index.php\/wp-json\/wp\/v2\/media\/10314"}],"wp:attachment":[{"href":"https:\/\/akdenizolay.com.tr\/index.php\/wp-json\/wp\/v2\/media?parent=10313"}],"wp:term":[{"taxonomy":"category","embeddable":true,"href":"https:\/\/akdenizolay.com.tr\/index.php\/wp-json\/wp\/v2\/categories?post=10313"},{"taxonomy":"post_tag","embeddable":true,"href":"https:\/\/akdenizolay.com.tr\/index.php\/wp-json\/wp\/v2\/tags?post=10313"}],"curies":[{"name":"wp","href":"https:\/\/api.w.org\/{rel}","templated":true}]}}