{"id":10319,"date":"2026-04-14T10:40:54","date_gmt":"2026-04-14T10:40:54","guid":{"rendered":"https:\/\/akdenizolay.com.tr\/index.php\/2026\/04\/14\/karsiyakada-nostalji-ruzgarlari-esecek-oldies-muzik-festivali-basliyor\/"},"modified":"2026-04-14T10:40:55","modified_gmt":"2026-04-14T10:40:55","slug":"karsiyakada-nostalji-ruzgarlari-esecek-oldies-muzik-festivali-basliyor","status":"publish","type":"post","link":"https:\/\/akdenizolay.com.tr\/index.php\/2026\/04\/14\/karsiyakada-nostalji-ruzgarlari-esecek-oldies-muzik-festivali-basliyor\/","title":{"rendered":"Kar\u015f\u0131yaka\u2019da nostalji r\u00fczgarlar\u0131 esecek: Oldies M\u00fczik Festivali ba\u015fl\u0131yor!"},"content":{"rendered":"<p> <b>Kar\u015f\u0131yaka Belediyesi, 15-19 Nisan tarihleri aras\u0131nda sanatseverleri \u2018Oldies M\u00fczik Festivali\u2019 ile bulu\u015fturacak. Z\u00fcht\u00fc I\u015f\u0131l Meydan\u0131\u2019nda d\u00fczenlenecek organizasyon; konserlerden s\u00f6yle\u015filere kadar pek \u00e7ok etkinlikle kentte nostalji r\u00fczgarlar\u0131 estirecek. Belediye Ba\u015fkan\u0131 Y\u0131ld\u0131z \u00dcnsal, \u201cT\u00fcm vatanda\u015flar\u0131m\u0131z\u0131 Z\u00fcht\u00fc I\u015f\u0131l Meydan\u0131\u2019ndaki festivalimize bekliyoruz\u201d dedi.<\/b><\/p>\n<p>Kentin k\u00fclt\u00fcr ve sanat ya\u015fam\u0131na katk\u0131 sunacak \u00e7al\u0131\u015fmalar\u0131yla fark yaratan Kar\u015f\u0131yaka Belediyesi, renkli bir m\u00fczik organizasyonuna imza at\u0131yor. 15-19 Nisan tarihleri aras\u0131nda Bostanl\u0131 Z\u00fcht\u00fc I\u015f\u0131l Meydan\u0131\u2019nda d\u00fczenlenecek \u2018Oldies M\u00fczik Festivali\u2019 ile Kar\u015f\u0131yaka\u2019da nostalji r\u00fczg\u00e2rlar\u0131 esecek. Be\u015f g\u00fcn s\u00fcrecek festival, 60\u2019l\u0131 y\u0131llardan g\u00fcn\u00fcm\u00fcze uzanan geni\u015f bir m\u00fczik yelpazesiyle her ya\u015ftan sanatseveri bir araya getirecek.<\/p>\n<p><b>SEV\u0130LEN \u0130S\u0130MLER SAHNE ALACAK<\/b><\/p>\n<p>Festivalin a\u00e7\u0131l\u0131\u015f\u0131, kentin m\u00fczik haf\u0131zas\u0131na \u0131\u015f\u0131k tutan \u2018Yolu Kar\u015f\u0131yaka\u2019dan Ge\u00e7mi\u015f M\u00fczisyenlerimiz\u2019 foto\u011fraf sergisiyle ger\u00e7ekle\u015ftirilecek. Etkinlik s\u00fcresince Z\u00fcht\u00fc I\u015f\u0131l Meydan\u0131; DJ performanslar\u0131, plak dinletileri, m\u00fczik s\u00f6yle\u015fileri ve \u00f6d\u00fcl t\u00f6renlerine ev sahipli\u011fi yapacak. Program kapsam\u0131nda Kar\u015f\u0131yaka Belediye Bandosu ve Kar\u015f\u0131yaka Belediye Orkestras\u0131\u2019n\u0131n yan\u0131 s\u0131ra; Tual Grubu, Ritart, Grup Marea ve Grup Vento gibi sevilen isimler sahne alacak. T\u00fcm sahne etkinliklerinin \u00fccretsiz olarak ger\u00e7ekle\u015ftirilece\u011fi festival boyunca meydanda kurulacak renkli stantlar da ziyaret\u00e7ilere e\u015flik edecek. \u00d6te yandan; festival program\u0131n\u0131n t\u00fcm detaylar\u0131na @karsiyakakultur Instagram hesab\u0131 \u00fczerinden ula\u015f\u0131labilecek.<\/p>\n<p><b>\u201cM\u00dcZ\u0130K TUTKUNLARINI BEKL\u0130YORUZ\u201d<\/b><\/p>\n<p>Kar\u015f\u0131yaka Belediye Ba\u015fkan\u0131 Y\u0131ld\u0131z \u00dcnsal, \u201cK\u00fclt\u00fcr ve sanat\u0131 Kar\u015f\u0131yaka\u2019n\u0131n her k\u00f6\u015fesine ula\u015ft\u0131rmak i\u00e7in \u00e7al\u0131\u015f\u0131yoruz. Oldies M\u00fczik Festivali ile hem ge\u00e7mi\u015fin unutulmaz t\u0131n\u0131lar\u0131n\u0131 canland\u0131r\u0131yor hem de her ya\u015ftan vatanda\u015f\u0131m\u0131z\u0131 ortak bir paydada bulu\u015fturuyoruz. Be\u015f g\u00fcn boyunca s\u00fcrecek olan etkinliklerimizde, 60\u2019lardan 90\u2019lara kadar uzanan nostalji r\u00fczg\u00e2r\u0131na hep birlikte ortak olaca\u011f\u0131z. T\u00fcm m\u00fczik tutkunlar\u0131n\u0131 Z\u00fcht\u00fc I\u015f\u0131l Meydan\u0131\u2019na bekliyoruz\u201d diye konu\u015ftu.<\/p>\n<p>\u00a0<\/p>\n<p>Kaynak: (BYZHA) Beyaz Haber Ajans\u0131<\/p>\n","protected":false},"excerpt":{"rendered":"<p>Kar\u015f\u0131yaka Belediyesi, 15-19 Nisan tarihleri aras\u0131nda sanatseverleri \u2018Oldies M\u00fczik Festivali\u2019 ile bulu\u015fturacak.<\/p>\n","protected":false},"author":1,"featured_media":10320,"comment_status":"open","ping_status":"open","sticky":false,"template":"","format":"standard","meta":{"footnotes":""},"categories":[24],"tags":[],"class_list":["post-10319","post","type-post","status-publish","format-standard","has-post-thumbnail","hentry","category-kultur-sanat"],"_links":{"self":[{"href":"https:\/\/akdenizolay.com.tr\/index.php\/wp-json\/wp\/v2\/posts\/10319","targetHints":{"allow":["GET"]}}],"collection":[{"href":"https:\/\/akdenizolay.com.tr\/index.php\/wp-json\/wp\/v2\/posts"}],"about":[{"href":"https:\/\/akdenizolay.com.tr\/index.php\/wp-json\/wp\/v2\/types\/post"}],"author":[{"embeddable":true,"href":"https:\/\/akdenizolay.com.tr\/index.php\/wp-json\/wp\/v2\/users\/1"}],"replies":[{"embeddable":true,"href":"https:\/\/akdenizolay.com.tr\/index.php\/wp-json\/wp\/v2\/comments?post=10319"}],"version-history":[{"count":1,"href":"https:\/\/akdenizolay.com.tr\/index.php\/wp-json\/wp\/v2\/posts\/10319\/revisions"}],"predecessor-version":[{"id":10321,"href":"https:\/\/akdenizolay.com.tr\/index.php\/wp-json\/wp\/v2\/posts\/10319\/revisions\/10321"}],"wp:featuredmedia":[{"embeddable":true,"href":"https:\/\/akdenizolay.com.tr\/index.php\/wp-json\/wp\/v2\/media\/10320"}],"wp:attachment":[{"href":"https:\/\/akdenizolay.com.tr\/index.php\/wp-json\/wp\/v2\/media?parent=10319"}],"wp:term":[{"taxonomy":"category","embeddable":true,"href":"https:\/\/akdenizolay.com.tr\/index.php\/wp-json\/wp\/v2\/categories?post=10319"},{"taxonomy":"post_tag","embeddable":true,"href":"https:\/\/akdenizolay.com.tr\/index.php\/wp-json\/wp\/v2\/tags?post=10319"}],"curies":[{"name":"wp","href":"https:\/\/api.w.org\/{rel}","templated":true}]}}