{"id":10331,"date":"2026-04-14T11:00:07","date_gmt":"2026-04-14T11:00:07","guid":{"rendered":"https:\/\/akdenizolay.com.tr\/index.php\/2026\/04\/14\/narista-hayat-17-nisanda-aciliyor\/"},"modified":"2026-04-14T11:00:08","modified_gmt":"2026-04-14T11:00:08","slug":"narista-hayat-17-nisanda-aciliyor","status":"publish","type":"post","link":"https:\/\/akdenizolay.com.tr\/index.php\/2026\/04\/14\/narista-hayat-17-nisanda-aciliyor\/","title":{"rendered":"Narista Hayat, 17 Nisan\u2019da A\u00e7\u0131l\u0131yor"},"content":{"rendered":"<p> <b><i>Narl\u0131dere Belediyesi, \u00e7ok sevilen sosyal tesisi Narista\u2019n\u0131n yeni \u015fubesi olacak Narista Hayat\u2019\u0131 17 Nisan Cuma g\u00fcn\u00fc Tarihi Yukar\u0131k\u00f6y\u2019de a\u00e7\u0131yor. Narl\u0131dere Belediye Ba\u015fkan\u0131 Erman Uzun, \u201cNarista Hayat, ad\u0131na yak\u0131\u015f\u0131r \u015fekilde Yukar\u0131k\u00f6y\u2019e hayat verecek. \u00d6zellikle gen\u00e7lerin yeni g\u00f6zdesi olacak Narista Hayat\u2019\u0131n a\u00e7\u0131l\u0131\u015f\u0131na t\u00fcm vatanda\u015flar\u0131m\u0131z\u0131 bekliyoruz\u201d diye konu\u015ftu<\/i><\/b><\/p>\n<p>Narl\u0131dere Belediyesi, Ba\u015fkan Erman Uzun\u2019un g\u00f6reve gelmesiyle hayata ge\u00e7irdi\u011fi \u2018toplumcu belediyecilik\u2019 uygulamalar\u0131na bir yenisini daha ekliyor. Kent ya\u015fam\u0131na sosyal adaleti b\u00fcy\u00fcten, nitelikli, uygun fiyatl\u0131 ve samimi alanlar kazand\u0131ran Narl\u0131dere Belediyesi, \u00e7ok sevilen Narista Kahve B\u00fcfeleri\u2019nin yeni ve en \u015f\u0131k halkas\u0131 olan Narista Hayat\u2019\u0131 17 Nisan Cuma g\u00fcn\u00fc Tarihi Yukar\u0131k\u00f6y\u2019de a\u00e7maya haz\u0131rlan\u0131yor.<\/p>\n<p><b>GEN\u00c7LER\u0130N G\u00d6ZDES\u0130 OLACAK<\/b><\/p>\n<p>Narista Sahilevleri ve Narista Park Orman\u2019dan daha farkl\u0131 bir konseptte hizmet verecek olan Narista Hayat, Narl\u0131dere\u2019nin tarihi kalbi olan Yukar\u0131k\u00f6y\u2019e yeni bir soluk getirecek. Yukar\u0131k\u00f6y\u2019\u00fcn s\u0131cak dokusunu kahve kokusuyla harmanlayacak olan Narista Hayat, \u00f6zellikle gen\u00e7lerin yeni g\u00f6zdesi olacak. Yukar\u0131k\u00f6y\u2019\u00fcn tarihi dokusunu bozmayan, aksine onu \u00f6ne \u00e7\u0131karan \u015f\u0131k ve modern i\u00e7 mimarisiyle hizmet verecek olacak Narista Hayat, nitelikli kahve \u00fcr\u00fcnlerini, zincir kahve b\u00fcfelerinin neredeyse yar\u0131 fiyat\u0131na \u0130zmirliler ile bulu\u015fturacak.<\/p>\n<p><b>BA\u015eKAN ERMAN UZUN\u2019DAN DAVET<\/b><\/p>\n<p>Narl\u0131dere Belediye Ba\u015fkan\u0131 Erman Uzun, Narista Hayat\u2019\u0131n Tarihi Yukar\u0131k\u00f6y\u2019\u00fcn ruhuna uygun ve her ya\u015ftan vatanda\u015f\u0131n sosyalle\u015febilece\u011fi bir sosyal tesis olarak hizmet verece\u011fini ifade ederek, \u201cNarista Hayat, ad\u0131na yak\u0131\u015f\u0131r \u015fekilde Yukar\u0131k\u00f6y\u2019e hayat verecek. B\u00f6lgenin tarihi dokusuna sahip \u00e7\u0131kan yap\u0131s\u0131yla, Yukar\u0131k\u00f6y\u2019\u00fcn turizm potansiyeline de katk\u0131 sa\u011flayacak. Narista Hayat\u2019\u0131n da Emekliler Lokallerimiz, Narista Kahve B\u00fcfelerimiz ve Kent Lokantam\u0131zda oldu\u011fu gibi kom\u015fular\u0131m\u0131z\u0131n ve t\u00fcm \u0130zmirlilerin sahiplendi\u011fi, toplumun her kesimi taraf\u0131ndan \u00e7ok sevilen bir alan olarak hizmet verece\u011fine inan\u0131yoruz. \u00d6zellikle gen\u00e7lerin yeni g\u00f6zdesi olacak Narista Hayat\u2019\u0131n a\u00e7\u0131l\u0131\u015f\u0131na t\u00fcm vatanda\u015flar\u0131m\u0131z\u0131 bekliyoruz\u201d diye konu\u015ftu.<\/p>\n<p>\u00a0<\/p>\n<p>\u00a0<\/p>\n<p>Kaynak: (BYZHA) Beyaz Haber Ajans\u0131<\/p>\n","protected":false},"excerpt":{"rendered":"<p>Narl\u0131dere Belediyesi, \u00e7ok sevilen sosyal tesisi Narista\u2019n\u0131n yeni \u015fubesi olacak Narista Hayat\u2019\u0131 17 Nisan Cuma g\u00fcn\u00fc Tarihi Yukar\u0131k\u00f6y\u2019de a\u00e7\u0131yor.<\/p>\n","protected":false},"author":1,"featured_media":10332,"comment_status":"open","ping_status":"open","sticky":false,"template":"","format":"standard","meta":{"footnotes":""},"categories":[24],"tags":[],"class_list":["post-10331","post","type-post","status-publish","format-standard","has-post-thumbnail","hentry","category-kultur-sanat"],"_links":{"self":[{"href":"https:\/\/akdenizolay.com.tr\/index.php\/wp-json\/wp\/v2\/posts\/10331","targetHints":{"allow":["GET"]}}],"collection":[{"href":"https:\/\/akdenizolay.com.tr\/index.php\/wp-json\/wp\/v2\/posts"}],"about":[{"href":"https:\/\/akdenizolay.com.tr\/index.php\/wp-json\/wp\/v2\/types\/post"}],"author":[{"embeddable":true,"href":"https:\/\/akdenizolay.com.tr\/index.php\/wp-json\/wp\/v2\/users\/1"}],"replies":[{"embeddable":true,"href":"https:\/\/akdenizolay.com.tr\/index.php\/wp-json\/wp\/v2\/comments?post=10331"}],"version-history":[{"count":1,"href":"https:\/\/akdenizolay.com.tr\/index.php\/wp-json\/wp\/v2\/posts\/10331\/revisions"}],"predecessor-version":[{"id":10333,"href":"https:\/\/akdenizolay.com.tr\/index.php\/wp-json\/wp\/v2\/posts\/10331\/revisions\/10333"}],"wp:featuredmedia":[{"embeddable":true,"href":"https:\/\/akdenizolay.com.tr\/index.php\/wp-json\/wp\/v2\/media\/10332"}],"wp:attachment":[{"href":"https:\/\/akdenizolay.com.tr\/index.php\/wp-json\/wp\/v2\/media?parent=10331"}],"wp:term":[{"taxonomy":"category","embeddable":true,"href":"https:\/\/akdenizolay.com.tr\/index.php\/wp-json\/wp\/v2\/categories?post=10331"},{"taxonomy":"post_tag","embeddable":true,"href":"https:\/\/akdenizolay.com.tr\/index.php\/wp-json\/wp\/v2\/tags?post=10331"}],"curies":[{"name":"wp","href":"https:\/\/api.w.org\/{rel}","templated":true}]}}