{"id":10340,"date":"2026-04-14T11:11:46","date_gmt":"2026-04-14T11:11:46","guid":{"rendered":"https:\/\/akdenizolay.com.tr\/index.php\/2026\/04\/14\/bucanin-cehresini-degistirecek-dev-plan-buyuksehir-meclisinden-gecti\/"},"modified":"2026-04-14T11:11:46","modified_gmt":"2026-04-14T11:11:46","slug":"bucanin-cehresini-degistirecek-dev-plan-buyuksehir-meclisinden-gecti","status":"publish","type":"post","link":"https:\/\/akdenizolay.com.tr\/index.php\/2026\/04\/14\/bucanin-cehresini-degistirecek-dev-plan-buyuksehir-meclisinden-gecti\/","title":{"rendered":"Buca\u2019n\u0131n \u00e7ehresini de\u011fi\u015ftirecek dev plan B\u00fcy\u00fck\u015fehir Meclisi\u2019nden ge\u00e7ti"},"content":{"rendered":"<p> Buca\u2019n\u0131n 18 mahallesini kapsayan dev kentsel d\u00f6n\u00fc\u015f\u00fcm plan\u0131 \u0130zmir B\u00fcy\u00fck\u015fehir Belediye Meclisi\u2019nden vize ald\u0131. Kentin \u00e7ehresini de\u011fi\u015ftirecek bir vizyonun ilk ad\u0131m\u0131n\u0131n at\u0131ld\u0131\u011f\u0131n\u0131 belirten Buca Belediye Ba\u015fkan\u0131 Mimar G\u00f6rkem Duman, \u201cBin 305 hektar alan\u0131 d\u00f6n\u00fc\u015ft\u00fcrecek plan kentimize hay\u0131rl\u0131 olsun\u201d dedi.\u00a0<\/p>\n<p>Buca\u2019n\u0131n gelece\u011fini \u015fekillendirecek 1\/25.000 \u00f6l\u00e7ekli \u00c7evre D\u00fczeni Plan\u0131 De\u011fi\u015fikli\u011fi, \u0130zmir B\u00fcy\u00fck\u015fehir Belediye Meclisi\u2019nde kabul edildi. 18 mahalleyi ve yakla\u015f\u0131k bin 305 hektarl\u0131k alan\u0131 kapsayan plan, il\u00e7ede uzun y\u0131llard\u0131r konu\u015fulan d\u00f6n\u00fc\u015f\u00fcm s\u00fcrecini resmen ba\u015flatt\u0131. Buca,\u00a0 ula\u015f\u0131m\u0131ndan kent dokusuna, ya\u015fam alanlar\u0131ndan altyap\u0131s\u0131na kadar kapsaml\u0131 bir d\u00f6n\u00fc\u015f\u00fcmden ge\u00e7ecek.<\/p>\n<p>50 YILLIK GELECE\u011e\u0130 \u0130N\u015eA EDECEK<\/p>\n<p>Plan\u0131n hayata ge\u00e7mesiyle birlikte Buca\u2019n\u0131n yeni bir kimlik kazanaca\u011f\u0131n\u0131 belirten Buca Belediye Ba\u015fkan\u0131 G\u00f6rkem Duman, s\u00f6z konusu plan\u0131, il\u00e7enin 50 y\u0131ll\u0131k gelece\u011fini in\u015fa edecek bir vizyon projesi olarak g\u00f6rd\u00fcklerini s\u00f6yledi.\u00a0 Ba\u015fkan G\u00f6rkem Duman , \u201cPlan, Buca\u2019ya 60 metrelik geni\u015f bulvarlar ile nefes alan bir ula\u015f\u0131m a\u011f\u0131 ve stratejik noktalarda in\u015fa edilecek b\u00fcy\u00fck kav\u015faklar kazand\u0131racak. Buca Belediyesi olarak, bu s\u00fcreci en h\u0131zl\u0131 ve verimli \u015fekilde y\u00f6netmek ad\u0131na Kentsel D\u00f6n\u00fc\u015f\u00fcm M\u00fcd\u00fcrl\u00fc\u011f\u00fcm\u00fcz\u00fc kurduk. \u0130l\u00e7emizi modern, g\u00fcvenli ve estetik bir kimli\u011fe kavu\u015fturmak i\u00e7in hi\u00e7 vakit kaybetmeden \u00e7al\u0131\u015fmalara ba\u015flayaca\u011f\u0131z. Bu b\u00fcy\u00fck kararda eme\u011fi ge\u00e7en ba\u015fta \u0130zmir B\u00fcy\u00fck\u015fehir Belediye Ba\u015fkan\u0131m\u0131z Say\u0131n Cemil Tugay olmak \u00fczere, de\u011ferli b\u00fcrokratlar\u0131m\u0131za, imar komisyonu \u00fcyelerimize ve meclis \u00fcyelerimize te\u015fekk\u00fcr ederim. Buca\u2019m\u0131za ve \u0130zmir\u2019imize hay\u0131rl\u0131, u\u011furlu olsun\u201d diye konu\u015ftu.<\/p>\n<p>60 METREL\u0130K YEN\u0130 BULVAR<\/p>\n<p>Plan kapsam\u0131nda \u0130zmir \u00c7evre Yolu\u2019ndan ba\u015flayarak kuzeye uzanacak 60 metrelik yeni bulvar, Gazeteci Yazar \u0130smail Sivri Bulvar\u0131\u2019na ba\u011flanacak. Yeni ula\u015f\u0131m aks\u0131n\u0131n \u00f6zellikle \u00dc\u00e7kuyular Meydan\u0131 \u00e7evresindeki yo\u011funlu\u011fu azaltmas\u0131, kent i\u00e7i trafik ak\u0131\u015f\u0131n\u0131 rahatlatmas\u0131 ve alternatif bir omurga olu\u015fturmas\u0131 hedefleniyor.<\/p>\n<p>Ula\u015f\u0131m sisteminin yaln\u0131zca karayolu ile s\u0131n\u0131rl\u0131 kalmayaca\u011f\u0131, Buca Metrosu, bisiklet yollar\u0131 ve toplu ta\u015f\u0131ma hatlar\u0131yla entegre bir yap\u0131ya kavu\u015fturulaca\u011f\u0131 belirtildi.<\/p>\n<p>MODERN VE D\u0130REN\u00c7L\u0130 B\u0130R KENT<\/p>\n<p>\u00d6te yandan, Buca\u2019n\u0131n deprem ve afetlere dayan\u0131kl\u0131 bir yap\u0131 stokuna kavu\u015fmas\u0131n\u0131 sa\u011flamas\u0131 hedeflenen planla il\u00e7e sosyal ya\u015fam\u0131 canland\u0131racak ticaret alanlar\u0131, geni\u015f ref\u00fcjler, cep otoparklar\u0131 ve kentsel donat\u0131 alanlar\u0131 kazanacak. Plan, Buca\u2019ya ba\u011fl\u0131 toplam 47 mahallenin 14\u2019\u00fcn\u00fc tamamen (Buca Koop, \u00c7aml\u0131p\u0131nar, Mustafa Kemal, \u0130n\u00f6n\u00fc, Kuru\u00e7e\u015fme, Y\u0131ld\u0131z, \u00c7aml\u0131kule, Ye\u015filba\u011flar, G\u00f6ksu, Yenig\u00fcn, F\u0131rat, Atat\u00fcrk, Koza\u011fa\u00e7 ve Efeler) ve 4 mahallenin bir k\u0131sm\u0131n\u0131 (\u0130nk\u0131lap, Vali Rahmi Bey, Dumlup\u0131nar ve Adatepe) kaps\u0131yor.<\/p>\n<p>\u00a0<\/p>\n<p>Kaynak: (BYZHA) Beyaz Haber Ajans\u0131<\/p>\n","protected":false},"excerpt":{"rendered":"<p>Buca\u2019n\u0131n 18 mahallesini kapsayan dev kentsel d\u00f6n\u00fc\u015f\u00fcm plan\u0131 \u0130zmir B\u00fcy\u00fck\u015fehir Belediye Meclisi\u2019nden vize ald\u0131.<\/p>\n","protected":false},"author":1,"featured_media":10341,"comment_status":"open","ping_status":"open","sticky":false,"template":"","format":"standard","meta":{"footnotes":""},"categories":[20],"tags":[],"class_list":["post-10340","post","type-post","status-publish","format-standard","has-post-thumbnail","hentry","category-gundem"],"_links":{"self":[{"href":"https:\/\/akdenizolay.com.tr\/index.php\/wp-json\/wp\/v2\/posts\/10340","targetHints":{"allow":["GET"]}}],"collection":[{"href":"https:\/\/akdenizolay.com.tr\/index.php\/wp-json\/wp\/v2\/posts"}],"about":[{"href":"https:\/\/akdenizolay.com.tr\/index.php\/wp-json\/wp\/v2\/types\/post"}],"author":[{"embeddable":true,"href":"https:\/\/akdenizolay.com.tr\/index.php\/wp-json\/wp\/v2\/users\/1"}],"replies":[{"embeddable":true,"href":"https:\/\/akdenizolay.com.tr\/index.php\/wp-json\/wp\/v2\/comments?post=10340"}],"version-history":[{"count":1,"href":"https:\/\/akdenizolay.com.tr\/index.php\/wp-json\/wp\/v2\/posts\/10340\/revisions"}],"predecessor-version":[{"id":10342,"href":"https:\/\/akdenizolay.com.tr\/index.php\/wp-json\/wp\/v2\/posts\/10340\/revisions\/10342"}],"wp:featuredmedia":[{"embeddable":true,"href":"https:\/\/akdenizolay.com.tr\/index.php\/wp-json\/wp\/v2\/media\/10341"}],"wp:attachment":[{"href":"https:\/\/akdenizolay.com.tr\/index.php\/wp-json\/wp\/v2\/media?parent=10340"}],"wp:term":[{"taxonomy":"category","embeddable":true,"href":"https:\/\/akdenizolay.com.tr\/index.php\/wp-json\/wp\/v2\/categories?post=10340"},{"taxonomy":"post_tag","embeddable":true,"href":"https:\/\/akdenizolay.com.tr\/index.php\/wp-json\/wp\/v2\/tags?post=10340"}],"curies":[{"name":"wp","href":"https:\/\/api.w.org\/{rel}","templated":true}]}}