{"id":10352,"date":"2026-04-14T11:40:45","date_gmt":"2026-04-14T11:40:45","guid":{"rendered":"https:\/\/akdenizolay.com.tr\/index.php\/2026\/04\/14\/osmangazi-belediyesinden-cocuklara-yerel-yonetim-bilinci\/"},"modified":"2026-04-14T11:40:46","modified_gmt":"2026-04-14T11:40:46","slug":"osmangazi-belediyesinden-cocuklara-yerel-yonetim-bilinci","status":"publish","type":"post","link":"https:\/\/akdenizolay.com.tr\/index.php\/2026\/04\/14\/osmangazi-belediyesinden-cocuklara-yerel-yonetim-bilinci\/","title":{"rendered":"Osmangazi Belediyesi\u2019nden \u00c7ocuklara Yerel Y\u00f6netim Bilinci"},"content":{"rendered":"<p> <span style=\"font-size:12pt\"><span style=\",serif\"><span style=\"font-size:11.0pt\"><span style=\",serif\">Osmangazi Belediyesi Meclis Salonu\u2019nda a\u011f\u0131rlanan ilk\u00f6\u011fretim \u00f6\u011frencileri, ziyaret\u00e7i meclisi uygulamas\u0131yla yerel y\u00f6netim s\u00fcre\u00e7lerini uygulamal\u0131 olarak deneyimledi. K\u00fc\u00e7\u00fck ya\u015fta demokrasi k\u00fclt\u00fcr\u00fcyle tan\u0131\u015fan \u00e7ocuklar, Osmangazi i\u00e7in fikir \u00fcreterek hem \u00f6\u011frendi, hem de e\u011flendi.<\/span><\/span><\/span><\/span><\/p>\n<p><span style=\"font-size:12pt\"><span style=\",serif\"><span style=\"font-size:11.0pt\"><span style=\",serif\">Osmangazi Belediyesi, \u00e7ocuklara ve e\u011fitime verdi\u011fi \u00f6nemi bir kez daha ortaya koyan anlaml\u0131 bir etkinli\u011fe imza att\u0131. Her ay il\u00e7eye dair \u00f6nemli kararlar\u0131n al\u0131nd\u0131\u011f\u0131 Osmangazi Belediyesi Meclis Salonu, bu kez ilk\u00f6\u011fretim \u00f6\u011frencilerini a\u011f\u0131rlayarak adeta gelece\u011fin y\u00f6neticilerine ev sahipli\u011fi yapt\u0131. \u201cYerel Y\u00f6netimler\u201d dersleri kapsam\u0131nda Osmangazi Belediyesi\u2019ni ziyaret eden 3. s\u0131n\u0131f \u00f6\u011frencileri, belediyenin i\u015fleyi\u015fini yerinde ve uygulamal\u0131 olarak \u00f6\u011frenme f\u0131rsat\u0131 buldu. <\/span><\/span><\/span><\/span><\/p>\n<p><span style=\"font-size:12pt\"><span style=\",serif\"><span style=\"font-size:11.0pt\"><span style=\",serif\">Meclis salonunda ger\u00e7ekle\u015ftirilen etkinlikte, \u00e7ocuklara belediyenin g\u00f6revleri, sorumluluklar\u0131 ve karar alma s\u00fcre\u00e7leri E\u011fitmen Serkan Y\u0131lmaz\u2019\u0131n rehberli\u011finde detayl\u0131 bir \u015fekilde anlat\u0131ld\u0131. Programda \u00f6\u011frenciler, teorik bilgilerin \u00f6tesine ge\u00e7erek yerel y\u00f6netim mekanizmas\u0131n\u0131 deneyimleme \u015fans\u0131n\u0131 yakalad\u0131.<\/span><\/span><\/span><\/span><\/p>\n<p><span style=\"font-size:12pt\"><span style=\",serif\"><b><span style=\"font-size:11.0pt\"><span style=\",serif\">Hem E\u011flendiler Hem \u00d6\u011frendiler<\/span><\/span><\/b><\/span><\/span><\/p>\n<p><span style=\"font-size:12pt\"><span style=\",serif\"><span style=\"font-size:11.0pt\"><span style=\",serif\">Ziyaretin en dikkat \u00e7ekici b\u00f6l\u00fcm\u00fc \u00e7ocuklar\u0131n kendi meclislerini kurdu\u011fu \u201cziyaret\u00e7i meclisi\u201d uygulamas\u0131 oldu. Meclis d\u00fczeninde oturan 30 \u00f6\u011frenci, aralar\u0131ndan bir ba\u015fkan se\u00e7erek Osmangazi il\u00e7esi i\u00e7in fikir ve \u00f6nerilerini tart\u0131\u015fmaya a\u00e7t\u0131. K\u00fc\u00e7\u00fck ya\u015flar\u0131na ra\u011fmen ortaya koyduklar\u0131 \u00e7\u00f6z\u00fcm odakl\u0131 d\u00fc\u015f\u00fcnceler ve toplumsal duyarl\u0131l\u0131klar\u0131yla dikkat \u00e7eken \u00f6\u011frenciler, demokratik s\u00fcre\u00e7leri deneyimledi. <\/span><\/span><\/span><\/span><\/p>\n<p><span style=\"font-size:12pt\"><span style=\",serif\"><span style=\"font-size:11.0pt\"><span style=\",serif\">\u00d6\u011frencilerden Ceren Su Yar\u015f\u0131, belediyenin temizlik ve park hizmetlerine dikkat \u00e7ekerek \u201c\u00c7\u00f6plerimizi topluyoruz, parklar\u0131 yap\u0131yoruz\u201d derken, H\u00fcma \u00d6zdemir ise \u00e7evre bilincine vurgu yaparak \u201cAt\u0131k pil kutular\u0131n\u0131, parklar\u0131 ve \u00e7evreyi ye\u015fillendirmeyi, yang\u0131nlar\u0131 s\u00f6nd\u00fcrmeye yard\u0131mc\u0131 olduklar\u0131n\u0131 \u00f6\u011frendik\u201d \u015feklinde konu\u015ftu.<\/span><\/span><\/span><\/span><\/p>\n<p><span style=\"font-size:12pt\"><span style=\",serif\"><b><span style=\"font-size:11.0pt\"><span style=\",serif\">\u201cDaha Fazla Park Yapmay\u0131 Planl\u0131yorum\u201d<\/span><\/span><\/b><\/span><\/span><\/p>\n<p><span style=\"font-size:12pt\"><span style=\",serif\"><span style=\"font-size:11.0pt\"><span style=\",serif\">Mecliste ba\u015fkan se\u00e7ilen 9 ya\u015f\u0131ndaki Amine \u00d6zbay da, yapt\u0131\u011f\u0131 konu\u015fmada \u00e7evre, \u015fehircilik ve sosyal yard\u0131m konular\u0131na de\u011finerek, \u201cDaha fazla a\u011fa\u00e7 dikmek, ihtiyac\u0131 olanlara yard\u0131m etmek istiyorum. Bursa\u2019da sigaray\u0131 yasaklayabilirim. Daha fazla park yapmay\u0131 planl\u0131yorum. \u00c7\u00fcnk\u00fc park demek \u00e7ocuklar\u0131n e\u011flenmesi demek\u201d ifadelerini kulland\u0131.<\/span><\/span><\/span><\/span><\/p>\n<p><span style=\"font-size:12pt\"><span style=\",serif\"><b><span style=\"font-size:11.0pt\"><span style=\",serif\">Ama\u00e7 Kurumlar\u0131 Tan\u0131tarak Yar\u0131nlara Haz\u0131rlamak<\/span><\/span><\/b><\/span><\/span><\/p>\n<p><span style=\"font-size:12pt\"><span style=\",serif\"><span style=\"font-size:11.0pt\"><span style=\",serif\">E\u011fitmen Serkan Y\u0131lmaz ise etkinli\u011fin amac\u0131na ili\u015fkin yapt\u0131\u011f\u0131 a\u00e7\u0131klamada, \u00f6\u011frencilerin derslerde \u00f6\u011frendikleri bilgileri sahada peki\u015ftirmelerinin \u00f6nemine dikkat \u00e7ekti. Y\u0131lmaz, \u201c3. s\u0131n\u0131f \u00f6\u011frencilerimizin yerel y\u00f6netimler dersleri var. Belediyeler ve muhtarl\u0131klar gibi kendilerine hizmet eden kurumlar\u0131 tan\u0131yorlar. Bu kapsamda belediyemize misafir olarak gelerek hem ya\u015fayarak deneyim kazan\u0131yor hem de kurumun fiziki ortamlar\u0131n\u0131 yak\u0131ndan g\u00f6r\u00fcyorlar. Ayr\u0131ca \u2018ziyaret\u00e7i meclisi\u2019 ad\u0131n\u0131 verdi\u011fimiz etkinlikte, ba\u015fkan ve meclis \u00fcyeleri rol\u00fcn\u00fc \u00fcstlenerek Osmangazi ad\u0131na fikirler \u00fcretiyor ve bu fikirleri oylamaya sunuyorlar. Amac\u0131m\u0131z; \u00e7ocuklar\u0131m\u0131z\u0131n kurumlar\u0131n ne i\u015fe yarad\u0131\u011f\u0131n\u0131, i\u015fleyi\u015fin nas\u0131l oldu\u011funu \u00f6\u011frenmeleri, belediyelerin yapt\u0131\u011f\u0131 \u00e7al\u0131\u015fmalar\u0131 tan\u0131malar\u0131 ve ileride hayatlar\u0131na y\u00f6n verirken bu deneyimlerden faydalanmalar\u0131d\u0131r\u201d \u015feklinde bilgi verdi.<\/span><\/span><\/span><\/span><\/p>\n<p><span style=\"font-size:12pt\"><span style=\",serif\"><span style=\"font-size:11.0pt\"><span style=\",serif\">Osmangazi Belediyesi\u2019nin bu t\u00fcr e\u011fitim odakl\u0131 etkinlikleri, \u00e7ocuklar\u0131n erken ya\u015fta toplumsal sorumluluk bilinci kazanmas\u0131na, yerel y\u00f6netimlerin rol\u00fcn\u00fc anlamas\u0131na ve demokratik kat\u0131l\u0131m k\u00fclt\u00fcr\u00fcyle tan\u0131\u015fmas\u0131na \u00f6nemli katk\u0131 sunuyor.<\/span><\/span><\/span><\/span><\/p>\n<p>\u00a0<\/p>\n<p>Kaynak: (BYZHA) Beyaz Haber Ajans\u0131<\/p>\n","protected":false},"excerpt":{"rendered":"<p>Osmangazi Belediyesi Meclis Salonu\u2019nda a\u011f\u0131rlanan ilk\u00f6\u011fretim \u00f6\u011frencileri, ziyaret\u00e7i meclisi uygulamas\u0131yla yerel y\u00f6netim s\u00fcre\u00e7lerini uygulamal\u0131 olarak deneyimledi.<\/p>\n","protected":false},"author":1,"featured_media":10353,"comment_status":"open","ping_status":"open","sticky":false,"template":"","format":"standard","meta":{"footnotes":""},"categories":[20],"tags":[],"class_list":["post-10352","post","type-post","status-publish","format-standard","has-post-thumbnail","hentry","category-gundem"],"_links":{"self":[{"href":"https:\/\/akdenizolay.com.tr\/index.php\/wp-json\/wp\/v2\/posts\/10352","targetHints":{"allow":["GET"]}}],"collection":[{"href":"https:\/\/akdenizolay.com.tr\/index.php\/wp-json\/wp\/v2\/posts"}],"about":[{"href":"https:\/\/akdenizolay.com.tr\/index.php\/wp-json\/wp\/v2\/types\/post"}],"author":[{"embeddable":true,"href":"https:\/\/akdenizolay.com.tr\/index.php\/wp-json\/wp\/v2\/users\/1"}],"replies":[{"embeddable":true,"href":"https:\/\/akdenizolay.com.tr\/index.php\/wp-json\/wp\/v2\/comments?post=10352"}],"version-history":[{"count":1,"href":"https:\/\/akdenizolay.com.tr\/index.php\/wp-json\/wp\/v2\/posts\/10352\/revisions"}],"predecessor-version":[{"id":10354,"href":"https:\/\/akdenizolay.com.tr\/index.php\/wp-json\/wp\/v2\/posts\/10352\/revisions\/10354"}],"wp:featuredmedia":[{"embeddable":true,"href":"https:\/\/akdenizolay.com.tr\/index.php\/wp-json\/wp\/v2\/media\/10353"}],"wp:attachment":[{"href":"https:\/\/akdenizolay.com.tr\/index.php\/wp-json\/wp\/v2\/media?parent=10352"}],"wp:term":[{"taxonomy":"category","embeddable":true,"href":"https:\/\/akdenizolay.com.tr\/index.php\/wp-json\/wp\/v2\/categories?post=10352"},{"taxonomy":"post_tag","embeddable":true,"href":"https:\/\/akdenizolay.com.tr\/index.php\/wp-json\/wp\/v2\/tags?post=10352"}],"curies":[{"name":"wp","href":"https:\/\/api.w.org\/{rel}","templated":true}]}}