{"id":13223,"date":"2026-04-26T20:48:38","date_gmt":"2026-04-26T20:48:38","guid":{"rendered":"https:\/\/akdenizolay.com.tr\/index.php\/2026\/04\/26\/canik-belediyesi-kapi-kapi-gonullere-ulasiyor\/"},"modified":"2026-04-26T20:48:39","modified_gmt":"2026-04-26T20:48:39","slug":"canik-belediyesi-kapi-kapi-gonullere-ulasiyor","status":"publish","type":"post","link":"https:\/\/akdenizolay.com.tr\/index.php\/2026\/04\/26\/canik-belediyesi-kapi-kapi-gonullere-ulasiyor\/","title":{"rendered":"Canik Belediyesi Kap\u0131 Kap\u0131 G\u00f6n\u00fcllere Ula\u015f\u0131yor\u00a0"},"content":{"rendered":"<p> <b>Canik Belediyesi, ihtiya\u00e7 sahibi ve dar gelirli aileler ile \u00f6zel gereksinimli bireylere y\u00f6nelik desteklerini kesintisiz bir \u015fekilde s\u00fcrd\u00fcr\u00fcyor.<\/b><\/p>\n<p>Canik Belediyesi, sosyal destek \u00e7al\u0131\u015fmalar\u0131na aral\u0131ks\u0131z bir \u015fekilde devam ediyor. \u0130l\u00e7edeki ihtiya\u00e7 sahibi ve dar gelirli aileler ile \u00f6zel gereksinimli bireyleri hi\u00e7bir zaman yaln\u0131z b\u0131rakmayan Canik Belediyesi, kap\u0131 kap\u0131, sokak sokak g\u00f6n\u00fcllere ula\u015f\u0131yor. Ailelere ve vatanda\u015flara ayni ve nakdi destekleri ula\u015ft\u0131rmay\u0131 s\u00fcrd\u00fcren Canik Belediyesi, il\u00e7ede dayan\u0131\u015fma ve birliktelik ruhuyla devam ettirdi\u011fi g\u00f6n\u00fcl seferberli\u011fiyle ayr\u0131ca ailelerin ve vatanda\u015flar\u0131n ihtiya\u00e7 takiplerini d\u00fczenli olarak ger\u00e7ekle\u015ftiriyor. &#8220;Canik&#8217;te g\u00f6n\u00fcllere ula\u015fmaya devam ediyoruz&#8221; diyen Canik Belediye Ba\u015fkan\u0131 \u0130brahim Sand\u0131k\u00e7\u0131, il\u00e7ede ihtiya\u00e7 sahibi ve dar gelirli aileler ile \u00f6zel gereksinimli vatanda\u015flar\u0131n ihtiya\u00e7lar\u0131n\u0131n tamam\u0131n\u0131 kendilerine ula\u015ft\u0131rmaya devam ettiklerini belirterek g\u00f6n\u00fcl belediyecili\u011fi esas\u0131yla \u00e7al\u0131\u015fmay\u0131 s\u00fcrd\u00fcrd\u00fcklerini s\u00f6yledi.\u00a0<\/p>\n<p><b>Canik&#8217;te Seferberlik<\/b><\/p>\n<p>Sosyal destek \u00e7al\u0131\u015fmalar\u0131 ile birlikte &#8216;\u00c7at Kap\u0131&#8217; uygulamas\u0131n\u0131n devam etti\u011fini de kaydeden Ba\u015fkan \u0130brahim Sand\u0131k\u00e7\u0131, &#8220;Canik&#8217;imizde ihtiya\u00e7 sahibi ve dar gelirli ailelerimiz ile \u00f6zel gereksinimli hem\u015fehrilerimize y\u00f6nelik desteklerimizi kesintisiz bir \u015fekilde s\u00fcrd\u00fcr\u00fcyoruz. \u0130htiya\u00e7 takiplerini ekiplerimizle birlikte d\u00fczenli olarak ger\u00e7ekle\u015ftiriyoruz. \u0130htiya\u00e7 sahibi ve dar gelirli ailelerimiz ile \u00f6zel gereksinimli hem\u015fehrilerimizin t\u00fcm ihtiya\u00e7lar\u0131n\u0131 haz\u0131r hale getiriyor ve kendilerine ula\u015ft\u0131r\u0131yoruz. \u00d6zel gereksinimli hem\u015fehrilerimize y\u00f6nelik ak\u00fcl\u00fc ve manuel tekerlekli sandalye deste\u011fimizi s\u00fcrd\u00fcr\u00fcyor, bu sandalyelerin periyodik bak\u0131m ve onar\u0131m i\u015flemlerini ger\u00e7ekle\u015ftirmeye devam ediyoruz. Ayr\u0131ca, \u00c7at Kap\u0131 program\u0131m\u0131zla da ekiplerimizle birlikte t\u00fcm hem\u015fehrilerimizi evlerinde ziyaret ederek isteklerini ve \u00f6nerilerini dikkatle dinliyoruz. Canik&#8217;te kap\u0131 kap\u0131 g\u00f6n\u00fcllere ula\u015f\u0131yor, seferberlik halinde \u00e7al\u0131\u015fmay\u0131 s\u00fcrd\u00fcr\u00fcyoruz&#8221; diye konu\u015ftu.\u00a0<\/p>\n<p>Kaynak: (BYZHA) Beyaz Haber Ajans\u0131<\/p>\n","protected":false},"excerpt":{"rendered":"<p>Canik Belediyesi, ihtiya\u00e7 sahibi ve dar gelirli aileler ile \u00f6zel gereksinimli bireylere y\u00f6nelik desteklerini kesintisiz bir \u015fekilde s\u00fcrd\u00fcr\u00fcyor.<\/p>\n","protected":false},"author":1,"featured_media":13224,"comment_status":"open","ping_status":"open","sticky":false,"template":"","format":"standard","meta":{"footnotes":""},"categories":[20],"tags":[],"class_list":["post-13223","post","type-post","status-publish","format-standard","has-post-thumbnail","hentry","category-gundem"],"_links":{"self":[{"href":"https:\/\/akdenizolay.com.tr\/index.php\/wp-json\/wp\/v2\/posts\/13223","targetHints":{"allow":["GET"]}}],"collection":[{"href":"https:\/\/akdenizolay.com.tr\/index.php\/wp-json\/wp\/v2\/posts"}],"about":[{"href":"https:\/\/akdenizolay.com.tr\/index.php\/wp-json\/wp\/v2\/types\/post"}],"author":[{"embeddable":true,"href":"https:\/\/akdenizolay.com.tr\/index.php\/wp-json\/wp\/v2\/users\/1"}],"replies":[{"embeddable":true,"href":"https:\/\/akdenizolay.com.tr\/index.php\/wp-json\/wp\/v2\/comments?post=13223"}],"version-history":[{"count":1,"href":"https:\/\/akdenizolay.com.tr\/index.php\/wp-json\/wp\/v2\/posts\/13223\/revisions"}],"predecessor-version":[{"id":13225,"href":"https:\/\/akdenizolay.com.tr\/index.php\/wp-json\/wp\/v2\/posts\/13223\/revisions\/13225"}],"wp:featuredmedia":[{"embeddable":true,"href":"https:\/\/akdenizolay.com.tr\/index.php\/wp-json\/wp\/v2\/media\/13224"}],"wp:attachment":[{"href":"https:\/\/akdenizolay.com.tr\/index.php\/wp-json\/wp\/v2\/media?parent=13223"}],"wp:term":[{"taxonomy":"category","embeddable":true,"href":"https:\/\/akdenizolay.com.tr\/index.php\/wp-json\/wp\/v2\/categories?post=13223"},{"taxonomy":"post_tag","embeddable":true,"href":"https:\/\/akdenizolay.com.tr\/index.php\/wp-json\/wp\/v2\/tags?post=13223"}],"curies":[{"name":"wp","href":"https:\/\/api.w.org\/{rel}","templated":true}]}}