{"id":13232,"date":"2026-04-26T20:58:18","date_gmt":"2026-04-26T20:58:18","guid":{"rendered":"https:\/\/akdenizolay.com.tr\/index.php\/2026\/04\/26\/alacati-ot-festivalinde-yogun-cumartesi-soylesiler-gastronomi-ve-buyuk-ilgi\/"},"modified":"2026-04-26T20:58:19","modified_gmt":"2026-04-26T20:58:19","slug":"alacati-ot-festivalinde-yogun-cumartesi-soylesiler-gastronomi-ve-buyuk-ilgi","status":"publish","type":"post","link":"https:\/\/akdenizolay.com.tr\/index.php\/2026\/04\/26\/alacati-ot-festivalinde-yogun-cumartesi-soylesiler-gastronomi-ve-buyuk-ilgi\/","title":{"rendered":"Ala\u00e7at\u0131 Ot Festivali\u2019nde yo\u011fun cumartesi: S\u00f6yle\u015filer, gastronomi ve b\u00fcy\u00fck ilgi"},"content":{"rendered":"<p> <b><i>Ba\u015fkan Denizli: \u201c15\u2019incisini ger\u00e7ekle\u015ftirdi\u011fimiz festivalimizi bu y\u0131l uluslararas\u0131 olarak d\u00fczenlemenin gururunu ya\u015f\u0131yoruz. 13 \u00fclkeden 50 yabanc\u0131 \u015fefimiz, Ege mutfa\u011f\u0131n\u0131n e\u015fsiz otlar\u0131yla \u00f6zg\u00fcn tarifler haz\u0131rl\u0131yor. Hem gen\u00e7lerimize hem de yeti\u015fkinlerimize gastronomi alan\u0131nda \u00f6nemli deneyimler sunuyoruz\u201d<\/i><\/b><\/p>\n<p><i>15.<\/i>Uluslararas\u0131 Ala\u00e7at\u0131 Ot Festivali\u2019nde cumartesi g\u00fcn\u00fc, yo\u011fun kat\u0131l\u0131m ve zengin i\u00e7erikli etkinliklerle geride kald\u0131. Bu y\u0131l ilk kez uluslararas\u0131 kimli\u011fiyle d\u00fczenlenen festival, \u201cK\u00f6klerden D\u00fcnyaya\u201d temas\u0131yla \u00c7e\u015fme\u2019nin k\u00fclt\u00fcrel ve gastronomik de\u011ferlerini geni\u015f kitlelerle bulu\u015fturdu.<\/p>\n<p>Festival kapsam\u0131nda; \u015fair Ataol Behramo\u011flu ve gastronomi d\u00fcnyas\u0131n\u0131n \u00f6nde gelen isimlerinden Mehmet Yal\u00e7\u0131nkaya s\u00f6yle\u015fileriyle festivale katk\u0131 sundu. K\u00fclt\u00fcr, edebiyat ve gastronominin bir araya geldi\u011fi programlar, ziyaret\u00e7ilerden b\u00fcy\u00fck ilgi g\u00f6rd\u00fc.<\/p>\n<p>Cumartesi g\u00fcn\u00fc ger\u00e7ekle\u015fen s\u00f6yle\u015fide sahne alan Mehmet Yal\u00e7\u0131nkaya, \u201cSofran\u0131n Diplomasi G\u00fcc\u00fc\u201d ba\u015fl\u0131\u011f\u0131yla gastronominin k\u00fclt\u00fcrler aras\u0131 etkile\u015fimdeki rol\u00fcn\u00fc anlatt\u0131. S\u00f6yle\u015fiye kat\u0131lan \u00c7e\u015fme Belediye Ba\u015fkan\u0131 L\u00e2l Denizli ise festivalin uluslararas\u0131 boyutuna dikkat \u00e7ekerek, \u201c15\u2019incisini ger\u00e7ekle\u015ftirdi\u011fimiz festivalimizi bu y\u0131l uluslararas\u0131 olarak d\u00fczenlemenin gururunu ya\u015f\u0131yoruz. 13 \u00fclkeden 50 yabanc\u0131 \u015fefimiz, Ege mutfa\u011f\u0131n\u0131n e\u015fsiz otlar\u0131yla \u00f6zg\u00fcn tarifler haz\u0131rl\u0131yor. Hem gen\u00e7lerimize hem de yeti\u015fkinlerimize gastronomi alan\u0131nda \u00f6nemli deneyimler sunuyoruz\u201d ifadelerini kulland\u0131.<\/p>\n<p>Ba\u015fkan Denizli konu\u015fmas\u0131n\u0131n ard\u0131ndan Mehmet Yal\u00e7\u0131nkaya\u2019ya, Ala\u00e7at\u0131 Ot Festivali\u2019nin s\u00fcrd\u00fcr\u00fclebilirlik yakla\u015f\u0131m\u0131n\u0131 simgeleyen plaket takdim etti.<\/p>\n<p>Cumartesi g\u00fcn\u00fc Ala\u00e7at\u0131 sokaklar\u0131nda b\u00fcy\u00fck bir ziyaret\u00e7i yo\u011funlu\u011fu ya\u015fand\u0131. Y\u00fcz binlerce ki\u015finin kat\u0131l\u0131m\u0131yla festival alanlar\u0131 dolup ta\u015farken, yerel \u00fcreticilerin otlar, enginar ve \u00c7e\u015fme limonu gibi \u00fcr\u00fcnlerini sundu\u011fu stantlar b\u00fcy\u00fck ilgi g\u00f6rd\u00fc. Gastronomi yar\u0131\u015fmalar\u0131, at\u00f6lyeler ve uluslararas\u0131 \u015feflerin kat\u0131l\u0131m\u0131yla ger\u00e7ekle\u015fen etkinlikler, festivalin uluslararas\u0131 niteli\u011fini g\u00fc\u00e7l\u00fc \u015fekilde yans\u0131tt\u0131.<\/p>\n<p><b>Festivalde Final G\u00fcn\u00fc Program\u0131<\/b><\/p>\n<p>Festivalin son g\u00fcn\u00fc olan 26 Nisan Pazar g\u00fcn\u00fc ise etkinlikler g\u00fcn boyu devam edecek. Ala\u00e7at\u0131 Cumhuriyet Meydan\u0131\u2019nda d\u00fczenlenecek s\u00f6yle\u015filerde Ayg\u00fcl Ayd\u0131n, \u015eevket Alaeddino\u011flu, Dr. Banu Noyan ve Mine Ataman kat\u0131l\u0131mc\u0131larla bulu\u015facak. Ayn\u0131 alanda yazar Sunay Ak\u0131n okurlar\u0131yla bir araya gelecek.<\/p>\n<p>Ala\u00e7at\u0131 Deneyim Noktas\u0131\u2019nda \u201cAla\u00e7at\u0131 Otlar\u0131ndan Kad\u0131nlara Re\u00e7eteler\u201d ba\u015fl\u0131kl\u0131 \u00f6zel s\u00f6yle\u015fi ger\u00e7ekle\u015ftirilecek.<\/p>\n<p>\u201c\u015eefler Meydan\u0131\u201dnda ise uluslararas\u0131 \u015fefler sahne almay\u0131 s\u00fcrd\u00fcrecek. Chef Zeljko Bremec, G\u00f6k\u00e7en Adar ve Aykut G\u00fclg\u00fc profesyonel mutfak deneyimlerini payla\u015facak.<\/p>\n<p>G\u00fcn\u00fcn erken saatlerinde De\u011firmenler Art alan\u0131nda festival ko\u015fusu ve stretching etkinli\u011fi d\u00fczenlenirken, \u00e7ocuklara y\u00f6nelik etkinlikler de Cumhuriyet Meydan\u0131\u2019nda g\u00fcn boyu devam edecek.<\/p>\n<p>Ala\u00e7at\u0131 Ot Festivali, son g\u00fcn\u00fcnde de k\u00fclt\u00fcr, gastronomi ve sosyal ya\u015fam\u0131 bulu\u015fturan program\u0131yla ziyaret\u00e7ilerine g\u00fc\u00e7l\u00fc bir final sunacak.<\/p>\n<p>Kaynak: (BYZHA) Beyaz Haber Ajans\u0131<\/p>\n","protected":false},"excerpt":{"rendered":"<p>Ba\u015fkan Denizli: \u201c15\u2019incisini ger\u00e7ekle\u015ftirdi\u011fimiz festivalimizi bu y\u0131l uluslararas\u0131 olarak d\u00fczenlemenin gururunu ya\u015f\u0131yoruz.<\/p>\n","protected":false},"author":1,"featured_media":13233,"comment_status":"open","ping_status":"open","sticky":false,"template":"","format":"standard","meta":{"footnotes":""},"categories":[24],"tags":[],"class_list":["post-13232","post","type-post","status-publish","format-standard","has-post-thumbnail","hentry","category-kultur-sanat"],"_links":{"self":[{"href":"https:\/\/akdenizolay.com.tr\/index.php\/wp-json\/wp\/v2\/posts\/13232","targetHints":{"allow":["GET"]}}],"collection":[{"href":"https:\/\/akdenizolay.com.tr\/index.php\/wp-json\/wp\/v2\/posts"}],"about":[{"href":"https:\/\/akdenizolay.com.tr\/index.php\/wp-json\/wp\/v2\/types\/post"}],"author":[{"embeddable":true,"href":"https:\/\/akdenizolay.com.tr\/index.php\/wp-json\/wp\/v2\/users\/1"}],"replies":[{"embeddable":true,"href":"https:\/\/akdenizolay.com.tr\/index.php\/wp-json\/wp\/v2\/comments?post=13232"}],"version-history":[{"count":1,"href":"https:\/\/akdenizolay.com.tr\/index.php\/wp-json\/wp\/v2\/posts\/13232\/revisions"}],"predecessor-version":[{"id":13234,"href":"https:\/\/akdenizolay.com.tr\/index.php\/wp-json\/wp\/v2\/posts\/13232\/revisions\/13234"}],"wp:featuredmedia":[{"embeddable":true,"href":"https:\/\/akdenizolay.com.tr\/index.php\/wp-json\/wp\/v2\/media\/13233"}],"wp:attachment":[{"href":"https:\/\/akdenizolay.com.tr\/index.php\/wp-json\/wp\/v2\/media?parent=13232"}],"wp:term":[{"taxonomy":"category","embeddable":true,"href":"https:\/\/akdenizolay.com.tr\/index.php\/wp-json\/wp\/v2\/categories?post=13232"},{"taxonomy":"post_tag","embeddable":true,"href":"https:\/\/akdenizolay.com.tr\/index.php\/wp-json\/wp\/v2\/tags?post=13232"}],"curies":[{"name":"wp","href":"https:\/\/api.w.org\/{rel}","templated":true}]}}