{"id":13244,"date":"2026-04-26T22:03:22","date_gmt":"2026-04-26T22:03:22","guid":{"rendered":"https:\/\/akdenizolay.com.tr\/index.php\/2026\/04\/26\/sanatci-ali-ekber-cicek-edremitte-anildi\/"},"modified":"2026-04-26T22:03:24","modified_gmt":"2026-04-26T22:03:24","slug":"sanatci-ali-ekber-cicek-edremitte-anildi","status":"publish","type":"post","link":"https:\/\/akdenizolay.com.tr\/index.php\/2026\/04\/26\/sanatci-ali-ekber-cicek-edremitte-anildi\/","title":{"rendered":"Sanat\u00e7\u0131 Ali Ekber \u00c7i\u00e7ek Edremit\u2019te an\u0131ld\u0131"},"content":{"rendered":"\n<p dir=\"auto\">T\u00fcrk Halk M\u00fczi\u011fi\u2019nin usta isimlerinden Ali Ekber \u00c7i\u00e7ek, vefat\u0131n\u0131n 20. y\u0131l\u0131nda Edremit\u2019in Tahtaku\u015flar Mahallesi\u2019ndeki kabri ba\u015f\u0131nda d\u00fczenlenen t\u00f6renle an\u0131ld\u0131.<\/p>\n<p dir=\"auto\">Edremit Belediyesi taraf\u0131ndan Ali \u00c7i\u00e7ek\u2019in Kazda\u011flar\u0131 eteklerinde ki mezar\u0131 ba\u015f\u0131nda ger\u00e7ekle\u015ftirilen anma program\u0131na sanat\u00e7\u0131n\u0131n k\u0131z\u0131 Ebru \u00c7i\u00e7ek, Edremit Belediye Ba\u015fkan\u0131 Mehmet Erta\u015f, belediye ba\u015fkan yard\u0131mc\u0131lar\u0131, belediye meclis \u00fcyeleri, muhtarlar, CHP Edremit \u0130l\u00e7e Ba\u015fkan\u0131 Emin Yal\u00e7\u0131nta\u015f ve \u00e7ok say\u0131da vatanda\u015f kat\u0131ld\u0131.<\/p>\n<p dir=\"auto\">Program, dualar\u0131n edilmesiyle ba\u015flad\u0131. Ard\u0131ndan b\u00fcy\u00fck halk ozan\u0131n\u0131n unutulmaz eserleri seslendirilerek kabri ba\u015f\u0131na karanfil ve g\u00fcller b\u0131rak\u0131ld\u0131.<\/p>\n<p dir=\"auto\">Anma t\u00f6reninde konu\u015fan Edremit Belediye Ba\u015fkan\u0131 Mehmet Erta\u015f, Ali Ekber \u00c7i\u00e7ek\u2019i \u00a0 vefat\u0131n\u0131n 20. y\u0131l\u0131nda sayg\u0131, \u00f6zlem ve minnetle and\u0131klar\u0131n\u0131 belirtti. Erta\u015f, \u00c7i\u00e7ek\u2019in yaln\u0131zca bir sanat\u00e7\u0131 de\u011fil, Anadolu\u2019nun k\u00fclt\u00fcrel zenginli\u011fini t\u00fcrk\u00fcleriyle gelece\u011fe ta\u015f\u0131yan \u00f6nemli bir de\u011fer oldu\u011funu vurgulad\u0131.<\/p>\n<p dir=\"auto\">Ba\u015fkan Erta\u015f konu\u015fmas\u0131nda, \u00f6zellikle \u201cHaydar Haydar\u201d ba\u015fta olmak \u00fczere eserleriyle geni\u015f bir co\u011frafyada iz b\u0131rakan \u00c7i\u00e7ek\u2019in, halk m\u00fczi\u011finin evrensel dilini temsil etti\u011fini ifade ederek, \u201cAli Ekber \u00c7i\u00e7ek\u2019in sanat\u0131nda samimiyet, sadelik ve derin bir insan sevgisi vard\u0131r. Bizlere d\u00fc\u015fen g\u00f6rev, onun miras\u0131na sahip \u00e7\u0131kmak ve t\u00fcrk\u00fclerini gelecek nesillere aktarmakt\u0131r\u201d dedi.<\/p>\n<p dir=\"auto\">Sanat\u00e7\u0131n\u0131n k\u0131z\u0131 Ebru \u00c7i\u00e7ek ise babas\u0131n\u0131n vefat\u0131n\u0131n \u00fczerinden 20 y\u0131l ge\u00e7ti\u011fini belirterek, \u201c\u015e\u00fck\u00fcr ki b\u00f6yle sevenleri, dostlar\u0131 var. \u00c7ok mutluyum, \u00e7ok h\u00fcz\u00fcnl\u00fcy\u00fcm, gururluyum\u201d ifadelerini kulland\u0131.<\/p>\n<p dir=\"auto\">Anma program\u0131nda, sanat\u00e7\u0131n\u0131n yak\u0131nlar\u0131 ve dostlar\u0131 da\u00a0 Ali Ekber \u00c7i\u00e7ek ile ilgili an\u0131lar\u0131n\u0131 payla\u015ft\u0131. Kat\u0131l\u0131mc\u0131lar, kabri ba\u015f\u0131nda dua ederek t\u00fcrk\u00fcler seslendirdi.<\/p>\n<p>Program\u0131n ard\u0131ndan sanat\u00e7\u0131n\u0131n hayr\u0131na pilav ve ayran ikram\u0131nda bulunuldu.<\/p>\n<p>Kaynak: (BYZHA) Beyaz Haber Ajans\u0131<\/p>\n","protected":false},"excerpt":{"rendered":"<p>T\u00fcrk Halk M\u00fczi\u011fi\u2019nin usta isimlerinden Ali Ekber \u00c7i\u00e7ek, vefat\u0131n\u0131n 20.<\/p>\n","protected":false},"author":1,"featured_media":13245,"comment_status":"open","ping_status":"open","sticky":false,"template":"","format":"standard","meta":{"footnotes":""},"categories":[20],"tags":[],"class_list":["post-13244","post","type-post","status-publish","format-standard","has-post-thumbnail","hentry","category-gundem"],"_links":{"self":[{"href":"https:\/\/akdenizolay.com.tr\/index.php\/wp-json\/wp\/v2\/posts\/13244","targetHints":{"allow":["GET"]}}],"collection":[{"href":"https:\/\/akdenizolay.com.tr\/index.php\/wp-json\/wp\/v2\/posts"}],"about":[{"href":"https:\/\/akdenizolay.com.tr\/index.php\/wp-json\/wp\/v2\/types\/post"}],"author":[{"embeddable":true,"href":"https:\/\/akdenizolay.com.tr\/index.php\/wp-json\/wp\/v2\/users\/1"}],"replies":[{"embeddable":true,"href":"https:\/\/akdenizolay.com.tr\/index.php\/wp-json\/wp\/v2\/comments?post=13244"}],"version-history":[{"count":1,"href":"https:\/\/akdenizolay.com.tr\/index.php\/wp-json\/wp\/v2\/posts\/13244\/revisions"}],"predecessor-version":[{"id":13246,"href":"https:\/\/akdenizolay.com.tr\/index.php\/wp-json\/wp\/v2\/posts\/13244\/revisions\/13246"}],"wp:featuredmedia":[{"embeddable":true,"href":"https:\/\/akdenizolay.com.tr\/index.php\/wp-json\/wp\/v2\/media\/13245"}],"wp:attachment":[{"href":"https:\/\/akdenizolay.com.tr\/index.php\/wp-json\/wp\/v2\/media?parent=13244"}],"wp:term":[{"taxonomy":"category","embeddable":true,"href":"https:\/\/akdenizolay.com.tr\/index.php\/wp-json\/wp\/v2\/categories?post=13244"},{"taxonomy":"post_tag","embeddable":true,"href":"https:\/\/akdenizolay.com.tr\/index.php\/wp-json\/wp\/v2\/tags?post=13244"}],"curies":[{"name":"wp","href":"https:\/\/api.w.org\/{rel}","templated":true}]}}