{"id":13331,"date":"2026-04-27T08:01:52","date_gmt":"2026-04-27T08:01:52","guid":{"rendered":"https:\/\/akdenizolay.com.tr\/index.php\/2026\/04\/27\/izmirde-edebiyatin-kalbi-kulturparkta-atti\/"},"modified":"2026-04-27T08:01:52","modified_gmt":"2026-04-27T08:01:52","slug":"izmirde-edebiyatin-kalbi-kulturparkta-atti","status":"publish","type":"post","link":"https:\/\/akdenizolay.com.tr\/index.php\/2026\/04\/27\/izmirde-edebiyatin-kalbi-kulturparkta-atti\/","title":{"rendered":"\u0130zmir\u2019de edebiyat\u0131n kalbi K\u00fclt\u00fcrpark\u2019ta att\u0131"},"content":{"rendered":"<p> \u0130ZK\u0130TAP &#8211; 7. \u0130zmir Kitap Fuar\u0131, son g\u00fcn\u00fcnde de yo\u011fun ilgi g\u00f6rd\u00fc. G\u00fcne\u015fli havay\u0131 f\u0131rsat bilen \u0130zmirliler, K\u00fclt\u00fcrpark\u2019ta kitap al\u0131\u015fveri\u015fi yapt\u0131, s\u00f6yle\u015fi ve imza etkinliklerinde sevdikleri yazarlarla bir araya geldi. \u00a0<\/p>\n<p>\u0130zmir B\u00fcy\u00fck\u015fehir Belediyesi ev sahipli\u011finde, \u0130ZFA\u015e ve TACT Fuarc\u0131l\u0131k i\u015f birli\u011fiyle 17-26 Nisan tarihleri aras\u0131nda d\u00fczenlenen \u0130ZK\u0130TAP, 10 g\u00fcn boyunca her ya\u015ftan ziyaret\u00e7iyi a\u011f\u0131rlad\u0131. Y\u00fcz binlerce kitapsever; yay\u0131nevleri, sahaflar, sivil toplum kurulu\u015flar\u0131 ve k\u00fclt\u00fcr kurumlar\u0131n\u0131n yer ald\u0131\u011f\u0131 stantlarda kitaplarla bulu\u015furken, imza g\u00fcnleri ve s\u00f6yle\u015filerle edebiyat d\u00fcnyas\u0131n\u0131n \u00f6nemli isimleriyle bir araya geldi. Yakla\u015f\u0131k 200 kat\u0131l\u0131mc\u0131 ve 400\u2019e yak\u0131n yazar\u0131n yer ald\u0131\u011f\u0131 organizasyonda y\u00fczlerce etkinlik ger\u00e7ekle\u015ftirildi. Bu y\u0131l fuar\u0131n onur konu\u011fu, T\u00fcrk edebiyat\u0131n\u0131n \u00f6nemli isimlerinden Oya Baydar oldu. Baydar, fuar kapsam\u0131nda d\u00fczenlenen s\u00f6yle\u015fi ve imza etkinlikleriyle okurlar\u0131yla bulu\u015ftu.\u00a0<\/p>\n<p>Fuar kapsam\u0131nda s\u00f6yle\u015filer, paneller, sergiler ve at\u00f6lyelerle zenginle\u015fen i\u00e7erik, K\u00fclt\u00fcrpark\u2019\u0131 \u00e7ok y\u00f6nl\u00fc bir k\u00fclt\u00fcr sanat alan\u0131na d\u00f6n\u00fc\u015ft\u00fcrd\u00fc. \u00d6zellikle 23 Nisan Ulusal Egemenlik ve \u00c7ocuk Bayram\u0131 haftas\u0131nda d\u00fczenlenen etkinlikler, \u00e7ocuklara ve gen\u00e7lere y\u00f6nelik at\u00f6lyeler, sahne g\u00f6sterileri ve yarat\u0131c\u0131 \u00e7al\u0131\u015fmalarla fuara ayr\u0131 bir renk katt\u0131. Ailelerin \u00e7ocuklar\u0131yla birlikte yo\u011fun ilgi g\u00f6sterdi\u011fi fuar, ku\u015faklar aras\u0131 bir bulu\u015fma alan\u0131 olu\u015ftururken \u00e7ocuk ve gen\u00e7lerin okuma al\u0131\u015fkanl\u0131klar\u0131n\u0131n g\u00fc\u00e7lenmesine de katk\u0131 sa\u011flad\u0131.<\/p>\n<p><strong>Ahmet \u00dcmit: Uzun zamand\u0131r \u0130zmir ile ilgili bir roman yazmak istiyorum<\/strong><\/p>\n<p>Fuar\u0131n son g\u00fcn\u00fcnde de \u00f6nemli isimler, s\u00f6yle\u015filerle okurlarla bir araya geldi. Polisiye edebiyat\u0131n\u0131n tan\u0131nan ismi Ahmet \u00dcmit, Ah\u015fap Sahne\u2019de ger\u00e7ekle\u015ftirilen s\u00f6yle\u015fide, yaz\u0131m s\u00fcreci devam eden yeni kitab\u0131na dair ipu\u00e7lar\u0131ndan \u0130stanbul Hat\u0131ras\u0131 roman\u0131ndan uyarlanan dizinin \u00e7ekimlerine ve \u0130zmir\u2019le kurdu\u011fu g\u00fc\u00e7l\u00fc ba\u011fa kadar geni\u015f \u00e7er\u00e7evede de\u011ferlendirmelerde bulundu.\u00a0\u0130zmir\u2019e her geli\u015finde kendisini memleketine gelmi\u015f gibi hissetti\u011fini s\u00f6yleyen \u00dcmit, bu ba\u011f\u0131n bir romana d\u00f6n\u00fc\u015fece\u011fini belirterek \u201cUzun zamand\u0131r \u0130zmir ile ilgili bir roman yazmak istiyorum. \u0130zmir\u2019e bir roman borcum var, yazaca\u011f\u0131m\u201d dedi.<\/p>\n<p>Yeni roman\u0131 \u00fczerinde yo\u011fun \u015fekilde \u00e7al\u0131\u015ft\u0131\u011f\u0131n\u0131 belirten \u00dcmit, \u201cMuhtemelen \u00f6n\u00fcm\u00fczdeki ekim ay\u0131nda \u00e7\u0131kacak. Hikayeyi biliyorsunuz, Kay\u0131p Tanr\u0131lar \u00dclkesi roman\u0131nda olan dedektif Y\u0131ld\u0131z Karasu ve yard\u0131mc\u0131s\u0131 Tobias Becker var ama bu sefer Roma\u2019day\u0131z. Bir ki\u015fi daha var yanlar\u0131nda, \u0130talyan ba\u015fm\u00fcfetti\u015f Carlo Moretti diye bir karakterimiz daha eklendi. Roman\u0131n merkezinde g\u00fc\u00e7l\u00fc bir a\u015fk hikayesi de yer al\u0131yor. Bu a\u015fk Ayd\u0131n\u2019da Afrodisyas\u2019ta ge\u00e7iyor. Bir Anadolulu k\u00f6le, Afrodisyas\u2019tan Roma&#8217;ya gidecek, \u00e7ok enteresan, ger\u00e7ekten \u00e7ok g\u00fczel bir hikaye\u201d diye konu\u015ftu.\u00a0<\/p>\n<p>S\u00f6yle\u015fide g\u00fcncel projelerine de de\u011finen \u00dcmit, sevilen eseri \u0130stanbul Hat\u0131ras\u0131\u2019n\u0131n diziye uyarland\u0131\u011f\u0131n\u0131 ve \u00e7ekimlerin ba\u015flad\u0131\u011f\u0131n\u0131 belirterek, \u201cDaha \u00f6nce ba\u015fka bir projede Komiser Ali rol\u00fcn\u00fc canland\u0131ran Nejat \u0130\u015fler, bu kez Ba\u015fkomiser Nevzat\u2019\u0131 canland\u0131r\u0131yor. Y\u00f6netmen Abdullah O\u011fuz ve \u00e7ok g\u00fc\u00e7l\u00fc bir oyuncu kadrosu var\u201d dedi. \u00a0<\/p>\n<p>\u00dcmit, s\u00f6yle\u015finin ard\u0131ndan, okurlara kitaplar\u0131n\u0131 imzalad\u0131. Hayranlar\u0131, kitap imzalatmak i\u00e7in uzun kuyruklar olu\u015fturdu.\u00a0<\/p>\n<p><strong>\u201cHerkesin kendi Everest\u2019i vard\u0131r\u201d<\/strong><\/p>\n<p>\u201cKendi Everest\u2019inize T\u0131rman\u0131n\u201d ba\u015fl\u0131kl\u0131 s\u00f6yle\u015fide konu\u015fan Nasuh Mahruki, ya\u015fam yolculu\u011funu ve da\u011fc\u0131l\u0131k ser\u00fcvenini kat\u0131l\u0131mc\u0131larla payla\u015ft\u0131. \u00c7ocukluk y\u0131llar\u0131ndan itibaren \u015fekillenen ilgi alanlar\u0131n\u0131n \u00fcniversite d\u00f6neminde netle\u015fti\u011fini belirten Mahruki, da\u011fc\u0131l\u0131\u011fa uzanan s\u00fcreci ve bu alandaki hedeflerini nas\u0131l ad\u0131m ad\u0131m ger\u00e7ekle\u015ftirdi\u011fini anlatt\u0131. Mahruki, \u201c28 ya\u015f\u0131mda Antarktika dahil yedi k\u0131tay\u0131 g\u00f6rd\u00fcm, 100\u2019den fazla \u00fclke gezdim. 27 ya\u015f\u0131mda Everest Da\u011f\u0131\u2019na t\u0131rmanan ilk T\u00fcrk ve ilk M\u00fcsl\u00fcman da\u011fc\u0131 oldum\u201d diyerek ba\u015far\u0131lar\u0131n\u0131n arkas\u0131nda g\u00fc\u00e7l\u00fc bir hedef bilinci ve kararl\u0131l\u0131k oldu\u011funu vurgulad\u0131. \u0130nsanlar\u0131n kendilerine hedef koymalar\u0131 ve bu hedefler do\u011frultusunda y\u0131lmadan m\u00fccadele etmeleri gerekti\u011fini ifade eden Nasuh Mahruki, \u201cHerkesin kendi \u2018Everest\u2019i vard\u0131r. \u00d6nemli olan, o hedefi belirlemek ve ona ula\u015fmak i\u00e7in emek vermektir\u201d dedi.<\/p>\n<p><strong>\u201cAtat\u00fcrk \u0130zmir\u2019i \u00e7ok severdi\u201d<\/strong><\/p>\n<p>Fuar kapsam\u0131nda d\u00fczenlenen \u201cAtat\u00fcrk ve Cumhuriyet\u201d ba\u015fl\u0131kl\u0131 s\u00f6yle\u015fide konu\u015fan tarih\u00e7i, yazar ve emekli tu\u011fgeneral Dr. Naim Bab\u00fcro\u011flu, Mustafa Kemal Atat\u00fcrk ve silah arkada\u015flar\u0131n\u0131n, 19 May\u0131s 1919\u2019da ba\u015flayan kurtulu\u015f m\u00fccadelesinden Cumhuriyet\u2019in ilan\u0131na uzanan s\u00fcreci tarihsel bir perspektifle anlatt\u0131. Cumhuriyet\u2019in ve kazan\u0131mlar\u0131n\u0131n de\u011ferinin bilinmesi gerekti\u011fini vurgulayan Bab\u00fcro\u011flu, \u201cBug\u00fcn \u00f6zg\u00fcr bir \u015fekilde ya\u015fayabiliyorsak, bunu Atat\u00fcrk ve silah arkada\u015flar\u0131n\u0131n verdi\u011fi b\u00fcy\u00fck m\u00fccadeleye bor\u00e7luyuz. Bu vatan\u0131n ve bu topraklar\u0131n k\u0131ymetini iyi bilmeliyiz\u201d diye konu\u015ftu.\u00a0<\/p>\n<p>Atat\u00fcrk\u2019\u00fcn \u0130zmir\u2019e duydu\u011fu \u00f6zel ba\u011fa da de\u011finen Bab\u00fcro\u011flu, \u201cAtat\u00fcrk \u0130zmir\u2019i \u00e7ok severdi; \u0130zmir\u2019in de Atat\u00fcrk\u2019e olan sevgisi b\u00fcy\u00fckt\u00fcr. Bu ba\u011f\u0131n nedenlerinden biri de kentin, Atat\u00fcrk\u2019\u00fcn do\u011fdu\u011fu Selanik\u2019e benzerlik ta\u015f\u0131mas\u0131d\u0131r\u201d dedi.<\/p>\n<p>\u00a0<\/p>\n<p>Kaynak: (BYZHA) Beyaz Haber Ajans\u0131<\/p>\n","protected":false},"excerpt":{"rendered":"<p>\u0130ZK\u0130TAP &#8211; 7.<\/p>\n","protected":false},"author":1,"featured_media":13332,"comment_status":"open","ping_status":"open","sticky":false,"template":"","format":"standard","meta":{"footnotes":""},"categories":[24],"tags":[],"class_list":["post-13331","post","type-post","status-publish","format-standard","has-post-thumbnail","hentry","category-kultur-sanat"],"_links":{"self":[{"href":"https:\/\/akdenizolay.com.tr\/index.php\/wp-json\/wp\/v2\/posts\/13331","targetHints":{"allow":["GET"]}}],"collection":[{"href":"https:\/\/akdenizolay.com.tr\/index.php\/wp-json\/wp\/v2\/posts"}],"about":[{"href":"https:\/\/akdenizolay.com.tr\/index.php\/wp-json\/wp\/v2\/types\/post"}],"author":[{"embeddable":true,"href":"https:\/\/akdenizolay.com.tr\/index.php\/wp-json\/wp\/v2\/users\/1"}],"replies":[{"embeddable":true,"href":"https:\/\/akdenizolay.com.tr\/index.php\/wp-json\/wp\/v2\/comments?post=13331"}],"version-history":[{"count":1,"href":"https:\/\/akdenizolay.com.tr\/index.php\/wp-json\/wp\/v2\/posts\/13331\/revisions"}],"predecessor-version":[{"id":13333,"href":"https:\/\/akdenizolay.com.tr\/index.php\/wp-json\/wp\/v2\/posts\/13331\/revisions\/13333"}],"wp:featuredmedia":[{"embeddable":true,"href":"https:\/\/akdenizolay.com.tr\/index.php\/wp-json\/wp\/v2\/media\/13332"}],"wp:attachment":[{"href":"https:\/\/akdenizolay.com.tr\/index.php\/wp-json\/wp\/v2\/media?parent=13331"}],"wp:term":[{"taxonomy":"category","embeddable":true,"href":"https:\/\/akdenizolay.com.tr\/index.php\/wp-json\/wp\/v2\/categories?post=13331"},{"taxonomy":"post_tag","embeddable":true,"href":"https:\/\/akdenizolay.com.tr\/index.php\/wp-json\/wp\/v2\/tags?post=13331"}],"curies":[{"name":"wp","href":"https:\/\/api.w.org\/{rel}","templated":true}]}}