{"id":13343,"date":"2026-04-27T08:08:41","date_gmt":"2026-04-27T08:08:41","guid":{"rendered":"https:\/\/akdenizolay.com.tr\/index.php\/2026\/04\/27\/baskan-altay-2-konya-cocuk-kitap-gunlerine-katilan-ve-katki-sunan-herkese-tesekkur-etti\/"},"modified":"2026-04-27T08:08:42","modified_gmt":"2026-04-27T08:08:42","slug":"baskan-altay-2-konya-cocuk-kitap-gunlerine-katilan-ve-katki-sunan-herkese-tesekkur-etti","status":"publish","type":"post","link":"https:\/\/akdenizolay.com.tr\/index.php\/2026\/04\/27\/baskan-altay-2-konya-cocuk-kitap-gunlerine-katilan-ve-katki-sunan-herkese-tesekkur-etti\/","title":{"rendered":"Ba\u015fkan Altay, 2. Konya \u00c7ocuk Kitap G\u00fcnleri\u2019ne Kat\u0131lan ve Katk\u0131 Sunan Herkese Te\u015fekk\u00fcr Etti"},"content":{"rendered":"\n<p data-asw-org-font-size=\"14\"><strong>Konya B\u00fcy\u00fck\u015fehir Belediyesi taraf\u0131ndan bu y\u0131l ikincisi d\u00fczenlenen Anadolu\u2019nun en b\u00fcy\u00fck \u00e7ocuk kitap etkinli\u011fi olan \u201cKonya \u00c7ocuk Kitap G\u00fcnleri\u201d 5 g\u00fcn boyunca on binlerce minik kitapseveri a\u011f\u0131rlad\u0131. Konya B\u00fcy\u00fck\u015fehir Belediye Ba\u015fkan\u0131 U\u011fur \u0130brahim Altay, \u201cKonya \u00c7ocuk Kitap G\u00fcnleri\u2019ne yo\u011fun ilgi g\u00f6steren t\u00fcm \u00e7ocuklar\u0131m\u0131za ve k\u0131ymetli ailelerine; \u00e7ocuklar\u0131m\u0131z\u0131 kitapla bulu\u015fturan t\u00fcm yay\u0131nevlerimize, yazarlar\u0131m\u0131za ve bu k\u00fclt\u00fcr \u015f\u00f6leninde eme\u011fi ge\u00e7en herkese te\u015fekk\u00fcr ediyorum\u201d dedi.<\/strong><\/p>\n<hr \/>\n<p data-asw-org-font-size=\"14\">Konya B\u00fcy\u00fck\u015fehir Belediyesi taraf\u0131ndan d\u00fczenlenen ve on binlerce \u00e7ocu\u011fu bulu\u015fturan \u201c2. Konya \u00c7ocuk Kitap G\u00fcnleri\u201d sona erdi.\u00a0<\/p>\n<p data-asw-org-font-size=\"14\">Konya B\u00fcy\u00fck\u015fehir Belediye Ba\u015fkan\u0131 U\u011fur \u0130brahim Altay, etkinli\u011fin ard\u0131ndan yapt\u0131\u011f\u0131 de\u011ferlendirmede, \u201cOkumad\u0131\u011f\u0131n g\u00fcn karanl\u0131ktas\u0131n\u201d slogan\u0131yla bu y\u0131l ikincisini d\u00fczenledikleri Konya \u00c7ocuk Kitap G\u00fcnleri\u2019ne g\u00f6sterilen ilgi ve alakan\u0131n memnuniyet verici oldu\u011funu ifade etti.<\/p>\n<p data-asw-org-font-size=\"14\"><strong>\u201c\u00c7OCUKLARIMIZIN OKUMA ALI\u015eKANLI\u011eI KAZANMASI \u0130\u00c7\u0130N \u00c7ALI\u015eMALARIMIZA KARARLILIKLA DEVAM EDECE\u011e\u0130Z\u201d<\/strong><\/p>\n<p data-asw-org-font-size=\"14\">Konya \u00c7ocuk Kitap G\u00fcnleri\u2019nin Anadolu\u2019nun en b\u00fcy\u00fck \u00e7ocuk kitap organizasyonu oldu\u011funu an\u0131msatan Ba\u015fkan Altay, \u201c\u00c7ocuk Kitap G\u00fcnleri\u2019nde evlatlar\u0131m\u0131z\u0131n kitaplarla kurdu\u011fu ba\u011f\u0131n g\u00fc\u00e7lenmesine vesile olmaktan b\u00fcy\u00fck mutluluk duyduk. 5 g\u00fcn boyunca \u00e7ocuklar\u0131m\u0131z y\u00fczbinlerce kitapla, sevdikleri yazarlarla bulu\u015fup \u00e7ok say\u0131da e\u011fitici ve e\u011flenceli etkinli\u011fe kat\u0131ld\u0131. Konya \u00c7ocuk Kitap G\u00fcnleri\u2019ne ilgi g\u00f6steren t\u00fcm \u00e7ocuklar\u0131m\u0131za ve k\u0131ymetli ailelerine g\u00f6n\u00fclden te\u015fekk\u00fcr ediyorum. Ayr\u0131ca etkinli\u011fe kat\u0131larak \u00e7ocuklar\u0131m\u0131z\u0131 kitapla bulu\u015fturan yay\u0131nevlerimize, yazarlar\u0131m\u0131za ve bu k\u00fclt\u00fcr \u015f\u00f6leninde eme\u011fi ge\u00e7en herkese te\u015fekk\u00fcr ediyorum. Gelece\u011fimizin teminat\u0131 olan yavrular\u0131m\u0131z\u0131n okuma al\u0131\u015fkanl\u0131\u011f\u0131 kazanmas\u0131, hayal d\u00fcnyalar\u0131n\u0131n geli\u015fmesi ve bilgiyle b\u00fcy\u00fcmesi i\u00e7in \u00e7al\u0131\u015fmalar\u0131m\u0131za kararl\u0131l\u0131kla devam edece\u011fiz\u201d ifadelerini kulland\u0131.<\/p>\n<p data-asw-org-font-size=\"14\"><strong>\u00c7OCUKLAR, \u00c7OCUK K\u0130TAP G\u00dcNLER\u0130\u2019N\u0130 \u00c7OK SEVD\u0130<\/strong><\/p>\n<p data-asw-org-font-size=\"14\">Etkinli\u011fe kat\u0131larak y\u00fczbinlerce kitapla bulu\u015fman\u0131n keyfini \u00e7\u0131karan \u00e7ocuklar da Konya \u00c7ocuk Kitap G\u00fcnleri\u2019ni \u00e7ok sevdiklerini belirterek, Ba\u015fkan Altay\u2019a ve eme\u011fi ge\u00e7enlere te\u015fekk\u00fcr etti.<\/p>\n<p data-asw-org-font-size=\"14\">Sel\u00e7uklu Kongre Merkezi\u2019nde d\u00fczenlenen etkinlikte 5 g\u00fcn boyunca \u00e7ocuklar; birbirinden de\u011ferli yazarlarla bulu\u015fma, kitaplar\u0131n\u0131 imzalatma ve farkl\u0131 at\u00f6lye \u00e7al\u0131\u015fmalar\u0131yla keyifli vakit ge\u00e7irme f\u0131rsat\u0131 buldu. Ailelerin de yo\u011fun ilgi g\u00f6sterdi\u011fi organizasyon, kitap sevgisinin k\u00fc\u00e7\u00fck ya\u015flarda kazan\u0131lmas\u0131na \u00f6nemli katk\u0131 sa\u011flad\u0131.<\/p>\n<p data-asw-org-font-size=\"14\">Ayr\u0131ca bu y\u0131l Konya\u2019n\u0131n merkez d\u0131\u015f\u0131ndaki 28 il\u00e7esinden 75 farkl\u0131 okuldan otob\u00fcslerle \u00f6\u011frencilerin etkinli\u011fe kat\u0131l\u0131m\u0131 sa\u011flan\u0131rken program\u0131n eri\u015filebilirli\u011fi art\u0131r\u0131larak daha geni\u015f bir \u00f6\u011frenci kitlesine ula\u015f\u0131ld\u0131.<\/p>\n<p data-asw-org-font-size=\"14\">Konya B\u00fcy\u00fck\u015fehir Belediyesi\u2019nin \u00e7ocuklara y\u00f6nelik k\u00fclt\u00fcrel faaliyetleri kapsam\u0131nda d\u00fczenledi\u011fi Konya \u00c7ocuk Kitap G\u00fcnleri, her ya\u015ftan kat\u0131l\u0131mc\u0131n\u0131n haf\u0131zas\u0131nda iz b\u0131rakan etkinlikler aras\u0131nda yer ald\u0131.<\/p>\n<p data-asw-org-font-size=\"14\">\u00a0<\/p>\n<p data-asw-org-font-size=\"14\">\u00a0<\/p>\n<p>Kaynak: (BYZHA) Beyaz Haber Ajans\u0131<\/p>\n","protected":false},"excerpt":{"rendered":"<p>Konya B\u00fcy\u00fck\u015fehir Belediyesi taraf\u0131ndan bu y\u0131l ikincisi d\u00fczenlenen Anadolu\u2019nun en b\u00fcy\u00fck \u00e7ocuk kitap etkinli\u011fi olan \u201cKonya \u00c7ocuk Kitap G\u00fcnleri\u201d 5 g\u00fcn boyunca on binlerce minik kitapseveri a\u011f\u0131rlad\u0131.<\/p>\n","protected":false},"author":1,"featured_media":13344,"comment_status":"open","ping_status":"open","sticky":false,"template":"","format":"standard","meta":{"footnotes":""},"categories":[24],"tags":[],"class_list":["post-13343","post","type-post","status-publish","format-standard","has-post-thumbnail","hentry","category-kultur-sanat"],"_links":{"self":[{"href":"https:\/\/akdenizolay.com.tr\/index.php\/wp-json\/wp\/v2\/posts\/13343","targetHints":{"allow":["GET"]}}],"collection":[{"href":"https:\/\/akdenizolay.com.tr\/index.php\/wp-json\/wp\/v2\/posts"}],"about":[{"href":"https:\/\/akdenizolay.com.tr\/index.php\/wp-json\/wp\/v2\/types\/post"}],"author":[{"embeddable":true,"href":"https:\/\/akdenizolay.com.tr\/index.php\/wp-json\/wp\/v2\/users\/1"}],"replies":[{"embeddable":true,"href":"https:\/\/akdenizolay.com.tr\/index.php\/wp-json\/wp\/v2\/comments?post=13343"}],"version-history":[{"count":1,"href":"https:\/\/akdenizolay.com.tr\/index.php\/wp-json\/wp\/v2\/posts\/13343\/revisions"}],"predecessor-version":[{"id":13345,"href":"https:\/\/akdenizolay.com.tr\/index.php\/wp-json\/wp\/v2\/posts\/13343\/revisions\/13345"}],"wp:featuredmedia":[{"embeddable":true,"href":"https:\/\/akdenizolay.com.tr\/index.php\/wp-json\/wp\/v2\/media\/13344"}],"wp:attachment":[{"href":"https:\/\/akdenizolay.com.tr\/index.php\/wp-json\/wp\/v2\/media?parent=13343"}],"wp:term":[{"taxonomy":"category","embeddable":true,"href":"https:\/\/akdenizolay.com.tr\/index.php\/wp-json\/wp\/v2\/categories?post=13343"},{"taxonomy":"post_tag","embeddable":true,"href":"https:\/\/akdenizolay.com.tr\/index.php\/wp-json\/wp\/v2\/tags?post=13343"}],"curies":[{"name":"wp","href":"https:\/\/api.w.org\/{rel}","templated":true}]}}