{"id":13349,"date":"2026-04-27T08:19:24","date_gmt":"2026-04-27T08:19:24","guid":{"rendered":"https:\/\/akdenizolay.com.tr\/index.php\/2026\/04\/27\/menemen-gelecegin-mimar-ve-restorasyon-uzmanlarini-agirladi\/"},"modified":"2026-04-27T08:19:25","modified_gmt":"2026-04-27T08:19:25","slug":"menemen-gelecegin-mimar-ve-restorasyon-uzmanlarini-agirladi","status":"publish","type":"post","link":"https:\/\/akdenizolay.com.tr\/index.php\/2026\/04\/27\/menemen-gelecegin-mimar-ve-restorasyon-uzmanlarini-agirladi\/","title":{"rendered":"Menemen, gelece\u011fin mimar ve restorasyon uzmanlar\u0131n\u0131 a\u011f\u0131rlad\u0131"},"content":{"rendered":"<p> <b><i>Gelece\u011fin restorasyon uzmanlar\u0131, sokak sa\u011fl\u0131kla\u015ft\u0131rma projesiyle kent tarihini aya\u011fa kald\u0131rmak ad\u0131na \u00e7al\u0131\u015fmalar\u0131n\u0131 s\u00fcrd\u00fcren Menemen Belediyesi&#8217;nin faaliyetlerini yerinde inceledi. Bal\u0131kesir \u00dcniversitesi&#8217;nden gelen \u00f6\u011frenciler, il\u00e7enin tarihi ve k\u00fclt\u00fcrel birikimine hayran kal\u0131rken, ziyareti de\u011ferlendiren Menemen Belediye Ba\u015fkan\u0131 Ayd\u0131n Pehlivan, &#8220;Binlerce y\u0131ll\u0131k miras\u0131, yar\u0131nlara ta\u015f\u0131yan bir belediyecilik anlay\u0131\u015f\u0131yla \u00e7al\u0131\u015f\u0131yoruz.&#8221; dedi.<\/i><\/b><\/p>\n<p>Bal\u0131kesir \u00dcniversitesi Ayval\u0131k Meslek Y\u00fcksekokulu Mimari Restorasyon Program\u0131 \u00f6\u011frencileri, \u201cKariyer Planlama ve K\u00fclt\u00fcrel Miras E\u011fitim Gezisi\u201d kapsam\u0131nda Menemen\u2019i ziyaret etti. Dr. \u00d6\u011fretim \u00dcyesi G\u00fczel \u00d6zt\u00fcrk \u00f6nc\u00fcl\u00fc\u011f\u00fcnde ger\u00e7ekle\u015ftirilen programda \u00f6\u011frenciler, Menemen\u2019in k\u00f6kl\u00fc k\u00fclt\u00fcrel miras\u0131n\u0131 yerinde inceleme f\u0131rsat\u0131 buldu.<\/p>\n<p>Menemen Belediyesi\u2019nin ev sahipli\u011finde ger\u00e7ekle\u015fen program, \u00f6\u011frenciler i\u00e7in d\u00fczenlenen kahvalt\u0131 organizasyonuyla ba\u015flad\u0131. Samimi bir ortamda ger\u00e7ekle\u015fen bulu\u015fmada, g\u00fcn\u00fcn program\u0131na dair bilgilendirmeler yap\u0131ld\u0131.<\/p>\n<p><b>\u00c7\u00f6mlek sanat\u0131n\u0131n inceliklerini \u00f6\u011frendiler<\/b><\/p>\n<p>Program kapsam\u0131nda \u00f6\u011frenciler, Menemen\u2019in \u201cYa\u015fayan \u0130nsan Hazinesi\u201d \u00f6d\u00fcll\u00fc ustalar\u0131ndan ve Menemen \u00c7\u00f6mlek\u00e7iler Derne\u011fi Ba\u015fkan\u0131 Ahmet Ta\u015fomcu\u2019nun at\u00f6lyesini ziyaret etti. Ziyarette, yakla\u015f\u0131k 8 bin y\u0131ll\u0131k ge\u00e7mi\u015fe sahip Menemen \u00e7\u00f6mlek\u00e7ili\u011fi hakk\u0131nda kapsaml\u0131 bilgiler aktar\u0131l\u0131rken, \u00f6\u011frenciler geleneksel \u00fcretim s\u00fcre\u00e7lerini yerinde g\u00f6zlemledi. D\u00fczenlenen uygulamal\u0131 workshop \u00e7al\u0131\u015fmas\u0131yla kat\u0131l\u0131mc\u0131lar, \u00e7\u00f6mlek sanat\u0131n\u0131n inceliklerini deneyimleme imk\u00e2n\u0131 buldu.<\/p>\n<p>Ziyaret s\u0131ras\u0131nda ayr\u0131ca Menemen \u00e7\u00f6mlek\u00e7ili\u011finin tarihsel ve k\u00fclt\u00fcrel \u00f6nemi, uluslararas\u0131 alandaki yeri ve her y\u0131l yo\u011fun ilgi g\u00f6ren Uluslararas\u0131 Menemen \u00c7\u00f6mlek Festivali hakk\u0131nda da bilgilendirmeler yap\u0131ld\u0131.<\/p>\n<p>Yakla\u015f\u0131k \u00fc\u00e7 saat s\u00fcren program\u0131n ard\u0131ndan \u00f6\u011frenciler, k\u00fclt\u00fcrel gezilerinin bir sonraki dura\u011f\u0131 olan Efes Antik Kenti\u2019ne u\u011furland\u0131.<\/p>\n<p><b>&#8220;Menemen, binlerce y\u0131ll\u0131k k\u00fclt\u00fcrel birikimle yo\u011frulmu\u015f bir kent&#8221;<\/b><\/p>\n<p>Ziyareti de\u011ferlendiren Menemen Belediye Ba\u015fkan\u0131 Ayd\u0131n Pehlivan, &#8220;Menemen, binlerce y\u0131ll\u0131k k\u00fclt\u00fcrel birikimle yo\u011frulmu\u015f bir kent. Biz de Menemen Belediyesi olarak bu zengin tarihi ya\u015fatmak, gen\u00e7 ku\u015faklara aktarmak, Menemen \u00e7\u00f6mlek\u00e7ili\u011fini ulusal ve uluslararas\u0131 d\u00fczeyde tan\u0131tmak amac\u0131yla bir\u00e7ok farkl\u0131 koldan \u00e7al\u0131\u015fmalar\u0131m\u0131z\u0131 s\u00fcrd\u00fcr\u00fcyoruz. Gelece\u011fin restorasyon uzmanlar\u0131n\u0131n kentimizi ziyaret etmesi, hem bizim i\u00e7in hem de onlar i\u00e7in olduk\u00e7a g\u00fczel bir deneyim oldu. Umuyorum ki gelecekte g\u00fczel projelerde yollar\u0131 yine Menemen ile kesi\u015fir. Bu g\u00fczel organizasyona \u00a0sundu\u011fu katk\u0131dan dolay\u0131 \u0130zmir \u0130l K\u00fclt\u00fcr ve Turizm M\u00fcd\u00fcr\u00fcm\u00fcz Sn. Dr. Sad\u0131k Do\u011fruer&#8217;e de te\u015fekk\u00fcrlerimi sunuyorum.&#8221; dedi.<\/p>\n<p>\u00a0<\/p>\n<p>\u00a0<\/p>\n<p>Kaynak: (BYZHA) Beyaz Haber Ajans\u0131<\/p>\n","protected":false},"excerpt":{"rendered":"<p>Gelece\u011fin restorasyon uzmanlar\u0131, sokak sa\u011fl\u0131kla\u015ft\u0131rma projesiyle kent tarihini aya\u011fa kald\u0131rmak ad\u0131na \u00e7al\u0131\u015fmalar\u0131n\u0131 s\u00fcrd\u00fcren Menemen Belediyesi&#8217;nin faaliyetlerini yerinde inceledi.<\/p>\n","protected":false},"author":1,"featured_media":13350,"comment_status":"open","ping_status":"open","sticky":false,"template":"","format":"standard","meta":{"footnotes":""},"categories":[20],"tags":[],"class_list":["post-13349","post","type-post","status-publish","format-standard","has-post-thumbnail","hentry","category-gundem"],"_links":{"self":[{"href":"https:\/\/akdenizolay.com.tr\/index.php\/wp-json\/wp\/v2\/posts\/13349","targetHints":{"allow":["GET"]}}],"collection":[{"href":"https:\/\/akdenizolay.com.tr\/index.php\/wp-json\/wp\/v2\/posts"}],"about":[{"href":"https:\/\/akdenizolay.com.tr\/index.php\/wp-json\/wp\/v2\/types\/post"}],"author":[{"embeddable":true,"href":"https:\/\/akdenizolay.com.tr\/index.php\/wp-json\/wp\/v2\/users\/1"}],"replies":[{"embeddable":true,"href":"https:\/\/akdenizolay.com.tr\/index.php\/wp-json\/wp\/v2\/comments?post=13349"}],"version-history":[{"count":1,"href":"https:\/\/akdenizolay.com.tr\/index.php\/wp-json\/wp\/v2\/posts\/13349\/revisions"}],"predecessor-version":[{"id":13351,"href":"https:\/\/akdenizolay.com.tr\/index.php\/wp-json\/wp\/v2\/posts\/13349\/revisions\/13351"}],"wp:featuredmedia":[{"embeddable":true,"href":"https:\/\/akdenizolay.com.tr\/index.php\/wp-json\/wp\/v2\/media\/13350"}],"wp:attachment":[{"href":"https:\/\/akdenizolay.com.tr\/index.php\/wp-json\/wp\/v2\/media?parent=13349"}],"wp:term":[{"taxonomy":"category","embeddable":true,"href":"https:\/\/akdenizolay.com.tr\/index.php\/wp-json\/wp\/v2\/categories?post=13349"},{"taxonomy":"post_tag","embeddable":true,"href":"https:\/\/akdenizolay.com.tr\/index.php\/wp-json\/wp\/v2\/tags?post=13349"}],"curies":[{"name":"wp","href":"https:\/\/api.w.org\/{rel}","templated":true}]}}