{"id":13355,"date":"2026-04-27T08:19:31","date_gmt":"2026-04-27T08:19:31","guid":{"rendered":"https:\/\/akdenizolay.com.tr\/index.php\/2026\/04\/27\/ucay-muhendislik-macaristanda-sirket-kuruyor\/"},"modified":"2026-04-27T08:19:32","modified_gmt":"2026-04-27T08:19:32","slug":"ucay-muhendislik-macaristanda-sirket-kuruyor","status":"publish","type":"post","link":"https:\/\/akdenizolay.com.tr\/index.php\/2026\/04\/27\/ucay-muhendislik-macaristanda-sirket-kuruyor\/","title":{"rendered":"\u00dc\u00e7ay M\u00fchendislik Macaristan\u2019da \u015firket kuruyor"},"content":{"rendered":"<p> <strong>25 y\u0131l\u0131 a\u015fk\u0131n deneyimiyle enerji, elektromekanik, iklimlendirme ve e-mobilite alanlar\u0131nda faaliyet g\u00f6steren \u00dc\u00e7ay M\u00fchendislik Avrupa Birli\u011fi pazar\u0131ndaki b\u00fcy\u00fcme hedefleri do\u011frultusunda Macaristan\u2019da \u015firket kurma karar\u0131 ald\u0131. \u015eirket, %100 i\u015ftiraki olacak yeni yap\u0131 \u00fczerinden ba\u015fta yenilenebilir enerji olmak \u00fczere b\u00f6lgedeki yat\u0131r\u0131m f\u0131rsatlar\u0131n\u0131 de\u011ferlendirmeyi hedefliyor.<\/strong><\/p>\n<p>Enerji, elektromekanik, iklimlendirme ve e-mobilite alanlar\u0131ndaki faaliyetleri ile s\u00fcrd\u00fcr\u00fclebilir ekonomiye katk\u0131 sa\u011flayan \u00dc\u00e7ay M\u00fchendislik, yurt d\u0131\u015f\u0131 b\u00fcy\u00fcme stratejisi kapsam\u0131nda \u00f6nemli bir ad\u0131m att\u0131. \u015eirket, Macaristan\u2019da 100 bin Euro sermayeli ve y\u00fczde 100 i\u015ftiraki olacak \u015fekilde bir \u015firket kuracak. Yeni \u015firketin, ba\u015fta enerji yat\u0131r\u0131mlar\u0131 olmak \u00fczere Avrupa Birli\u011fi genelinde i\u015f ve yat\u0131r\u0131m f\u0131rsatlar\u0131n\u0131n de\u011ferlendirilmesi amac\u0131yla faaliyet g\u00f6stermesi hedefleniyor.<\/p>\n<p>Avrupa pazar\u0131na a\u00e7\u0131l\u0131m\u0131 stratejik bir ad\u0131m olarak g\u00f6rd\u00fcklerini belirten\u00a0<strong>\u00dc\u00e7ay M\u00fchendislik \u0130cra Kurulu Ba\u015fkan\u0131 ve CEO\u2019su Turan \u015eakac\u0131,<\/strong>\u00a0\u201c\u00dc\u00e7ay M\u00fchendislik olarak s\u00fcrd\u00fcr\u00fclebilir b\u00fcy\u00fcme hedeflerimiz do\u011frultusunda yurt d\u0131\u015f\u0131 yat\u0131r\u0131m f\u0131rsatlar\u0131n\u0131 yak\u0131ndan takip ediyoruz. Macaristan\u2019da kuraca\u011f\u0131m\u0131z \u015firket ile Avrupa Birli\u011fi pazar\u0131nda daha etkin bir \u015fekilde yer almay\u0131 hedefliyoruz. \u00d6zellikle enerji ve m\u00fchendislik alanlar\u0131nda sahip oldu\u011fumuz bilgi birikimini uluslararas\u0131 pazarlara ta\u015f\u0131mak istiyoruz\u201d dedi.<\/p>\n<p>Avrupa Birli\u011fi\u2019nin 2050 y\u0131l\u0131na kadar karbon n\u00f6tr olma hedefi do\u011frultusunda \u00e7ok g\u00fc\u00e7l\u00fc bir d\u00f6n\u00fc\u015f\u00fcm s\u00fcrecine girdi\u011fine dikkat \u00e7eken \u015eakac\u0131, \u201cBu hedef do\u011frultusunda enerji altyap\u0131s\u0131 ve yenilenebilir kaynaklara y\u00f6nelik her y\u0131l \u00e7ok b\u00fcy\u00fck \u00f6l\u00e7ekli yat\u0131r\u0131m ihtiyac\u0131 ortaya \u00e7\u0131k\u0131yor. Bu d\u00f6n\u00fc\u015f\u00fcm\u00fcn \u00f6n\u00fcm\u00fczdeki d\u00f6nemde h\u0131zlanarak devam etmesi bekleniyor. Biz de \u00dc\u00e7ay M\u00fchendislik olarak bu d\u00f6n\u00fc\u015f\u00fcm\u00fcn sundu\u011fu f\u0131rsatlar\u0131 do\u011fru pazarlarda de\u011ferlendirmeyi, m\u00fchendislik g\u00fcc\u00fcm\u00fczle Avrupa\u2019daki ye\u015fil d\u00f6n\u00fc\u015f\u00fcme katk\u0131 sa\u011flamay\u0131 ve uzun vadeli de\u011fer yaratmay\u0131 hedefliyoruz\u201d diye konu\u015ftu.<\/p>\n<p>\u00a0<\/p>\n<p>\u00a0<\/p>\n<p>Kaynak: (BYZHA) Beyaz Haber Ajans\u0131<\/p>\n","protected":false},"excerpt":{"rendered":"<p>25 y\u0131l\u0131 a\u015fk\u0131n deneyimiyle enerji, elektromekanik, iklimlendirme ve e-mobilite alanlar\u0131nda faaliyet g\u00f6steren \u00dc\u00e7ay M\u00fchendislik Avrupa Birli\u011fi pazar\u0131ndaki b\u00fcy\u00fcme hedefleri do\u011frultusunda Macaristan\u2019da \u015firket kurma karar\u0131 ald\u0131.<\/p>\n","protected":false},"author":1,"featured_media":13356,"comment_status":"open","ping_status":"open","sticky":false,"template":"","format":"standard","meta":{"footnotes":""},"categories":[21],"tags":[],"class_list":["post-13355","post","type-post","status-publish","format-standard","has-post-thumbnail","hentry","category-ekonomi"],"_links":{"self":[{"href":"https:\/\/akdenizolay.com.tr\/index.php\/wp-json\/wp\/v2\/posts\/13355","targetHints":{"allow":["GET"]}}],"collection":[{"href":"https:\/\/akdenizolay.com.tr\/index.php\/wp-json\/wp\/v2\/posts"}],"about":[{"href":"https:\/\/akdenizolay.com.tr\/index.php\/wp-json\/wp\/v2\/types\/post"}],"author":[{"embeddable":true,"href":"https:\/\/akdenizolay.com.tr\/index.php\/wp-json\/wp\/v2\/users\/1"}],"replies":[{"embeddable":true,"href":"https:\/\/akdenizolay.com.tr\/index.php\/wp-json\/wp\/v2\/comments?post=13355"}],"version-history":[{"count":1,"href":"https:\/\/akdenizolay.com.tr\/index.php\/wp-json\/wp\/v2\/posts\/13355\/revisions"}],"predecessor-version":[{"id":13357,"href":"https:\/\/akdenizolay.com.tr\/index.php\/wp-json\/wp\/v2\/posts\/13355\/revisions\/13357"}],"wp:featuredmedia":[{"embeddable":true,"href":"https:\/\/akdenizolay.com.tr\/index.php\/wp-json\/wp\/v2\/media\/13356"}],"wp:attachment":[{"href":"https:\/\/akdenizolay.com.tr\/index.php\/wp-json\/wp\/v2\/media?parent=13355"}],"wp:term":[{"taxonomy":"category","embeddable":true,"href":"https:\/\/akdenizolay.com.tr\/index.php\/wp-json\/wp\/v2\/categories?post=13355"},{"taxonomy":"post_tag","embeddable":true,"href":"https:\/\/akdenizolay.com.tr\/index.php\/wp-json\/wp\/v2\/tags?post=13355"}],"curies":[{"name":"wp","href":"https:\/\/api.w.org\/{rel}","templated":true}]}}