{"id":13370,"date":"2026-04-27T08:30:47","date_gmt":"2026-04-27T08:30:47","guid":{"rendered":"https:\/\/akdenizolay.com.tr\/index.php\/2026\/04\/27\/bucada-vektorle-mucadele-icin-ekipler-sahada\/"},"modified":"2026-04-27T08:30:48","modified_gmt":"2026-04-27T08:30:48","slug":"bucada-vektorle-mucadele-icin-ekipler-sahada","status":"publish","type":"post","link":"https:\/\/akdenizolay.com.tr\/index.php\/2026\/04\/27\/bucada-vektorle-mucadele-icin-ekipler-sahada\/","title":{"rendered":"Buca\u2019da vekt\u00f6rle m\u00fccadele i\u00e7in ekipler sahada"},"content":{"rendered":"<p> Buca Belediyesi, hava s\u0131cakl\u0131klar\u0131n\u0131n artmas\u0131yla birlikte halk sa\u011fl\u0131\u011f\u0131n\u0131 tehdit eden vekt\u00f6rlere kar\u015f\u0131 seferberlik ba\u015flatt\u0131.<\/p>\n<p>Buca Belediyesi, halk sa\u011fl\u0131\u011f\u0131n\u0131 korumak ve vatanda\u015flar\u0131n yaz aylar\u0131n\u0131 daha konforlu ge\u00e7irmesini sa\u011flamak amac\u0131yla biyosidal ila\u00e7lama \u00e7al\u0131\u015fmalar\u0131na h\u0131z verdi.\u00a0 Uzman kadro ile y\u00fcr\u00fct\u00fclen \u00e7al\u0131\u015fmalarda, hastal\u0131k ta\u015f\u0131ma riski bulunan vekt\u00f6rlere kar\u015f\u0131 il\u00e7enin d\u00f6rt bir yan\u0131nda kapsaml\u0131 \u00e7al\u0131\u015fma ger\u00e7ekle\u015ftiriliyor. Buca Belediyesi, ziraat m\u00fchendisi, kimyager, ziraat teknikeri ve deneyimli sertifikal\u0131 uygulay\u0131c\u0131lardan olu\u015fan 8 ki\u015filik ekip ve 3 tam donan\u0131ml\u0131 ara\u00e7la haftan\u0131n 6 g\u00fcn\u00fc, 08.00 ila 21.00 saatleri aras\u0131nda kesintisiz hizmet veriyor.<\/p>\n<p>\u00dc\u00c7 A\u015eAMALI ETK\u0130N M\u00dcCADELE STRATEJ\u0130S\u0130<\/p>\n<p>Buca Belediyesi ekipleri, vekt\u00f6r pop\u00fclasyonunu kontrol alt\u0131na almak i\u00e7in stratejik bir plan uyguluyor. \u00d6ncelikle taban (R\u00f6gar) \u00e7al\u0131\u015fmalar\u0131 yap\u0131l\u0131yor. R\u00f6garlara uygulanan larvasit, insektisit ve rodentisitler ile sinek larvalar\u0131, hamam b\u00f6cekleri ve ha\u015ferelerin kayna\u011f\u0131nda kurutulmas\u0131 hedefleniyor. \u0130kincil olarak y\u00fczey ve alan ila\u00e7lamas\u0131 yap\u0131l\u0131yor. Bu \u00e7al\u0131\u015fma ile durgun sular, su kanallar\u0131 ve \u00e7\u00f6p toplama alanlar\u0131 gibi \u00fcreme noktalar\u0131 s\u00fcrekli denetim alt\u0131nda tutuluyor. Ayr\u0131ca park ve bah\u00e7e gibi ortak kullan\u0131m alanlar\u0131nda yap\u0131lan m\u00fcdahalelerle halka rahat bir nefes ald\u0131r\u0131l\u0131yor.<\/p>\n<p>M\u00fccadelenin son a\u015famas\u0131nda ise ak\u015fam saatlerinde ara\u00e7 \u00fcst\u00fc ULV makineleri devreye giriyor. \u0130la\u00e7lar\u0131n mikron d\u00fczeyinde havaya p\u00fcsk\u00fcrt\u00fclmesiyle, u\u00e7kun haldeki sinek pop\u00fclasyonu minimize ediliyor.\u00a0 \u0130la\u00e7lama \u00e7al\u0131\u015fmalar\u0131nda halk sa\u011fl\u0131\u011f\u0131na zarar vermeyen D\u00fcnya Sa\u011fl\u0131k \u00d6rg\u00fct\u00fc (WHO) ve Tar\u0131m ve Orman Bakanl\u0131\u011f\u0131 onayl\u0131 \u00fcr\u00fcnler kullan\u0131l\u0131rken, il\u00e7e genelinde yaz boyunca m\u00fccadele aral\u0131ks\u0131z devam edecek.<\/p>\n<p>\u00a0<\/p>\n<p>\u00a0<\/p>\n<p>Kaynak: (BYZHA) Beyaz Haber Ajans\u0131<\/p>\n","protected":false},"excerpt":{"rendered":"<p>Buca Belediyesi, hava s\u0131cakl\u0131klar\u0131n\u0131n artmas\u0131yla birlikte halk sa\u011fl\u0131\u011f\u0131n\u0131 tehdit eden vekt\u00f6rlere kar\u015f\u0131 seferberlik ba\u015flatt\u0131.<\/p>\n","protected":false},"author":1,"featured_media":13371,"comment_status":"open","ping_status":"open","sticky":false,"template":"","format":"standard","meta":{"footnotes":""},"categories":[20],"tags":[],"class_list":["post-13370","post","type-post","status-publish","format-standard","has-post-thumbnail","hentry","category-gundem"],"_links":{"self":[{"href":"https:\/\/akdenizolay.com.tr\/index.php\/wp-json\/wp\/v2\/posts\/13370","targetHints":{"allow":["GET"]}}],"collection":[{"href":"https:\/\/akdenizolay.com.tr\/index.php\/wp-json\/wp\/v2\/posts"}],"about":[{"href":"https:\/\/akdenizolay.com.tr\/index.php\/wp-json\/wp\/v2\/types\/post"}],"author":[{"embeddable":true,"href":"https:\/\/akdenizolay.com.tr\/index.php\/wp-json\/wp\/v2\/users\/1"}],"replies":[{"embeddable":true,"href":"https:\/\/akdenizolay.com.tr\/index.php\/wp-json\/wp\/v2\/comments?post=13370"}],"version-history":[{"count":1,"href":"https:\/\/akdenizolay.com.tr\/index.php\/wp-json\/wp\/v2\/posts\/13370\/revisions"}],"predecessor-version":[{"id":13372,"href":"https:\/\/akdenizolay.com.tr\/index.php\/wp-json\/wp\/v2\/posts\/13370\/revisions\/13372"}],"wp:featuredmedia":[{"embeddable":true,"href":"https:\/\/akdenizolay.com.tr\/index.php\/wp-json\/wp\/v2\/media\/13371"}],"wp:attachment":[{"href":"https:\/\/akdenizolay.com.tr\/index.php\/wp-json\/wp\/v2\/media?parent=13370"}],"wp:term":[{"taxonomy":"category","embeddable":true,"href":"https:\/\/akdenizolay.com.tr\/index.php\/wp-json\/wp\/v2\/categories?post=13370"},{"taxonomy":"post_tag","embeddable":true,"href":"https:\/\/akdenizolay.com.tr\/index.php\/wp-json\/wp\/v2\/tags?post=13370"}],"curies":[{"name":"wp","href":"https:\/\/api.w.org\/{rel}","templated":true}]}}