{"id":13373,"date":"2026-04-27T08:30:52","date_gmt":"2026-04-27T08:30:52","guid":{"rendered":"https:\/\/akdenizolay.com.tr\/index.php\/2026\/04\/27\/momo-enkaz-icin-egitiliyor\/"},"modified":"2026-04-27T08:30:53","modified_gmt":"2026-04-27T08:30:53","slug":"momo-enkaz-icin-egitiliyor","status":"publish","type":"post","link":"https:\/\/akdenizolay.com.tr\/index.php\/2026\/04\/27\/momo-enkaz-icin-egitiliyor\/","title":{"rendered":"Momo enkaz i\u00e7in e\u011fitiliyor"},"content":{"rendered":"<p> \u0130zmir B\u00fcy\u00fck\u015fehir Belediyesi \u0130tfaiyesi K9 Birimi, Pako Sokak Hayvanlar\u0131 Kamp\u00fcs\u00fc\u2019nden sahiplendi\u011fi Bel\u00e7ika kurdu Momo\u2019yu arama kurtarma k\u00f6pe\u011fi olarak yeti\u015ftiriyor. Yakla\u015f\u0131k 6 ayda \u00f6nemli ilerleme kaydeden Momo, enkaz alt\u0131nda insan hayat\u0131na ula\u015fmak i\u00e7in e\u011fitim al\u0131yor.<\/p>\n<p>\u0130zmir B\u00fcy\u00fck\u015fehir Belediyesi \u0130tfaiye Dairesi Ba\u015fkanl\u0131\u011f\u0131\u2019na ba\u011fl\u0131 Arama Kurtarma \u015eube M\u00fcd\u00fcrl\u00fc\u011f\u00fc K9 Birimi, afetlere haz\u0131rlan\u0131rken yaln\u0131zca k\u00f6pekleri e\u011fitmekle kalm\u0131yor, ayn\u0131 zamanda umut dolu hikayeler de biriktiriyor. Bu hik\u00e2yelerden biri de Pako Sokak Hayvanlar\u0131 Sosyal Ya\u015fam Kamp\u00fcs\u00fc\u2019nden sahiplendirilerek arama kurtarma k\u00f6pe\u011fi olmak \u00fczere e\u011fitilen 2 ya\u015f\u0131ndaki Bel\u00e7ika kurdu Momo\u2019ya ait. Yakla\u015f\u0131k 6 ay \u00f6nce Pako\u2019dan sahiplenilen Momo, k\u0131sa s\u00fcrede \u00f6nemli bir geli\u015fim g\u00f6sterdi. Malinois, Labrador ve Border Collie \u0131rklar\u0131ndan be\u015f k\u00f6pe\u011fin bulundu\u011fu birim, yeni \u00fcyesiyle daha da g\u00fc\u00e7lendi. Eyl\u00fcl ay\u0131nda AFAD taraf\u0131ndan yap\u0131lacak s\u0131navlara girecek olan Momo, ba\u015far\u0131l\u0131 olmas\u0131 halinde sertifika alarak operasyonlara kat\u0131labilecek. Bu da onun, bar\u0131nakta ba\u015flayan ya\u015fam\u0131n\u0131n, afetlerde insan hayat\u0131na dokunan bir yolculu\u011fa d\u00f6n\u00fc\u015fmesi anlam\u0131na geliyor.<\/p>\n<p><strong>Sessiz bekleyi\u015ften umut yolculu\u011funa<\/strong><br \/>K9 biriminde k\u00f6pek e\u011fitmeni ve veteriner teknikeri olarak g\u00f6rev yapan Erman Demirta\u015f, 2016\u2019dan bu yana arama kurtarma k\u00f6pekleriyle \u00e7al\u0131\u015f\u0131yor. Demirta\u015f, Momo\u2019nun hikayesinin s\u0131radan bir sahiplenmenin \u00e7ok \u00f6tesinde oldu\u011funu vurgulayarak, \u201cOnu ald\u0131\u011f\u0131m\u0131zda zay\u0131ft\u0131, \u2018zor olur\u2019 diyenler vard\u0131. Ama biz onun i\u00e7indeki potansiyeli g\u00f6rd\u00fck\u201d dedi. 3 ayd\u0131r aktif e\u011fitim s\u00fcrecinde olan Momo\u2019nun, k\u0131sa s\u00fcrede b\u00fcy\u00fck bir geli\u015fme g\u00f6sterdi\u011fini belirten Demirta\u015f, \u201cDo\u011fru bak\u0131m, sab\u0131r ve e\u011fitimle bamba\u015fka bir noktaya geldi. Art\u0131k enkaz alt\u0131nda insan kokusunu ay\u0131rt edebiliyor ve do\u011fru tepki verebiliyor\u201d diye konu\u015ftu.<\/p>\n<p><strong>\u201cOnun i\u00e7indeki g\u00fcc\u00fc g\u00f6rd\u00fck\u201d<\/strong><br \/>Bir arama kurtarma k\u00f6pe\u011finin tam anlam\u0131yla g\u00f6reve haz\u0131r hale gelmesinin ortalama 1,5 y\u0131l s\u00fcrd\u00fc\u011f\u00fcn\u00fc ifade eden Demirta\u015f, Momo\u2019nun e\u011fitime biraz ge\u00e7 ba\u015flamas\u0131na ra\u011fmen h\u0131zl\u0131 ilerledi\u011fini s\u00f6yleyerek, \u201cO hala bir \u00f6\u011frenci ama \u00e7ok istekli. Biz ona inan\u0131yoruz\u201d dedi.\u00a0<\/p>\n<p><strong>\u201cOnlar hayat kurtaran ekip arkada\u015flar\u0131m\u0131z\u201d<\/strong><br \/>T\u00fcrkiye\u2019nin deprem ger\u00e7e\u011fine dikkat \u00e7eken Demirta\u015f, arama kurtarma k\u00f6peklerinin \u00f6nemini \u015fu s\u00f6zlerle anlatt\u0131: \u201cEnkaz alt\u0131nda zamanla yar\u0131\u015f\u0131yoruz. K9 k\u00f6pekleri, ula\u015famad\u0131\u011f\u0131m\u0131z noktalarda canl\u0131ya ula\u015fmam\u0131z\u0131 sa\u011fl\u0131yor. Onlar bizim en \u00f6nemli ekip arkada\u015flar\u0131m\u0131z.\u201d<br \/>Demirta\u015f, bar\u0131naklardaki hayvanlara da dikkat \u00e7ekerek, \u201cKe\u015ffedilmeyi bekleyen \u00e7ok say\u0131da zeki ve kabiliyetli can var. Momo bunun en somut \u00f6rne\u011fi. Ona bir \u015fans verildi, o da bu \u015fans\u0131 bizlerin de deste\u011fi ile hayat kurtaracak bir yola d\u00f6n\u00fc\u015ft\u00fcrd\u00fc\u201d ifadelerini kulland\u0131.<\/p>\n<p>\u00a0<\/p>\n<p>\u00a0<\/p>\n<p>Kaynak: (BYZHA) Beyaz Haber Ajans\u0131<\/p>\n","protected":false},"excerpt":{"rendered":"<p>\u0130zmir B\u00fcy\u00fck\u015fehir Belediyesi \u0130tfaiyesi K9 Birimi, Pako Sokak Hayvanlar\u0131 Kamp\u00fcs\u00fc\u2019nden sahiplendi\u011fi Bel\u00e7ika kurdu Momo\u2019yu arama kurtarma k\u00f6pe\u011fi olarak yeti\u015ftiriyor.<\/p>\n","protected":false},"author":1,"featured_media":13374,"comment_status":"open","ping_status":"open","sticky":false,"template":"","format":"standard","meta":{"footnotes":""},"categories":[22],"tags":[],"class_list":["post-13373","post","type-post","status-publish","format-standard","has-post-thumbnail","hentry","category-egitim"],"_links":{"self":[{"href":"https:\/\/akdenizolay.com.tr\/index.php\/wp-json\/wp\/v2\/posts\/13373","targetHints":{"allow":["GET"]}}],"collection":[{"href":"https:\/\/akdenizolay.com.tr\/index.php\/wp-json\/wp\/v2\/posts"}],"about":[{"href":"https:\/\/akdenizolay.com.tr\/index.php\/wp-json\/wp\/v2\/types\/post"}],"author":[{"embeddable":true,"href":"https:\/\/akdenizolay.com.tr\/index.php\/wp-json\/wp\/v2\/users\/1"}],"replies":[{"embeddable":true,"href":"https:\/\/akdenizolay.com.tr\/index.php\/wp-json\/wp\/v2\/comments?post=13373"}],"version-history":[{"count":1,"href":"https:\/\/akdenizolay.com.tr\/index.php\/wp-json\/wp\/v2\/posts\/13373\/revisions"}],"predecessor-version":[{"id":13375,"href":"https:\/\/akdenizolay.com.tr\/index.php\/wp-json\/wp\/v2\/posts\/13373\/revisions\/13375"}],"wp:featuredmedia":[{"embeddable":true,"href":"https:\/\/akdenizolay.com.tr\/index.php\/wp-json\/wp\/v2\/media\/13374"}],"wp:attachment":[{"href":"https:\/\/akdenizolay.com.tr\/index.php\/wp-json\/wp\/v2\/media?parent=13373"}],"wp:term":[{"taxonomy":"category","embeddable":true,"href":"https:\/\/akdenizolay.com.tr\/index.php\/wp-json\/wp\/v2\/categories?post=13373"},{"taxonomy":"post_tag","embeddable":true,"href":"https:\/\/akdenizolay.com.tr\/index.php\/wp-json\/wp\/v2\/tags?post=13373"}],"curies":[{"name":"wp","href":"https:\/\/api.w.org\/{rel}","templated":true}]}}