{"id":13418,"date":"2026-04-27T10:29:18","date_gmt":"2026-04-27T10:29:18","guid":{"rendered":"https:\/\/akdenizolay.com.tr\/index.php\/2026\/04\/27\/is-kazalari-bitmiyor-cozum-guvenlik-kulturunde\/"},"modified":"2026-04-27T10:29:19","modified_gmt":"2026-04-27T10:29:19","slug":"is-kazalari-bitmiyor-cozum-guvenlik-kulturunde","status":"publish","type":"post","link":"https:\/\/akdenizolay.com.tr\/index.php\/2026\/04\/27\/is-kazalari-bitmiyor-cozum-guvenlik-kulturunde\/","title":{"rendered":"\u0130\u015f kazalar\u0131 bitmiyor \u00e7\u00f6z\u00fcm \u2018g\u00fcvenlik k\u00fclt\u00fcr\u00fc\u2019nde!"},"content":{"rendered":"<p> \u00dcsk\u00fcdar \u00dcniversitesi Sa\u011fl\u0131k Bilimleri Fak\u00fcltesi \u0130\u015f Sa\u011fl\u0131\u011f\u0131 ve G\u00fcvenli\u011fi B\u00f6l\u00fcm\u00fc\u2019nden<strong>\u00a0<\/strong>Dr. \u00d6\u011fr. \u00dcyesi Serta\u00e7 Temur, 28 Nisan D\u00fcnya \u0130\u015f Sa\u011fl\u0131\u011f\u0131 ve G\u00fcvenli\u011fi G\u00fcn\u00fc dolay\u0131s\u0131yla de\u011ferlendirmelerde bulundu.<\/p>\n<p><strong>\u0130\u015f sa\u011fl\u0131\u011f\u0131 ve g\u00fcvenli\u011finin amac\u0131, insanlar\u0131n sa\u011fl\u0131kl\u0131 ve g\u00fcvenli bir ya\u015fam s\u00fcrmesini sa\u011flamak<\/strong><\/p>\n<p>Sa\u011fl\u0131kl\u0131 olma durumunun ki\u015finin fiziksel, psikolojik ve sosyal a\u00e7\u0131dan sa\u011fl\u0131kl\u0131 olmas\u0131 anlam\u0131na geldi\u011fini dile getiren Dr. \u00d6\u011fr. \u00dcyesi Serta\u00e7 Temur, \u201c\u0130\u015f sa\u011fl\u0131\u011f\u0131 ise \u00e7al\u0131\u015fma ortam\u0131nda ki\u015finin sa\u011fl\u0131kl\u0131 olma durumunu sa\u011flamas\u0131 ad\u0131na yap\u0131lan uygulamalar\u0131; i\u015f g\u00fcvenli\u011fi ise \u00e7al\u0131\u015fma ortam\u0131n\u0131n ki\u015finin g\u00fcvende olmas\u0131 ad\u0131na yap\u0131lmas\u0131 veya al\u0131nmas\u0131 gereken g\u00fcvenlik \u00f6nlemleri anlam\u0131na gelmektedir. Buradan i\u015f sa\u011fl\u0131\u011f\u0131 ve g\u00fcvenli\u011finin temel amac\u0131, en yal\u0131n haliyle, \u00e7al\u0131\u015fanlar\u0131n ya da daha genel bir tabirle insanlar\u0131n sa\u011fl\u0131kl\u0131 ve g\u00fcvenli bir ya\u015fama sahip olmas\u0131d\u0131r. \u0130nsan hayat\u0131ndan daha de\u011ferli bir \u015fey olmad\u0131\u011f\u0131n\u0131 d\u00fc\u015f\u00fcnd\u00fc\u011f\u00fcm\u00fczde, i\u015fyerlerinde y\u00fcr\u00fct\u00fclen her faaliyetin \u00f6ncelikli hedefi; \u00e7al\u0131\u015fan\u0131 olas\u0131 kazalardan, meslek hastal\u0131klar\u0131ndan, fiziksel ve ruhsal zararlardan korumak olmal\u0131d\u0131r. Bu sadece i\u015fyerinin de\u011fil, toplumun genel refah\u0131 i\u00e7in de hayati \u00f6neme sahiptir.\u201d dedi.<\/p>\n<p><strong>En riskli alanlar in\u015faat, sa\u011fl\u0131k ve ta\u015f\u0131mac\u0131l\u0131k<\/strong><\/p>\n<p>T\u00fcrkiye\u2019de i\u015f kazalar\u0131 ve meslek hastal\u0131klar\u0131n\u0131n en s\u0131k g\u00f6r\u00fcld\u00fc\u011f\u00fc sekt\u00f6rlere de de\u011finen Dr. \u00d6\u011fr. \u00dcyesi Serta\u00e7 Temur, \u201cT\u00fcrkiye\u2019de i\u015f kazalar\u0131n\u0131n ve meslek hastal\u0131klar\u0131n\u0131n en s\u0131k ya\u015fand\u0131\u011f\u0131 alanlara bakt\u0131\u011f\u0131m\u0131zda, in\u015faat sekt\u00f6r\u00fc h\u00e2l\u00e2 ilk s\u0131rada yer almaktad\u0131r. Bunun yan\u0131nda, sa\u011fl\u0131k sekt\u00f6r\u00fc \u00e7al\u0131\u015fanlar\u0131 ergonomik riskler ve biyolojik etkenlere ba\u011fl\u0131 meslek hastal\u0131klar\u0131yla kar\u015f\u0131 kar\u015f\u0131yad\u0131r. Son zamanlarda ise otellerde meydana gelen yang\u0131nlar bize, hizmet sekt\u00f6r\u00fcnde yang\u0131n g\u00fcvenli\u011fi \u00f6nlemlerinin ne kadar hayati oldu\u011funu tekrar hat\u0131rlatt\u0131. Ayr\u0131ca, uzun yol ta\u015f\u0131mac\u0131l\u0131\u011f\u0131nda t\u0131r s\u00fcr\u00fcc\u00fclerinin kar\u015f\u0131la\u015ft\u0131\u011f\u0131 trafik kazalar\u0131 ve bu kazalar\u0131n ard\u0131nda yatan yorgunluk, dikkat da\u011f\u0131n\u0131kl\u0131\u011f\u0131, riskli s\u00fcr\u00fc\u015f davran\u0131\u015flar\u0131 gibi etkenler, \u0130SG\u2019nin sadece fabrika veya in\u015faat gibi alanlarda de\u011fil, hayat\u0131n her yerinde gerekli oldu\u011funu ortaya koyuyor.\u201d diye konu\u015ftu.<\/p>\n<p><strong>6331 say\u0131l\u0131 kanun \u00f6nemli bir d\u00f6n\u00fcm noktas\u0131<\/strong><\/p>\n<p>2012 y\u0131l\u0131nda y\u00fcr\u00fcrl\u00fc\u011fe giren 6331 say\u0131l\u0131 \u0130\u015f Sa\u011fl\u0131\u011f\u0131 ve G\u00fcvenli\u011fi Kanunu\u2019nun alandaki en \u00f6nemli ad\u0131mlardan biri oldu\u011funu vurgulayan Dr. \u00d6\u011fr. \u00dcyesi Serta\u00e7 Temur, \u201cBu yasa ile birlikte her i\u015fyerinde risk de\u011ferlendirmesi yap\u0131lmas\u0131, \u00e7al\u0131\u015fanlara e\u011fitim verilmesi ve i\u015f g\u00fcvenli\u011fi uzmanlar\u0131n\u0131n g\u00f6revlendirilmesi gibi zorunluluklar getirildi. 2012 y\u0131l\u0131ndan g\u00fcn\u00fcm\u00fcze 6331 say\u0131l\u0131 \u0130SG Kanunu\u2019nun \u00fczerinde g\u00fcn\u00fcm\u00fcz \u015fartlar\u0131na ve T\u00fcrk \u00e7al\u0131\u015fma k\u00fclt\u00fcr\u00fcne uyumluluk sa\u011flanmas\u0131 ad\u0131na bir\u00e7ok d\u00fczenleme yap\u0131lm\u0131\u015ft\u0131r. Mevzuatsal a\u00e7\u0131dan yap\u0131lan bu yenilikler ve geli\u015fmeler \u00fclkemizde i\u015fyerlerinde g\u00fcvenlik k\u00fclt\u00fcr\u00fcn\u00fcn oturtulmas\u0131 ad\u0131na \u00f6nemli birer ad\u0131m ve sistemli bir yap\u0131ya d\u00f6n\u00fc\u015ft\u00fcrmekte yol g\u00f6sterici niteliktedir.\u201d ifadesinde bulundu.<\/p>\n<p><strong>Mevzuatlar ka\u011f\u0131t \u00fczerinde kalmamal\u0131<\/strong><\/p>\n<p>Mevzuatta yap\u0131lan g\u00fcncellemelerin i\u015fyerlerinde g\u00fcvenlik k\u00fclt\u00fcr\u00fcn\u00fcn olu\u015fturulmas\u0131na katk\u0131 sa\u011flad\u0131\u011f\u0131n\u0131 ifade eden Dr. \u00d6\u011fr. \u00dcyesi Serta\u00e7 Temur, \u201cAncak mevzuatlar ka\u011f\u0131t \u00fczerinde kald\u0131\u011f\u0131nda, bu kazan\u0131mlar ger\u00e7ek hayatta kar\u015f\u0131l\u0131k bulamayabiliyor. Uygulamada, denetimlerin yetersizli\u011fi, i\u015fverenlerin sadece yasal zorunluluklar\u0131 yerine getirme motivasyonuyla hareket etmesi ve baz\u0131 \u00e7al\u0131\u015fanlar\u0131n fark\u0131ndal\u0131k d\u00fczeyinin d\u00fc\u015f\u00fck olmas\u0131 gibi nedenlerle sistem tam anlam\u0131yla i\u015flemez h\u00e2le geliyor. Oysa g\u00fcvenli bir \u00e7al\u0131\u015fma ortam\u0131 i\u00e7in mevzuatlar\u0131n i\u00e7selle\u015ftirilmesi, bir al\u0131\u015fkanl\u0131k h\u00e2line getirilmesi gerekiyor.\u201d \u015feklinde konu\u015ftu.<\/p>\n<p><strong>G\u00fcvenlik k\u00fclt\u00fcr\u00fc ya\u015fam tarz\u0131 haline gelmeli<\/strong><\/p>\n<p>\u0130\u015f sa\u011fl\u0131\u011f\u0131 ve g\u00fcvenli\u011finde kal\u0131c\u0131 ba\u015far\u0131n\u0131n \u201cg\u00fcvenlik k\u00fclt\u00fcr\u00fc\u201d ile m\u00fcmk\u00fcn olabilece\u011fini dile getiren Dr. \u00d6\u011fr. \u00dcyesi Serta\u00e7 Temur, \u201cG\u00fcvenlik k\u00fclt\u00fcr\u00fc, i\u015f sa\u011fl\u0131\u011f\u0131 ve g\u00fcvenli\u011finin yaln\u0131zca bir prosed\u00fcr de\u011fil, ya\u015fam tarz\u0131 h\u00e2line gelmesini ifade eder. Bu k\u00fclt\u00fcr\u00fcn olu\u015fmas\u0131 ise yaln\u0131zca i\u015fyerlerinde de\u011fil, okullarda, evlerde hatta toplu ta\u015f\u0131malarda dahi g\u00fcvenli davran\u0131\u015f bi\u00e7imlerinin benimsenmesiyle m\u00fcmk\u00fcnd\u00fcr. Toplumun geneline yay\u0131lan bir g\u00fcvenlik bilinci, yaln\u0131zca bug\u00fcn\u00fc de\u011fil, yar\u0131n\u0131 da g\u00fcvence alt\u0131na al\u0131r. G\u00fcvenlik k\u00fclt\u00fcr\u00fcn\u00fcn yayg\u0131nla\u015ft\u0131r\u0131lmas\u0131 y\u00f6n\u00fcnde bug\u00fcnden at\u0131lacak ad\u0131mlar ancak 10-15 y\u0131l i\u00e7inde \u00e7ok daha g\u00fcvenli bir toplum yap\u0131s\u0131n\u0131n temellerini atmam\u0131za imk\u00e2n sa\u011flayacakt\u0131r.\u201d dedi.<\/p>\n<p><strong>\u0130SG bir \u00f6nlem de\u011fil, ya\u015fam de\u011feridir<\/strong><\/p>\n<p>\u0130\u015f sa\u011fl\u0131\u011f\u0131 ve g\u00fcvenli\u011finin yaln\u0131zca bir \u00f6nlem paketi olarak g\u00f6r\u00fclmemesi gerekti\u011fini vurgulayan Dr. \u00d6\u011fr. \u00dcyesi Serta\u00e7 Temur, \u201cUzun vadeli hedefe ula\u015fabilmek i\u00e7in t\u00fcmevar\u0131m y\u00f6nteminin izlenmesi \u00f6nemli bir strateji olacakt\u0131r. K\u00fc\u00e7\u00fck ya\u015ftaki \u00e7ocuklar yeni al\u0131\u015fkanl\u0131klar\u0131 daha kolay kazand\u0131klar\u0131 i\u00e7in, g\u00fcvenlik k\u00fclt\u00fcr\u00fc e\u011fitimlerinin erken ya\u015flarda verilmesi b\u00fcy\u00fck \u00f6nem ta\u015f\u0131maktad\u0131r. Ayr\u0131ca, bireylerin lise ve \u00fcniversite mezuniyetlerinden sonra b\u00fcy\u00fck bir k\u0131sm\u0131n\u0131 i\u015fyerlerinde ge\u00e7irmeleri nedeniyle, i\u015fyerlerinde kazan\u0131lan g\u00fcvenli davran\u0131\u015flar zamanla bireyin genel ya\u015fam\u0131na da sirayet eder. Bu da g\u00fcvenlik k\u00fclt\u00fcr\u00fcnde toplumsal bir d\u00f6n\u00fc\u015f\u00fcm\u00fcn ba\u015flamas\u0131nda etkili olacakt\u0131r. E\u011fitim, ileti\u015fim, kat\u0131l\u0131m ve \u00f6rnek davran\u0131\u015flar, bu s\u00fcrecin temel bile\u015fenleridir. \u0130SG yaln\u0131zca bir \u00f6nlem paketi de\u011fil, ya\u015fam\u0131 \u00f6nceleyen bir de\u011ferdir.\u201d \u015feklinde s\u00f6zlerini tamamlad\u0131.\u00a0<\/p>\n<p>\u00a0<\/p>\n<p>Kaynak: (BYZHA) Beyaz Haber Ajans\u0131<\/p>\n","protected":false},"excerpt":{"rendered":"<p>\u00dcsk\u00fcdar \u00dcniversitesi Sa\u011fl\u0131k Bilimleri Fak\u00fcltesi \u0130\u015f Sa\u011fl\u0131\u011f\u0131 ve G\u00fcvenli\u011fi B\u00f6l\u00fcm\u00fc\u2019nden\u00a0Dr.<\/p>\n","protected":false},"author":1,"featured_media":13419,"comment_status":"open","ping_status":"open","sticky":false,"template":"","format":"standard","meta":{"footnotes":""},"categories":[23],"tags":[],"class_list":["post-13418","post","type-post","status-publish","format-standard","has-post-thumbnail","hentry","category-saglik"],"_links":{"self":[{"href":"https:\/\/akdenizolay.com.tr\/index.php\/wp-json\/wp\/v2\/posts\/13418","targetHints":{"allow":["GET"]}}],"collection":[{"href":"https:\/\/akdenizolay.com.tr\/index.php\/wp-json\/wp\/v2\/posts"}],"about":[{"href":"https:\/\/akdenizolay.com.tr\/index.php\/wp-json\/wp\/v2\/types\/post"}],"author":[{"embeddable":true,"href":"https:\/\/akdenizolay.com.tr\/index.php\/wp-json\/wp\/v2\/users\/1"}],"replies":[{"embeddable":true,"href":"https:\/\/akdenizolay.com.tr\/index.php\/wp-json\/wp\/v2\/comments?post=13418"}],"version-history":[{"count":1,"href":"https:\/\/akdenizolay.com.tr\/index.php\/wp-json\/wp\/v2\/posts\/13418\/revisions"}],"predecessor-version":[{"id":13420,"href":"https:\/\/akdenizolay.com.tr\/index.php\/wp-json\/wp\/v2\/posts\/13418\/revisions\/13420"}],"wp:featuredmedia":[{"embeddable":true,"href":"https:\/\/akdenizolay.com.tr\/index.php\/wp-json\/wp\/v2\/media\/13419"}],"wp:attachment":[{"href":"https:\/\/akdenizolay.com.tr\/index.php\/wp-json\/wp\/v2\/media?parent=13418"}],"wp:term":[{"taxonomy":"category","embeddable":true,"href":"https:\/\/akdenizolay.com.tr\/index.php\/wp-json\/wp\/v2\/categories?post=13418"},{"taxonomy":"post_tag","embeddable":true,"href":"https:\/\/akdenizolay.com.tr\/index.php\/wp-json\/wp\/v2\/tags?post=13418"}],"curies":[{"name":"wp","href":"https:\/\/api.w.org\/{rel}","templated":true}]}}