{"id":13421,"date":"2026-04-27T10:38:16","date_gmt":"2026-04-27T10:38:16","guid":{"rendered":"https:\/\/akdenizolay.com.tr\/index.php\/2026\/04\/27\/kemerde-mavi-bayrak-denetimleri-basladi\/"},"modified":"2026-04-27T10:38:17","modified_gmt":"2026-04-27T10:38:17","slug":"kemerde-mavi-bayrak-denetimleri-basladi","status":"publish","type":"post","link":"https:\/\/akdenizolay.com.tr\/index.php\/2026\/04\/27\/kemerde-mavi-bayrak-denetimleri-basladi\/","title":{"rendered":"Kemer\u2019de Mavi Bayrak denetimleri ba\u015flad\u0131"},"content":{"rendered":"<p> Kemer Belediye Ba\u015fkan Yard\u0131mc\u0131s\u0131 Semih Top, 2026 y\u0131l\u0131 yaz sezonu \u00f6ncesi Kemer\u2019de ba\u015flat\u0131lan Mavi Bayrak denetimlerine ili\u015fkin a\u00e7\u0131klamada bulundu.<\/p>\n<p>Ba\u015fkan Yard\u0131mc\u0131s\u0131 Semih Top, Uluslararas\u0131 \u00c7evre E\u011fitim Vakf\u0131 (FEE) kriterleri do\u011frultusunda y\u00fcr\u00fct\u00fclen program kapsam\u0131nda Kemer genelinde ba\u015fvuru yapan 50 tesis ile Kemer Belediyesi Mustafa Ertu\u011frul Aker Park\u0131 Plaj\u0131\u2019nda sezon \u00f6ncesi denetimlerin titizlikle s\u00fcrd\u00fcr\u00fcld\u00fc\u011f\u00fcn\u00fc belirtti.<\/p>\n<p>Ba\u015fkan yard\u0131mc\u0131s\u0131 Semih Top, denetim s\u00fcrecinde plaj ve tesislerin Mavi Bayrak standartlar\u0131na uygunlu\u011funun yerinde incelendi\u011fini ifade ederek, \u201cY\u00fczme suyu kalitesinin d\u00fczenli analizlerinden \u00e7evre y\u00f6netimi uygulamalar\u0131na, at\u0131k ayr\u0131\u015ft\u0131rma sistemlerinden k\u0131y\u0131 ekosisteminin korunmas\u0131na kadar t\u00fcm detaylar hassasiyetle de\u011ferlendirilmektedir. Amac\u0131m\u0131z, hem \u00e7evresel s\u00fcrd\u00fcr\u00fclebilirli\u011fi sa\u011flamak hem de misafirlerimize uluslararas\u0131 standartlarda temiz ve g\u00fcvenli plajlar sunmakt\u0131r.\u201d dedi.<\/p>\n<p>Denetimler kapsam\u0131nda cankurtaran hizmetleri, ilk yard\u0131m olanaklar\u0131 ve engelli bireylerin sahillere eri\u015fimini kolayla\u015ft\u0131ran d\u00fczenlemelerin de kontrol edildi\u011fine dikkat \u00e7eken Ba\u015fkan yard\u0131mc\u0131s\u0131 Semih Top, \u201cHerkes i\u00e7in eri\u015filebilir, g\u00fcvenli ve \u00e7evreye duyarl\u0131 plajlar olu\u015fturmak \u00f6nceliklerimiz aras\u0131nda yer al\u0131yor.\u201d ifadelerini kulland\u0131.<\/p>\n<p>Kemer Belediyesi \u0130klim De\u011fi\u015fikli\u011fi ve S\u0131f\u0131r At\u0131k M\u00fcd\u00fcr Serap Minta ise Kemer\u2019in do\u011fal g\u00fczelliklerini koruyarak Mavi Bayrak gibi uluslararas\u0131 kalite standartlar\u0131n\u0131 s\u00fcrd\u00fcrmeyi hedeflediklerini vurgulayarak denetimlerin sezon boyunca aral\u0131ks\u0131z devam edece\u011fini s\u00f6yledi.<\/p>\n<p>\u00a0<\/p>\n<p>Kaynak: (BYZHA) Beyaz Haber Ajans\u0131<\/p>\n","protected":false},"excerpt":{"rendered":"<p>Kemer Belediye Ba\u015fkan Yard\u0131mc\u0131s\u0131 Semih Top, 2026 y\u0131l\u0131 yaz sezonu \u00f6ncesi Kemer\u2019de ba\u015flat\u0131lan Mavi Bayrak denetimlerine ili\u015fkin a\u00e7\u0131klamada bulundu.<\/p>\n","protected":false},"author":1,"featured_media":13422,"comment_status":"open","ping_status":"open","sticky":false,"template":"","format":"standard","meta":{"footnotes":""},"categories":[20],"tags":[],"class_list":["post-13421","post","type-post","status-publish","format-standard","has-post-thumbnail","hentry","category-gundem"],"_links":{"self":[{"href":"https:\/\/akdenizolay.com.tr\/index.php\/wp-json\/wp\/v2\/posts\/13421","targetHints":{"allow":["GET"]}}],"collection":[{"href":"https:\/\/akdenizolay.com.tr\/index.php\/wp-json\/wp\/v2\/posts"}],"about":[{"href":"https:\/\/akdenizolay.com.tr\/index.php\/wp-json\/wp\/v2\/types\/post"}],"author":[{"embeddable":true,"href":"https:\/\/akdenizolay.com.tr\/index.php\/wp-json\/wp\/v2\/users\/1"}],"replies":[{"embeddable":true,"href":"https:\/\/akdenizolay.com.tr\/index.php\/wp-json\/wp\/v2\/comments?post=13421"}],"version-history":[{"count":1,"href":"https:\/\/akdenizolay.com.tr\/index.php\/wp-json\/wp\/v2\/posts\/13421\/revisions"}],"predecessor-version":[{"id":13423,"href":"https:\/\/akdenizolay.com.tr\/index.php\/wp-json\/wp\/v2\/posts\/13421\/revisions\/13423"}],"wp:featuredmedia":[{"embeddable":true,"href":"https:\/\/akdenizolay.com.tr\/index.php\/wp-json\/wp\/v2\/media\/13422"}],"wp:attachment":[{"href":"https:\/\/akdenizolay.com.tr\/index.php\/wp-json\/wp\/v2\/media?parent=13421"}],"wp:term":[{"taxonomy":"category","embeddable":true,"href":"https:\/\/akdenizolay.com.tr\/index.php\/wp-json\/wp\/v2\/categories?post=13421"},{"taxonomy":"post_tag","embeddable":true,"href":"https:\/\/akdenizolay.com.tr\/index.php\/wp-json\/wp\/v2\/tags?post=13421"}],"curies":[{"name":"wp","href":"https:\/\/api.w.org\/{rel}","templated":true}]}}