{"id":13433,"date":"2026-04-27T10:38:37","date_gmt":"2026-04-27T10:38:37","guid":{"rendered":"https:\/\/akdenizolay.com.tr\/index.php\/2026\/04\/27\/iki-sehir-tek-pota-konya-buyuksehir-belediyespor-bosna-hersekten-kk-realway-ile-is-birligi-protokolu-imzaladi\/"},"modified":"2026-04-27T10:38:38","modified_gmt":"2026-04-27T10:38:38","slug":"iki-sehir-tek-pota-konya-buyuksehir-belediyespor-bosna-hersekten-kk-realway-ile-is-birligi-protokolu-imzaladi","status":"publish","type":"post","link":"https:\/\/akdenizolay.com.tr\/index.php\/2026\/04\/27\/iki-sehir-tek-pota-konya-buyuksehir-belediyespor-bosna-hersekten-kk-realway-ile-is-birligi-protokolu-imzaladi\/","title":{"rendered":"\u201c\u0130ki \u015eehir, Tek Pota\u201d Konya B\u00fcy\u00fck\u015fehir Belediyespor, Bosna Hersek\u2019ten KK Realway ile \u0130\u015f Birli\u011fi Protokol\u00fc \u0130mzalad\u0131"},"content":{"rendered":"\n<p data-asw-org-font-size=\"14\"><strong>T\u00fcrk sporuna de\u011fer katan Konya B\u00fcy\u00fck\u015fehir Belediyespor, basketbol bran\u015f\u0131nda anlaml\u0131 bir uluslararas\u0131 i\u015f birli\u011fine imza att\u0131. Altyap\u0131 yap\u0131lanmas\u0131na \u00f6nem veren ve gelece\u011fe sa\u011flam ad\u0131mlarla ilerleyen B\u00fcy\u00fck\u015fehir, T\u00fcrkiye ile Bosna Hersek aras\u0131nda tarihten gelen g\u00fc\u00e7l\u00fc ba\u011flar\u0131 spor arac\u0131l\u0131\u011f\u0131yla yeni bir boyuta ta\u015f\u0131d\u0131.<\/strong><\/p>\n<hr \/>\n<p data-asw-org-font-size=\"14\">Konya B\u00fcy\u00fck\u015fehir Belediyespor, \u201c\u0130ki \u015eehir, Tek Pota\u201d mottosuyla, Bosna Hersek temsilcisi KK Realway ile basketbol altyap\u0131lar\u0131n\u0131n geli\u015fimine y\u00f6nelik iyi niyet ve i\u015f birli\u011fi protokol\u00fc imzalad\u0131.<\/p>\n<p data-asw-org-font-size=\"14\">Bu kapsamda Konya\u2019ya gelen Bosna Hersek heyeti, Konya B\u00fcy\u00fck\u015fehir Belediyespor yetkilileriyle bir araya geldi. Ger\u00e7ekle\u015ftirilen g\u00f6r\u00fc\u015fmelerin ard\u0131ndan imzalanan protokolle iki kul\u00fcp aras\u0131ndaki i\u015f birli\u011fi resmiyet kazand\u0131. Protokol kapsam\u0131nda altyap\u0131 organizasyonlar\u0131, oyuncu geli\u015fimi, ortak kamp programlar\u0131 ve kar\u015f\u0131l\u0131kl\u0131 sporcu etkile\u015fimini art\u0131rmaya y\u00f6nelik \u00e7al\u0131\u015fmalar hedefleniyor.<\/p>\n<p data-asw-org-font-size=\"14\"><strong>SERG\u0130Y\u0130 Z\u0130YARET ETT\u0130LER<\/strong><\/p>\n<p data-asw-org-font-size=\"14\">Program kapsam\u0131nda KK Realway sporcular\u0131, Tantavi K\u00fclt\u00fcr ve Sanat Merkezi\u2019nde a\u00e7\u0131lan, Bosna Hersek\u2019in ilk Cumhurba\u015fkan\u0131 Aliya \u0130zzetbegovi\u00e7\u2019in 100. do\u011fum y\u0131l\u0131 an\u0131s\u0131na haz\u0131rlanan \u201cAliya 100 Ya\u015f\u0131nda: Hayat, Fikir, M\u00fccadele\u201d sergisini ziyaret etti. Sporcular ve teknik heyet, sergide Aliya \u0130zzetbegovi\u00e7\u2019in hayat\u0131, d\u00fc\u015f\u00fcnce d\u00fcnyas\u0131 ve m\u00fccadelesine ili\u015fkin \u00f6nemli eserleri inceleme f\u0131rsat\u0131 buldu.<\/p>\n<p data-asw-org-font-size=\"14\"><strong>HAZIRLIK MA\u00c7INDA KAR\u015eI KAR\u015eIYA GELD\u0130LER<\/strong><\/p>\n<p data-asw-org-font-size=\"14\">18-24 May\u0131s tarihlerinde Konya\u2019da d\u00fczenlenecek U16 Erkekler T\u00fcrkiye \u015eampiyonas\u0131 haz\u0131rl\u0131klar\u0131n\u0131 s\u00fcrd\u00fcren Konya B\u00fcy\u00fck\u015fehir Belediyespor, i\u015f birli\u011fi protokol\u00fc kapsam\u0131nda Konya\u2019ya gelen KK Realway ile \u00f6zel bir haz\u0131rl\u0131k ma\u00e7\u0131nda kar\u015f\u0131 kar\u015f\u0131ya geldi.<\/p>\n<p data-asw-org-font-size=\"14\">Bu anlaml\u0131 bulu\u015fma, iki kul\u00fcp aras\u0131ndaki sportif i\u015f birli\u011finin sahaya yans\u0131yan ilk ad\u0131m\u0131 olurken; gen\u00e7 sporcular a\u00e7\u0131s\u0131ndan da \u00f6nemli bir uluslararas\u0131 deneyim niteli\u011fi ta\u015f\u0131d\u0131.<br \/>\u00a0<\/p>\n<p data-asw-org-font-size=\"14\">\u00a0<\/p>\n<p>Kaynak: (BYZHA) Beyaz Haber Ajans\u0131<\/p>\n","protected":false},"excerpt":{"rendered":"<p>T\u00fcrk sporuna de\u011fer katan Konya B\u00fcy\u00fck\u015fehir Belediyespor, basketbol bran\u015f\u0131nda anlaml\u0131 bir uluslararas\u0131 i\u015f birli\u011fine imza att\u0131.<\/p>\n","protected":false},"author":1,"featured_media":13434,"comment_status":"open","ping_status":"open","sticky":false,"template":"","format":"standard","meta":{"footnotes":""},"categories":[25],"tags":[],"class_list":["post-13433","post","type-post","status-publish","format-standard","has-post-thumbnail","hentry","category-spor"],"_links":{"self":[{"href":"https:\/\/akdenizolay.com.tr\/index.php\/wp-json\/wp\/v2\/posts\/13433","targetHints":{"allow":["GET"]}}],"collection":[{"href":"https:\/\/akdenizolay.com.tr\/index.php\/wp-json\/wp\/v2\/posts"}],"about":[{"href":"https:\/\/akdenizolay.com.tr\/index.php\/wp-json\/wp\/v2\/types\/post"}],"author":[{"embeddable":true,"href":"https:\/\/akdenizolay.com.tr\/index.php\/wp-json\/wp\/v2\/users\/1"}],"replies":[{"embeddable":true,"href":"https:\/\/akdenizolay.com.tr\/index.php\/wp-json\/wp\/v2\/comments?post=13433"}],"version-history":[{"count":1,"href":"https:\/\/akdenizolay.com.tr\/index.php\/wp-json\/wp\/v2\/posts\/13433\/revisions"}],"predecessor-version":[{"id":13435,"href":"https:\/\/akdenizolay.com.tr\/index.php\/wp-json\/wp\/v2\/posts\/13433\/revisions\/13435"}],"wp:featuredmedia":[{"embeddable":true,"href":"https:\/\/akdenizolay.com.tr\/index.php\/wp-json\/wp\/v2\/media\/13434"}],"wp:attachment":[{"href":"https:\/\/akdenizolay.com.tr\/index.php\/wp-json\/wp\/v2\/media?parent=13433"}],"wp:term":[{"taxonomy":"category","embeddable":true,"href":"https:\/\/akdenizolay.com.tr\/index.php\/wp-json\/wp\/v2\/categories?post=13433"},{"taxonomy":"post_tag","embeddable":true,"href":"https:\/\/akdenizolay.com.tr\/index.php\/wp-json\/wp\/v2\/tags?post=13433"}],"curies":[{"name":"wp","href":"https:\/\/api.w.org\/{rel}","templated":true}]}}