{"id":13442,"date":"2026-04-27T10:49:33","date_gmt":"2026-04-27T10:49:33","guid":{"rendered":"https:\/\/akdenizolay.com.tr\/index.php\/2026\/04\/27\/by-kafede-ilk-perde-acildi-ates-basinda-gulen-gozler-bulusmasi\/"},"modified":"2026-04-27T10:49:34","modified_gmt":"2026-04-27T10:49:34","slug":"by-kafede-ilk-perde-acildi-ates-basinda-gulen-gozler-bulusmasi","status":"publish","type":"post","link":"https:\/\/akdenizolay.com.tr\/index.php\/2026\/04\/27\/by-kafede-ilk-perde-acildi-ates-basinda-gulen-gozler-bulusmasi\/","title":{"rendered":"By Kafe\u2019de ilk perde a\u00e7\u0131ld\u0131: Ate\u015f ba\u015f\u0131nda \u2018G\u00fclen G\u00f6zler\u2019 bulu\u015fmas\u0131"},"content":{"rendered":"\n<p style=\"margin-bottom:11px\"><span style=\"font-size:11pt\"><span style=\"line-height:150%\"><span style=\"font-family:Calibri,sans-serif\"><b><span style=\"font-size:12.0pt\"><span style=\"line-height:150%\"><span style=\",sans-serif\">Bayrampa\u015fa Belediyesi\u2019nin gen\u00e7lere y\u00f6nelik hayata ge\u00e7irdi\u011fi By Kafe\u2019de a\u00e7\u0131k hava sinema g\u00f6sterimleri ba\u015flad\u0131. \u0130lk g\u00f6sterimde \u201cG\u00fclen G\u00f6zler\u201d filmi izlenirken, Belediye Ba\u015fkan Vekili \u0130brahim Ak\u0131n da gen\u00e7lerle ate\u015f ba\u015f\u0131nda bir araya geldi.<\/span><\/span><\/span><\/b><\/span><\/span><\/span><\/p>\n<p style=\"margin-bottom:11px\"><span style=\"font-size:11pt\"><span style=\"line-height:150%\"><span style=\"font-family:Calibri,sans-serif\"><span style=\"font-size:12.0pt\"><span style=\"line-height:150%\"><span style=\",sans-serif\">\u0130stanbul Bayrampa\u015fa Belediyesi\u2019nin Muratpa\u015fa Mahallesi, Sinema Sokak\u2019ta hizmete sundu\u011fu By Kafe, sosyal ve k\u00fclt\u00fcrel etkinliklerle dikkat \u00e7ekmeye devam ediyor. Gen\u00e7lerin bulu\u015fma noktas\u0131 olarak tasarlanan mek\u00e2nda a\u00e7\u0131k hava sinema g\u00f6sterimleri ba\u015flad\u0131. \u0130lk g\u00f6sterimde T\u00fcrk sinemas\u0131n\u0131n sevilen yap\u0131mlar\u0131ndan \u201cG\u00fclen G\u00f6zler\u201d izleyiciyle bulu\u015ftu.<\/span><\/span><\/span><\/span><\/span><\/span><\/p>\n<p style=\"margin-bottom:11px\"><span style=\"font-size:11pt\"><span style=\"line-height:150%\"><span style=\"font-family:Calibri,sans-serif\"><b><span style=\"font-size:12.0pt\"><span style=\"line-height:150%\"><span style=\",sans-serif\">ATE\u015e BA\u015eI SOHBET VE S\u0130NEMA B\u0130R ARADA<\/span><\/span><\/span><\/b><\/span><\/span><\/span><\/p>\n<p style=\"margin-bottom:11px\"><span style=\"font-size:11pt\"><span style=\"line-height:150%\"><span style=\"font-family:Calibri,sans-serif\"><span style=\"font-size:12.0pt\"><span style=\"line-height:150%\"><span style=\",sans-serif\">A\u00e7\u0131k hava konsepti ve odun ate\u015fi etraf\u0131nda \u015fekillenen atmosferiyle \u00f6ne \u00e7\u0131kan By Kafe\u2019de sinema keyfi, samimi sohbetlerle birle\u015fti. G\u00f6sterime kat\u0131lan Bayrampa\u015fa Belediye Ba\u015fkan Vekili \u0130brahim Ak\u0131n, gen\u00e7lerle birlikte filmi izledi, ard\u0131ndan ate\u015f ba\u015f\u0131nda sohbet etti.<\/span><\/span><\/span><\/span><\/span><\/span><\/p>\n<p style=\"margin-bottom:11px\"><span style=\"font-size:11pt\"><span style=\"line-height:150%\"><span style=\"font-family:Calibri,sans-serif\"><span style=\"font-size:12.0pt\"><span style=\"line-height:150%\"><span style=\",sans-serif\">Ak\u0131n, gen\u00e7lerle do\u011frudan ileti\u015fim kurmay\u0131 \u00f6nemsediklerini belirterek, By Kafe\u2019nin sadece bir sosyal alan de\u011fil, ayn\u0131 zamanda fikirlerin payla\u015f\u0131ld\u0131\u011f\u0131 bir bulu\u015fma noktas\u0131 oldu\u011funu vurgulad\u0131.<\/span><\/span><\/span><\/span><\/span><\/span><\/p>\n<p style=\"margin-bottom:11px\"><span style=\"font-size:11pt\"><span style=\"line-height:150%\"><span style=\"font-family:Calibri,sans-serif\"><b><span style=\"font-size:12.0pt\"><span style=\"line-height:150%\"><span style=\",sans-serif\">RESM\u0130YET YOK, SAM\u0130M\u0130YET VAR<\/span><\/span><\/span><\/b><\/span><\/span><\/span><\/p>\n<p style=\"margin-bottom:11px\"><span style=\"font-size:11pt\"><span style=\"line-height:150%\"><span style=\"font-family:Calibri,sans-serif\"><span style=\"font-size:12.0pt\"><span style=\"line-height:150%\"><span style=\",sans-serif\">Gen\u00e7lerin kendilerini rahat\u00e7a ifade edebilece\u011fi, resmiyetten uzak ve samimi ortamlar olu\u015fturmay\u0131 hedeflediklerini belirten Ak\u0131n, \u201cMakamda de\u011fil, burada, ayn\u0131 ortamda bir araya gelmek bizim i\u00e7in \u00e7ok k\u0131ymetli. Resmiyetin olmad\u0131\u011f\u0131, samimiyetin \u00f6ne \u00e7\u0131kt\u0131\u011f\u0131 bu alan\u0131n gen\u00e7lerimiz i\u00e7in s\u0131cak ve i\u00e7ten bir bulu\u015fma noktas\u0131 olmas\u0131n\u0131 istiyoruz\u201d dedi.<\/span><\/span><\/span><\/span><\/span><\/span><\/p>\n<p style=\"margin-bottom:11px\"><span style=\"font-size:11pt\"><span style=\"line-height:150%\"><span style=\"font-family:Calibri,sans-serif\"><b><span style=\"font-size:12.0pt\"><span style=\"line-height:150%\"><span style=\",sans-serif\">HAFTA \u0130\u00c7\u0130 SOHBET, CUMA VE CUMARTES\u0130 S\u0130NEMA KEYF\u0130<\/span><\/span><\/span><\/b><\/span><\/span><\/span><\/p>\n<p style=\"margin-bottom:11px\"><span style=\"font-size:11pt\"><span style=\"line-height:150%\"><span style=\"font-family:Calibri,sans-serif\"><span style=\"font-size:12.0pt\"><span style=\"line-height:150%\"><span style=\",sans-serif\">By Kafe\u2019de hafta i\u00e7i her ak\u015fam gen\u00e7lerle ate\u015f ba\u015f\u0131 sohbetler s\u00fcrerken, cuma ve cumartesi g\u00fcnleri ise a\u00e7\u0131k hava sinemas\u0131yla nostaljik bir atmosfer ya\u015fat\u0131lacak. \u201cY\u0131ld\u0131zlar Ge\u00e7idi\u201d konsepti kapsam\u0131nda ilerleyen g\u00fcnlerde farkl\u0131 film g\u00f6sterimleri ve konuk bulu\u015fmalar\u0131 da planlan\u0131yor.<\/span><\/span><\/span><\/span><\/span><\/span><\/p>\n<p style=\"margin-bottom:11px\"><span style=\"font-size:11pt\"><span style=\"line-height:150%\"><span style=\"font-family:Calibri,sans-serif\"><span style=\"font-size:12.0pt\"><span style=\"line-height:150%\"><span style=\",sans-serif\">K\u0131sa s\u00fcrede yo\u011fun ilgi g\u00f6ren By Kafe\u2019nin, Bayrampa\u015fa\u2019da gen\u00e7lerin yeni bulu\u015fma noktalar\u0131ndan biri olmas\u0131 hedefleniyor.<\/span><\/span><\/span><\/span><\/span><\/span><\/p>\n<p style=\"margin-bottom:11px\">\u00a0<\/p>\n<p style=\"margin-bottom:11px\">\u00a0<\/p>\n<p>Kaynak: (BYZHA) Beyaz Haber Ajans\u0131<\/p>\n","protected":false},"excerpt":{"rendered":"<p>Bayrampa\u015fa Belediyesi\u2019nin gen\u00e7lere y\u00f6nelik hayata ge\u00e7irdi\u011fi By Kafe\u2019de a\u00e7\u0131k hava sinema g\u00f6sterimleri ba\u015flad\u0131.<\/p>\n","protected":false},"author":1,"featured_media":13443,"comment_status":"open","ping_status":"open","sticky":false,"template":"","format":"standard","meta":{"footnotes":""},"categories":[24],"tags":[],"class_list":["post-13442","post","type-post","status-publish","format-standard","has-post-thumbnail","hentry","category-kultur-sanat"],"_links":{"self":[{"href":"https:\/\/akdenizolay.com.tr\/index.php\/wp-json\/wp\/v2\/posts\/13442","targetHints":{"allow":["GET"]}}],"collection":[{"href":"https:\/\/akdenizolay.com.tr\/index.php\/wp-json\/wp\/v2\/posts"}],"about":[{"href":"https:\/\/akdenizolay.com.tr\/index.php\/wp-json\/wp\/v2\/types\/post"}],"author":[{"embeddable":true,"href":"https:\/\/akdenizolay.com.tr\/index.php\/wp-json\/wp\/v2\/users\/1"}],"replies":[{"embeddable":true,"href":"https:\/\/akdenizolay.com.tr\/index.php\/wp-json\/wp\/v2\/comments?post=13442"}],"version-history":[{"count":1,"href":"https:\/\/akdenizolay.com.tr\/index.php\/wp-json\/wp\/v2\/posts\/13442\/revisions"}],"predecessor-version":[{"id":13444,"href":"https:\/\/akdenizolay.com.tr\/index.php\/wp-json\/wp\/v2\/posts\/13442\/revisions\/13444"}],"wp:featuredmedia":[{"embeddable":true,"href":"https:\/\/akdenizolay.com.tr\/index.php\/wp-json\/wp\/v2\/media\/13443"}],"wp:attachment":[{"href":"https:\/\/akdenizolay.com.tr\/index.php\/wp-json\/wp\/v2\/media?parent=13442"}],"wp:term":[{"taxonomy":"category","embeddable":true,"href":"https:\/\/akdenizolay.com.tr\/index.php\/wp-json\/wp\/v2\/categories?post=13442"},{"taxonomy":"post_tag","embeddable":true,"href":"https:\/\/akdenizolay.com.tr\/index.php\/wp-json\/wp\/v2\/tags?post=13442"}],"curies":[{"name":"wp","href":"https:\/\/api.w.org\/{rel}","templated":true}]}}