{"id":13469,"date":"2026-04-27T11:49:00","date_gmt":"2026-04-27T11:49:00","guid":{"rendered":"https:\/\/akdenizolay.com.tr\/index.php\/2026\/04\/27\/konya-buyuksehir-keykubad-yolunda-baharin-coskusunu-dogaseverlerle-bulusturdu\/"},"modified":"2026-04-27T11:49:01","modified_gmt":"2026-04-27T11:49:01","slug":"konya-buyuksehir-keykubad-yolunda-baharin-coskusunu-dogaseverlerle-bulusturdu","status":"publish","type":"post","link":"https:\/\/akdenizolay.com.tr\/index.php\/2026\/04\/27\/konya-buyuksehir-keykubad-yolunda-baharin-coskusunu-dogaseverlerle-bulusturdu\/","title":{"rendered":"Konya B\u00fcy\u00fck\u015fehir, Keykubad Yolu\u2019nda Bahar\u0131n Co\u015fkusunu Do\u011faseverlerle Bulu\u015fturdu"},"content":{"rendered":"\n<p data-asw-org-font-size=\"14\"><strong>Konya Valilig\u0306i ve Antalya Valilig\u0306i ile i\u015f birli\u011fi i\u00e7inde Konya Bu\u0308yu\u0308ks\u0327ehir Belediyesi taraf\u0131ndan hayata ge\u00e7irilen 405 kilometre uzunlu\u011fundaki Keykubad G\u00f6\u00e7 ve Kervan Yolu, bahar\u0131n ilk g\u00fcnlerinde T\u00fcrkiye\u2019nin d\u00f6rt bir yan\u0131ndan gelen do\u011faseverleri muhte\u015fem bir atmosferde a\u011f\u0131rlad\u0131. Sel\u00e7uklu Sultan\u0131 Alaeddin Keykubad\u2019\u0131n binlerce y\u0131ll\u0131k fetih ve g\u00f6\u00e7 rotas\u0131 \u00fczerinde ger\u00e7ekle\u015ftirilen etkinlik, Anadolu\u2019nun uyanan do\u011fas\u0131n\u0131 ve sakl\u0131 miras\u0131n\u0131 bir kez daha g\u00f6zler \u00f6n\u00fcne serdi.<\/strong><\/p>\n<hr \/>\n<p data-asw-org-font-size=\"14\">Konya Valilig\u0306i, Antalya Valilig\u0306i ve Konya Bu\u0308yu\u0308ks\u0327ehir Belediyesi taraf\u0131ndan Konya-Alanya aras\u0131ndaki 405 kilometre uzunlug\u0306undaki Keykubad Go\u0308c\u0327 ve Kervan Yolu, do\u011faseverleri a\u011f\u0131rlamaya devam ediyor.<\/p>\n<p data-asw-org-font-size=\"14\"><strong>DEVASA MEDEN\u0130YET ROTASININ 36 K\u0130LOMETREL\u0130K DO\u011eA Z\u0130YAFET\u0130<\/strong><\/p>\n<p data-asw-org-font-size=\"14\">Alanya\u2019dan Konya\u2019ya uzanan toplam 405 kilometre uzunlu\u011fundaki bu devasa medeniyet rotas\u0131n\u0131n en \u00f6zel b\u00f6l\u00fcmlerinden biri olan 36 kilometrelik 6 G\u00f6ller &#8211; Ketenli &#8211; Elbengi etab\u0131, kat\u0131l\u0131mc\u0131lara adeta bir &#8220;ye\u015fil terapi&#8221; sundu.<\/p>\n<p data-asw-org-font-size=\"14\">Bahar\u0131n geli\u015fiyle birlikte taze bir \u00f6rt\u00fcye b\u00fcr\u00fcnen Toroslar\u2019\u0131n eteklerinde ba\u015flayan y\u00fcr\u00fcy\u00fc\u015fte; Gavur G\u00f6l\u00fc, Ke\u015flik, Koval\u0131, Dipsiz ve S\u00fcl\u00fckl\u00fc g\u00f6lleri rotan\u0131n m\u00fccevherleri gibi parlad\u0131.<\/p>\n<p data-asw-org-font-size=\"14\">Bol ya\u011f\u0131\u015flar\u0131n etkisiyle eski ihti\u015fam\u0131na kavu\u015fan g\u00f6ller, \u00e7evresindeki canl\u0131 ye\u015fil tonlar\u0131yla birle\u015ferek y\u00fcr\u00fcy\u00fc\u015f\u00e7\u00fclere e\u015fsiz manzaralar sundu.<\/p>\n<p data-asw-org-font-size=\"14\"><strong>KETENL\u0130\u2019DE B\u0130R BAHAR AK\u015eAMI: K\u00d6Y DOKUSU VE TAB\u0130AT<\/strong><\/p>\n<p data-asw-org-font-size=\"14\">Y\u00fcr\u00fcy\u00fc\u015f\u00fcn ilk g\u00fcn\u00fc, tarihi yerle\u015fimi ve \u00f6zg\u00fcn mimarisiyle dikkat \u00e7eken Ketenli (\u00c7almanda) k\u00f6y\u00fcnde noktaland\u0131.<\/p>\n<p data-asw-org-font-size=\"14\">K\u00f6y\u00fcn merkezindeki okul bah\u00e7esinde g\u00fcvenli ve samimi bir ortamda konaklayan grup, burada geleneksel Anadolu misafirperverli\u011fini hissetti.<\/p>\n<p data-asw-org-font-size=\"14\">Ketenli\u2019nin \u00e7evresini saran ve g\u00f6z alabildi\u011fine uzanan yemye\u015fil vadiler, do\u011fan\u0131n sundu\u011fu en c\u00f6mert tablolardan birini olu\u015fturdu. Kat\u0131l\u0131mc\u0131lar, k\u00f6y\u00fcn tarihi dokusu i\u00e7inde, do\u011fan\u0131n sessizli\u011fi e\u015fli\u011finde taze da\u011f havas\u0131n\u0131 soluman\u0131n ayr\u0131cal\u0131\u011f\u0131n\u0131 ya\u015fad\u0131.<\/p>\n<p data-asw-org-font-size=\"14\"><strong>B\u0130L\u0130M VE TAR\u0130H \u0130\u00c7 \u0130\u00c7E<\/strong><\/p>\n<p data-asw-org-font-size=\"14\">&#8220;Konya\u2019n\u0131n Kapadokyas\u0131&#8221; olarak an\u0131lan ve volkanik kaya yap\u0131s\u0131yla b\u00fcy\u00fcleyen Kilistra ve Botsa b\u00f6lgesinden ge\u00e7en rota, sadece bir spor etkinli\u011fi de\u011fil, ayn\u0131 zamanda bir e\u011fitim sahas\u0131 oldu.<\/p>\n<p data-asw-org-font-size=\"14\">Prof. Osman Do\u011fanay\u2019\u0131n anlat\u0131mlar\u0131yla b\u00f6lgedeki manast\u0131r kompleksleri, kiliseler ve sarn\u0131\u00e7lar\u0131n hikayesini dinleyen y\u00fcr\u00fcy\u00fc\u015f\u00e7\u00fcler, binlerce y\u0131ll\u0131k g\u00f6\u00e7 yollar\u0131n\u0131n ve \u0130pek Yolu\u2019nun izlerini bizzat yerinde deneyimledi.<\/p>\n<p data-asw-org-font-size=\"14\"><strong>ELBENG\u0130\u2019N\u0130N SER\u0130N SULARINDA F\u0130NAL<\/strong><\/p>\n<p data-asw-org-font-size=\"14\">Etkinli\u011fin ikinci g\u00fcn\u00fcnde, yayla hatlar\u0131n\u0131 ve kadim patikalar\u0131 a\u015fan grup, Yaylac\u0131k (Nuzumla) \u00fczerinden Elbengi mesire alan\u0131na ula\u015ft\u0131.<br \/>Do\u011fan\u0131n uyan\u0131\u015f\u0131n\u0131 m\u00fcjdeleyen ku\u015f sesleri ve \u00e7a\u011flayan kaynak sular\u0131 e\u015fli\u011finde tamamlanan y\u00fcr\u00fcy\u00fc\u015f, haf\u0131zalarda silinmeyecek izler b\u0131rakt\u0131.<\/p>\n<p data-asw-org-font-size=\"14\"><strong>B\u0130R K\u00dcLT\u00dcR K\u00d6PR\u00dcS\u00dc: \u00c7ATALH\u00d6Y\u00dcK\u2019TEN SEL\u00c7UKLU\u2019YA<\/strong><\/p>\n<p data-asw-org-font-size=\"14\">Y\u00fcr\u00fcy\u00fc\u015f program\u0131, Konya\u2019n\u0131n turizm vizyonu do\u011frultusunda zengin i\u00e7eriklerle desteklendi.<\/p>\n<p data-asw-org-font-size=\"14\">Program kapsam\u0131nda \u00c7atalh\u00f6y\u00fck Tan\u0131t\u0131m ve Kar\u015f\u0131lama Merkezi\u2019ni ziyaret eden ve \u015fehir turuna kat\u0131lan misafirler, Konya mutfa\u011f\u0131n\u0131n se\u00e7kin lezzetlerini tatma imk\u00e2n\u0131 buldu.<\/p>\n<p data-asw-org-font-size=\"14\">Toplam 405 kilometrelik Keykubad G\u00f6\u00e7 ve Kervan Yolu, her ge\u00e7en g\u00fcn tescillenen yeni etaplar\u0131yla hem profesyonel y\u00fcr\u00fcy\u00fc\u015f\u00e7\u00fcler hem de do\u011fa tutkunlar\u0131 i\u00e7in \u00f6nemli bir cazibe merkezi olmay\u0131 s\u00fcrd\u00fcr\u00fcyor.<\/p>\n<p data-asw-org-font-size=\"14\">Sel\u00e7uklu Sultan\u0131 Alaeddin Keykubad\u2019\u0131n binlerce y\u0131ll\u0131k fetih ve g\u00f6\u00e7 rotas\u0131 \u00fczerinde ger\u00e7ekle\u015ftirilen proje, Anadolu\u2019nun kadim miras\u0131n\u0131n ya\u015fat\u0131lmas\u0131na ve gelecek nesillere aktar\u0131lmas\u0131na katk\u0131 sa\u011fl\u0131yor.<\/p>\n<p data-asw-org-font-size=\"14\"><strong>KATILIMCILAR DO\u011eA VE TAR\u0130H DOLU Y\u00dcR\u00dcY\u00dc\u015eTEN\u00a0MUTLU AYRILDI<\/strong><\/p>\n<p data-asw-org-font-size=\"14\">Y\u00fcr\u00fcy\u00fc\u015fe kat\u0131lan do\u011faseverler de etkinli\u011fi \u00e7ok be\u011fendiklerini, g\u00fczergahta her \u015feyin en ince ayr\u0131nt\u0131s\u0131na kadar d\u00fc\u015f\u00fcn\u00fclm\u00fc\u015f olmas\u0131n\u0131n mutluluk verici oldu\u011funu ifade ederek, eme\u011fi ge\u00e7enlere te\u015fekk\u00fcr etti.<\/p>\n<p data-asw-org-font-size=\"14\">Kat\u0131l\u0131mc\u0131lar, bu ve benzer organizasyonlar\u0131n daha \u00e7ok yap\u0131lmas\u0131 gerekti\u011fini belirterek, sonraki y\u00fcr\u00fcy\u00fc\u015flere de kat\u0131lmak istediklerini, ilgi duyan vatanda\u015flar\u0131n bu etkinlikleri ka\u00e7\u0131rmamalar\u0131 gerekti\u011fini s\u00f6yledi.<\/p>\n<p data-asw-org-font-size=\"14\">\u00a0<\/p>\n<p data-asw-org-font-size=\"14\">\u00a0<\/p>\n<p>Kaynak: (BYZHA) Beyaz Haber Ajans\u0131<\/p>\n","protected":false},"excerpt":{"rendered":"<p>Konya Valilig\u0306i ve Antalya Valilig\u0306i ile i\u015f birli\u011fi i\u00e7inde Konya Bu\u0308yu\u0308ks\u0327ehir Belediyesi taraf\u0131ndan hayata ge\u00e7irilen 405 kilometre uzunlu\u011fundaki Keykubad G\u00f6\u00e7 ve Kervan Yolu, bahar\u0131n ilk g\u00fcnlerinde T\u00fcrkiye\u2019nin d\u00f6rt bir yan\u0131ndan gelen do\u011faseverleri muhte\u015fem bir atmosferde a\u011f\u0131rlad\u0131.<\/p>\n","protected":false},"author":1,"featured_media":13470,"comment_status":"open","ping_status":"open","sticky":false,"template":"","format":"standard","meta":{"footnotes":""},"categories":[24],"tags":[],"class_list":["post-13469","post","type-post","status-publish","format-standard","has-post-thumbnail","hentry","category-kultur-sanat"],"_links":{"self":[{"href":"https:\/\/akdenizolay.com.tr\/index.php\/wp-json\/wp\/v2\/posts\/13469","targetHints":{"allow":["GET"]}}],"collection":[{"href":"https:\/\/akdenizolay.com.tr\/index.php\/wp-json\/wp\/v2\/posts"}],"about":[{"href":"https:\/\/akdenizolay.com.tr\/index.php\/wp-json\/wp\/v2\/types\/post"}],"author":[{"embeddable":true,"href":"https:\/\/akdenizolay.com.tr\/index.php\/wp-json\/wp\/v2\/users\/1"}],"replies":[{"embeddable":true,"href":"https:\/\/akdenizolay.com.tr\/index.php\/wp-json\/wp\/v2\/comments?post=13469"}],"version-history":[{"count":1,"href":"https:\/\/akdenizolay.com.tr\/index.php\/wp-json\/wp\/v2\/posts\/13469\/revisions"}],"predecessor-version":[{"id":13471,"href":"https:\/\/akdenizolay.com.tr\/index.php\/wp-json\/wp\/v2\/posts\/13469\/revisions\/13471"}],"wp:featuredmedia":[{"embeddable":true,"href":"https:\/\/akdenizolay.com.tr\/index.php\/wp-json\/wp\/v2\/media\/13470"}],"wp:attachment":[{"href":"https:\/\/akdenizolay.com.tr\/index.php\/wp-json\/wp\/v2\/media?parent=13469"}],"wp:term":[{"taxonomy":"category","embeddable":true,"href":"https:\/\/akdenizolay.com.tr\/index.php\/wp-json\/wp\/v2\/categories?post=13469"},{"taxonomy":"post_tag","embeddable":true,"href":"https:\/\/akdenizolay.com.tr\/index.php\/wp-json\/wp\/v2\/tags?post=13469"}],"curies":[{"name":"wp","href":"https:\/\/api.w.org\/{rel}","templated":true}]}}