{"id":13517,"date":"2026-04-28T07:31:41","date_gmt":"2026-04-28T07:31:41","guid":{"rendered":"https:\/\/akdenizolay.com.tr\/index.php\/2026\/04\/28\/izmirin-endustriyel-mirasina-avrupadan-tescil\/"},"modified":"2026-04-28T07:31:42","modified_gmt":"2026-04-28T07:31:42","slug":"izmirin-endustriyel-mirasina-avrupadan-tescil","status":"publish","type":"post","link":"https:\/\/akdenizolay.com.tr\/index.php\/2026\/04\/28\/izmirin-endustriyel-mirasina-avrupadan-tescil\/","title":{"rendered":"\u0130zmir\u2019in end\u00fcstriyel miras\u0131na Avrupa\u2019dan tescil"},"content":{"rendered":"<p> \u0130zmir B\u00fcy\u00fck\u015fehir Belediyesi, kentin sanayi miras\u0131n\u0131 koruyup d\u00f6n\u00fc\u015ft\u00fcrerek uluslararas\u0131 vitrine ta\u015f\u0131d\u0131. \u0130zmir B\u00fcy\u00fck\u015fehir Belediyesi\u2019nin titiz \u00e7al\u0131\u015fmalar\u0131yla \u00fc\u00e7 tarihi yap\u0131 Avrupa End\u00fcstriyel Miras Rotas\u0131\u2019nda yerini ald\u0131.<\/p>\n<p>\u0130zmir, end\u00fcstriyel miras\u0131n\u0131 koruma konusundaki ba\u015far\u0131s\u0131n\u0131 uluslararas\u0131 alana ta\u015f\u0131d\u0131. Kentin tarihi dokusunu koruyarak d\u00fcnyaya tan\u0131tma vizyonuyla hareket eden \u0130zmir B\u00fcy\u00fck\u015fehir Belediyesi, kente yeni uluslararas\u0131 ba\u015far\u0131lar ve i\u015f birlikleri kazand\u0131rmay\u0131 s\u00fcrd\u00fcr\u00fcyor. \u0130zmir B\u00fcy\u00fck\u015fehir Belediyesi taraf\u0131ndan titizlikle korunan ve \u015fehre kazand\u0131r\u0131lan Tarihi Havagaz\u0131 Fabrikas\u0131, Tarihi Asans\u00f6r ve Ahmet Piri\u015ftina Kent Ar\u015fivi ve M\u00fczesi, Avrupa\u2019n\u0131n prestijli end\u00fcstriyel turizm a\u011f\u0131 olan Avrupa End\u00fcstriyel Miras Rotas\u0131\u2019na resmi \u00fcye olarak dahil edildi. Bu sayede \u0130zmir\u2019in sanayi ge\u00e7mi\u015finin somut kan\u0131tlar\u0131 olan bu yap\u0131lar, Avrupa sanayi miras\u0131 rotas\u0131n\u0131n bir par\u00e7as\u0131 olarak d\u00fcnya genelindeki turistlerin ve ara\u015ft\u0131rmac\u0131lar\u0131n rotas\u0131na dahil olacak.\u00a0<\/p>\n<p><strong>Cazibe merkezi haline gelecek<\/strong><br \/>\u0130zmir B\u00fcy\u00fck\u015fehir Belediyesi K\u00fclt\u00fcr Sanat ve Sosyal \u0130\u015fler Dairesi Ba\u015fkanl\u0131\u011f\u0131 Turizm \u015eube M\u00fcd\u00fcrl\u00fc\u011f\u00fc taraf\u0131ndan ger\u00e7ekle\u015ftirilen bu \u00fcyelikle, \u0130zmir; geleneksel \u201cdeniz, kum ve g\u00fcne\u015f\u201d turizminin \u00f6tesine ge\u00e7erek, ayn\u0131 zamanda k\u00f6kl\u00fc sanayi tarihi ile de yerli ve yabanc\u0131 turistler i\u00e7in nitelikli bir cazibe merkezi haline gelecek. \u0130zmir B\u00fcy\u00fck\u015fehir Belediyesi, end\u00fcstriyel miras\u0131n korunmas\u0131, belgelenmesi ve ya\u015fayan mekanlara d\u00f6n\u00fc\u015ft\u00fcr\u00fclmesi noktas\u0131nda Avrupa standartlar\u0131ndaki \u00e7al\u0131\u015fmalar\u0131na h\u0131z kesmeden devam edecek.<\/p>\n<p><strong>Avrupa End\u00fcstriyel Miras Rotas\u0131 (ERIH) Nedir?<\/strong><br \/>Avrupa Konseyi K\u00fclt\u00fcr Rotalar\u0131\u2019ndan biri olan Avrupa End\u00fcstriyel Miras Rotas\u0131 (ERIH), Avrupa\u2019n\u0131n sanayi tarihine tan\u0131kl\u0131k eden \u00f6nemli alanlar\u0131 bir araya getiren bir bilgi ve turizm a\u011f\u0131d\u0131r.\u00a0<\/p>\n<p><strong>Tarihi Havagaz\u0131 Fabrikas\u0131<\/strong><br \/>19. y\u00fczy\u0131l\u0131n ortalar\u0131nda \u0130zmir\u2019in sokaklar\u0131n\u0131 ayd\u0131nlatmak amac\u0131yla in\u015fa edilen Havagaz\u0131 Fabrikas\u0131, \u0130zmir\u2019in sanayile\u015fme tarihindeki kritik duraklardan biridir. D\u00f6neminde sadece bir \u00fcretim alan\u0131 de\u011fil, \u0130zmir liman\u0131ndaki ticari hareketlili\u011fin gece de devam etmesini sa\u011flayan stratejik bir enerji merkeziydi. Bir zamanlar k\u00f6m\u00fcrden \u0131\u015f\u0131k \u00fcreten bir fabrika iken, bug\u00fcn kentin sosyal haf\u0131zas\u0131n\u0131 koruyan, halk\u0131 k\u00fclt\u00fcr ve sanatla bulu\u015fturan ya\u015fayan bir end\u00fcstriyel m\u00fcze haline geldi. Bug\u00fcn restorasyonuyla dikkat \u00e7eken dev tu\u011fla baca, 19. y\u00fczy\u0131l end\u00fcstriyel mimarisinin en belirgin sembol\u00fcd\u00fcr.\u00a0<\/p>\n<p><strong>Tarihi Asans\u00f6r Binas\u0131<\/strong><br \/>1907 y\u0131l\u0131nda Mithatpa\u015fa Caddesi ile \u015eehit Nihatbey Caddesi aras\u0131ndaki kot fark\u0131n\u0131 a\u015fmak i\u00e7in in\u015fa edilen Tarihi Asans\u00f6r, m\u00fchendislik ve sosyal dayan\u0131\u015fman\u0131n birle\u015fti\u011fi bir projedir. 155 basamakl\u0131 Karata\u015f merdivenlerini a\u015fma zorunlulu\u011funa teknolojik \u00e7\u00f6z\u00fcm sunan bu yap\u0131, e\u015fsiz tu\u011fla i\u015f\u00e7ili\u011fi, demir d\u00f6k\u00fcm korkuluklar ve s\u00fcslemeleri, makine dairesindeki teknik detaylar\u0131 ile end\u00fcstriyel esteti\u011fi g\u00fcn\u00fcm\u00fcze ta\u015f\u0131r. Kulenin yap\u0131m\u0131nda kullan\u0131lan ve \u00f6zel olarak Marsilya\u2019dan getirilen tu\u011flalarla \u00f6r\u00fclen kule, in\u015fa edildi\u011fi d\u00f6nemde su bas\u0131nc\u0131n\u0131 kullanan hidrolik bir mekanizmayla \u00e7al\u0131\u015fan asans\u00f6r, 1985 y\u0131l\u0131ndaki restorasyon \u00e7al\u0131\u015fmalar\u0131na kadar orijinal yap\u0131s\u0131n\u0131 korumu\u015f, bug\u00fcn yerini elektrikli sisteme b\u0131rakm\u0131\u015ft\u0131r.\u00a0<\/p>\n<p><strong>Ahmet Piri\u015ftina Kent Ar\u015fivi ve M\u00fczesi<\/strong><br \/>1932 y\u0131l\u0131nda in\u015fa edilmi\u015f eski bir itfaiye binas\u0131 olan ve g\u00fcn\u00fcm\u00fczde Ahmet Piri\u015ftina Kent Ar\u015fivi ve M\u00fczesi (AP\u0130KAM) olarak kullan\u0131lan yap\u0131, \u0130zmir\u2019in erken Cumhuriyet d\u00f6nemine ait en karakteristik yap\u0131lar\u0131ndan biridir. Mimar Mesut \u00d6zok taraf\u0131ndan tasarlanan bina, itfaiye ara\u00e7lar\u0131n\u0131n h\u0131zl\u0131 \u00e7\u0131k\u0131\u015f yapabilece\u011fi geni\u015f hangar kap\u0131lar\u0131 ve y\u00fcksek g\u00f6zlem kulesiyle i\u015flevsellik odakl\u0131 end\u00fcstriyel yap\u0131d\u0131r. Binan\u0131n en dikkat \u00e7ekici end\u00fcstriyel unsuru olan y\u00fcksek kule, d\u00f6nemin en erken uyar\u0131 sistemidir. \u015eehre hakim bir noktadan duman\u0131 ve yang\u0131n\u0131 g\u00f6zlemlemek amac\u0131yla in\u015fa edilen bu kule, kentsel g\u00fcvenlik teknolojileri ile mimariyi bulu\u015fturur. Bir zamanlar kentin fiziksel varl\u0131\u011f\u0131n\u0131 yang\u0131nlardan koruyan bu yap\u0131, 2004 y\u0131l\u0131ndan itibaren kentin yaz\u0131l\u0131 ve g\u00f6rsel belle\u011fini koruyan bir merkeze d\u00f6n\u00fc\u015fm\u00fc\u015ft\u00fcr. Yap\u0131n\u0131n \u00f6zg\u00fcn itfaiye garaj\u0131 ve g\u00f6zetleme kulesi, kentin teknik ge\u00e7mi\u015fine sayg\u0131 duyularak d\u00f6n\u00fc\u015ft\u00fcr\u00fclen ba\u015far\u0131l\u0131 \u00f6rnekler aras\u0131ndad\u0131r.\u00a0<br \/>Tarihi Havagaz\u0131 Fabrikas\u0131, Tarihi Asans\u00f6r ve Ahmet Piri\u015ftina Kent Ar\u015fivi ve M\u00fczesi \u0130zmir\u2019in end\u00fcstriyel ge\u00e7mi\u015finin sadece binalardan ibaret olmad\u0131\u011f\u0131n\u0131, ya\u015fayan bir \u015fehir karakteri oldu\u011funu kan\u0131tlar.\u00a0<\/p>\n<p>\u00a0<\/p>\n<p>Kaynak: (BYZHA) Beyaz Haber Ajans\u0131<\/p>\n","protected":false},"excerpt":{"rendered":"<p>\u0130zmir B\u00fcy\u00fck\u015fehir Belediyesi, kentin sanayi miras\u0131n\u0131 koruyup d\u00f6n\u00fc\u015ft\u00fcrerek uluslararas\u0131 vitrine ta\u015f\u0131d\u0131.<\/p>\n","protected":false},"author":1,"featured_media":13518,"comment_status":"open","ping_status":"open","sticky":false,"template":"","format":"standard","meta":{"footnotes":""},"categories":[20],"tags":[],"class_list":["post-13517","post","type-post","status-publish","format-standard","has-post-thumbnail","hentry","category-gundem"],"_links":{"self":[{"href":"https:\/\/akdenizolay.com.tr\/index.php\/wp-json\/wp\/v2\/posts\/13517","targetHints":{"allow":["GET"]}}],"collection":[{"href":"https:\/\/akdenizolay.com.tr\/index.php\/wp-json\/wp\/v2\/posts"}],"about":[{"href":"https:\/\/akdenizolay.com.tr\/index.php\/wp-json\/wp\/v2\/types\/post"}],"author":[{"embeddable":true,"href":"https:\/\/akdenizolay.com.tr\/index.php\/wp-json\/wp\/v2\/users\/1"}],"replies":[{"embeddable":true,"href":"https:\/\/akdenizolay.com.tr\/index.php\/wp-json\/wp\/v2\/comments?post=13517"}],"version-history":[{"count":1,"href":"https:\/\/akdenizolay.com.tr\/index.php\/wp-json\/wp\/v2\/posts\/13517\/revisions"}],"predecessor-version":[{"id":13519,"href":"https:\/\/akdenizolay.com.tr\/index.php\/wp-json\/wp\/v2\/posts\/13517\/revisions\/13519"}],"wp:featuredmedia":[{"embeddable":true,"href":"https:\/\/akdenizolay.com.tr\/index.php\/wp-json\/wp\/v2\/media\/13518"}],"wp:attachment":[{"href":"https:\/\/akdenizolay.com.tr\/index.php\/wp-json\/wp\/v2\/media?parent=13517"}],"wp:term":[{"taxonomy":"category","embeddable":true,"href":"https:\/\/akdenizolay.com.tr\/index.php\/wp-json\/wp\/v2\/categories?post=13517"},{"taxonomy":"post_tag","embeddable":true,"href":"https:\/\/akdenizolay.com.tr\/index.php\/wp-json\/wp\/v2\/tags?post=13517"}],"curies":[{"name":"wp","href":"https:\/\/api.w.org\/{rel}","templated":true}]}}