{"id":13523,"date":"2026-04-28T07:31:43","date_gmt":"2026-04-28T07:31:43","guid":{"rendered":"https:\/\/akdenizolay.com.tr\/index.php\/2026\/04\/28\/ciglide-sosyal-yasam-icin-yeni-bir-adim-yilmaz-aksoy-parki-aciliyor\/"},"modified":"2026-04-28T07:31:44","modified_gmt":"2026-04-28T07:31:44","slug":"ciglide-sosyal-yasam-icin-yeni-bir-adim-yilmaz-aksoy-parki-aciliyor","status":"publish","type":"post","link":"https:\/\/akdenizolay.com.tr\/index.php\/2026\/04\/28\/ciglide-sosyal-yasam-icin-yeni-bir-adim-yilmaz-aksoy-parki-aciliyor\/","title":{"rendered":"\u00c7i\u011fli\u2019de Sosyal Ya\u015fam \u0130\u00e7in Yeni Bir Ad\u0131m: Y\u0131lmaz Aksoy Park\u0131 A\u00e7\u0131l\u0131yor"},"content":{"rendered":"<p> \u00c7i\u011fli Belediyesi, il\u00e7ede sosyal donat\u0131 alanlar\u0131n\u0131 art\u0131rma hedefi do\u011frultusunda yat\u0131r\u0131mlar\u0131na h\u0131z kesmeden devam ediyor. Atat\u00fcrk Mahallesi 8809\/26 Sokak\u2019ta yap\u0131m\u0131 tamamlanan Y\u0131lmaz Aksoy Park\u0131, 29 Nisan \u00c7ar\u015famba g\u00fcn\u00fc saat 15.00\u2019da d\u00fczenlenecek t\u00f6renle hizmete a\u00e7\u0131lacak.<\/p>\n<p>Bin 400 metrekarelik alanda hayata ge\u00e7irilen park, modern tasar\u0131m\u0131 ve \u00e7ok y\u00f6nl\u00fc kullan\u0131m alanlar\u0131yla dikkat \u00e7ekiyor. Her ya\u015ftan vatanda\u015fa hitap edecek \u015fekilde planlanan proje, b\u00f6lgedeki ya\u015fam kalitesini art\u0131rmay\u0131 ama\u00e7l\u0131yor. A\u00e7\u0131l\u0131\u015fa, CHP Genel Ba\u015fkan Yard\u0131mc\u0131lar\u0131 B\u00fclent Tezcan ve G\u00fclden Atabay ile CHP Parti Meclisi \u00dcyesi Kerim Rota kat\u0131lacak.<\/p>\n<p><b>Her Ya\u015fa Hitap Eden Donan\u0131m<\/b><\/p>\n<p>Park ve Bah\u00e7eler M\u00fcd\u00fcrl\u00fc\u011f\u00fc koordinesinde y\u00fcr\u00fct\u00fclen \u00e7al\u0131\u015fmalar kapsam\u0131nda; anfi d\u00fczeninde oturma alan\u0131, \u00e7ocuklar i\u00e7in modern ve g\u00fcvenli oyun gruplar\u0131, yeti\u015fkinler i\u00e7in spor alan\u0131 ve basketbol sahas\u0131 olu\u015fturuldu. Proje ile mahalle sakinlerinin hem dinlenebilece\u011fi hem de spor yapabilece\u011fi \u00e7ok ama\u00e7l\u0131 bir sosyal alan kazand\u0131r\u0131ld\u0131.<\/p>\n<p><b>S\u00fcrd\u00fcr\u00fclebilir ve Dayan\u0131kl\u0131 Peyzaj<\/b><\/p>\n<p>Projede \u00e7evre dostu bir peyzaj anlay\u0131\u015f\u0131 benimsendi. Kurakl\u0131\u011fa dayan\u0131kl\u0131 bitkilerin tercih edildi\u011fi parkta mevsime uygun ye\u015fillendirme \u00e7al\u0131\u015fmalar\u0131 ger\u00e7ekle\u015ftirildi. Toplam 35 a\u011fa\u00e7, 800 \u00e7al\u0131 ve \u00e7e\u015fitli yer \u00f6rt\u00fcc\u00fc bitkiler toprakla bulu\u015fturularak s\u00fcrd\u00fcr\u00fclebilir bir ye\u015fil alan olu\u015fturuldu.<\/p>\n<p><b>K\u00f6rfez Manzaras\u0131yla Yeni Ya\u015fam Alan\u0131<\/b><\/p>\n<p>Modern ayd\u0131nlatma sistemleri ve fonksiyonel kullan\u0131m alanlar\u0131yla donat\u0131lan park, k\u00f6rfez manzaras\u0131 e\u015fli\u011finde vatanda\u015flara g\u00fcvenli ve konforlu bir bulu\u015fma noktas\u0131 sunacak. Atat\u00fcrk Mahallesi\u2019nde hayata ge\u00e7irilen bu proje, \u00c7i\u011fli Belediyesi\u2019nin sosyal ya\u015fam\u0131 g\u00fc\u00e7lendirme vizyonunun \u00f6nemli bir par\u00e7as\u0131 olarak \u00f6ne \u00e7\u0131k\u0131yor.<\/p>\n<p><b>Ba\u015fkan Y\u0131ld\u0131z: \u201c\u00c7i\u011fli\u2019de Sosyal Ya\u015fam G\u00fc\u00e7leniyor\u201d<\/b><\/p>\n<p>Atat\u00fcrk Mahallesi\u2019nde a\u00e7\u0131lacak olan Y\u0131lmaz Aksoy Park\u0131 ile il\u00e7edeki sosyal ya\u015fam\u0131 g\u00fc\u00e7lendirmeyi hedeflediklerini belirten \u00c7i\u011fli Belediye Ba\u015fkan\u0131 Onur Emrah Y\u0131ld\u0131z,\u00a0 \u201cAtat\u00fcrk Mahallemize kazand\u0131rd\u0131\u011f\u0131m\u0131z bu park\u0131n a\u00e7\u0131l\u0131\u015f\u0131n\u0131 ger\u00e7ekle\u015ftirmenin mutlulu\u011funu ya\u015f\u0131yoruz. \u00c7i\u011fli Belediyesi olarak, vatanda\u015flar\u0131m\u0131z\u0131n nefes alabilece\u011fi sosyal alanlar\u0131 art\u0131rmay\u0131 \u00f6ncelikli g\u00f6revlerimiz aras\u0131nda g\u00f6r\u00fcyoruz\u201d dedi.<\/p>\n<p><b>\u201cMahallemize \u00c7ok Y\u00f6nl\u00fc Bir Ya\u015fam Alan\u0131 A\u00e7\u0131l\u0131yor\u201d<\/b><\/p>\n<p>Park\u0131n sadece bir ye\u015fil alan olarak planlanmad\u0131\u011f\u0131n\u0131 vurgulayan Ba\u015fkan Y\u0131ld\u0131z, \u201c\u00c7ocuklar\u0131m\u0131z\u0131n g\u00fcvenle oynayabilece\u011fi, gen\u00e7lerimizin spor yapabilece\u011fi, b\u00fcy\u00fcklerimizin huzurla vakit ge\u00e7irebilece\u011fi \u00e7ok y\u00f6nl\u00fc bir ya\u015fam alan\u0131 olu\u015fturduk. T\u00fcm vatanda\u015flar\u0131m\u0131z\u0131 a\u00e7\u0131l\u0131\u015fa bekliyoruz\u201d ifadelerini kulland\u0131.<\/p>\n<p>\u00a0<\/p>\n<p>Kaynak: (BYZHA) Beyaz Haber Ajans\u0131<\/p>\n","protected":false},"excerpt":{"rendered":"<p>\u00c7i\u011fli Belediyesi, il\u00e7ede sosyal donat\u0131 alanlar\u0131n\u0131 art\u0131rma hedefi do\u011frultusunda yat\u0131r\u0131mlar\u0131na h\u0131z kesmeden devam ediyor.<\/p>\n","protected":false},"author":1,"featured_media":13524,"comment_status":"open","ping_status":"open","sticky":false,"template":"","format":"standard","meta":{"footnotes":""},"categories":[20],"tags":[],"class_list":["post-13523","post","type-post","status-publish","format-standard","has-post-thumbnail","hentry","category-gundem"],"_links":{"self":[{"href":"https:\/\/akdenizolay.com.tr\/index.php\/wp-json\/wp\/v2\/posts\/13523","targetHints":{"allow":["GET"]}}],"collection":[{"href":"https:\/\/akdenizolay.com.tr\/index.php\/wp-json\/wp\/v2\/posts"}],"about":[{"href":"https:\/\/akdenizolay.com.tr\/index.php\/wp-json\/wp\/v2\/types\/post"}],"author":[{"embeddable":true,"href":"https:\/\/akdenizolay.com.tr\/index.php\/wp-json\/wp\/v2\/users\/1"}],"replies":[{"embeddable":true,"href":"https:\/\/akdenizolay.com.tr\/index.php\/wp-json\/wp\/v2\/comments?post=13523"}],"version-history":[{"count":1,"href":"https:\/\/akdenizolay.com.tr\/index.php\/wp-json\/wp\/v2\/posts\/13523\/revisions"}],"predecessor-version":[{"id":13525,"href":"https:\/\/akdenizolay.com.tr\/index.php\/wp-json\/wp\/v2\/posts\/13523\/revisions\/13525"}],"wp:featuredmedia":[{"embeddable":true,"href":"https:\/\/akdenizolay.com.tr\/index.php\/wp-json\/wp\/v2\/media\/13524"}],"wp:attachment":[{"href":"https:\/\/akdenizolay.com.tr\/index.php\/wp-json\/wp\/v2\/media?parent=13523"}],"wp:term":[{"taxonomy":"category","embeddable":true,"href":"https:\/\/akdenizolay.com.tr\/index.php\/wp-json\/wp\/v2\/categories?post=13523"},{"taxonomy":"post_tag","embeddable":true,"href":"https:\/\/akdenizolay.com.tr\/index.php\/wp-json\/wp\/v2\/tags?post=13523"}],"curies":[{"name":"wp","href":"https:\/\/api.w.org\/{rel}","templated":true}]}}