{"id":13547,"date":"2026-04-28T07:50:12","date_gmt":"2026-04-28T07:50:12","guid":{"rendered":"https:\/\/akdenizolay.com.tr\/index.php\/2026\/04\/28\/bornova-muhtarlar-akademisinden-anlamli-final\/"},"modified":"2026-04-28T07:50:13","modified_gmt":"2026-04-28T07:50:13","slug":"bornova-muhtarlar-akademisinden-anlamli-final","status":"publish","type":"post","link":"https:\/\/akdenizolay.com.tr\/index.php\/2026\/04\/28\/bornova-muhtarlar-akademisinden-anlamli-final\/","title":{"rendered":"Bornova Muhtarlar Akademisi\u2019nden anlaml\u0131 final"},"content":{"rendered":"<p> Bornova\u2019daki kurumlar\u0131n i\u015f birli\u011finde y\u00fcr\u00fct\u00fclen\u00a0<strong>Bornova Muhtarlar Akademisi<\/strong>\u00a0kapsam\u0131nda e\u011fitimlerini tamamlayan muhtarlar i\u00e7in\u00a0Sel\u00e7uk\u2019ta motivasyon gezisi d\u00fczenlendi. Programda\u00a0Efes \u00d6ren Yeri,\u00a0Meryem Ana Evi\u00a0ve\u00a0\u015eirince\u00a0ziyaret edilirken, Bornova Belediye Ba\u015fkan\u0131\u00a0\u00d6mer E\u015fki\u00a0ve Sel\u00e7uk Belediye Ba\u015fkan\u0131\u00a0Filiz Cerito\u011flu Sengel\u00a0de muhtarlarla bir araya geldi. Ba\u015fkan E\u015fki, muhtarlar\u0131n yerel y\u00f6netimdeki \u00f6nemine vurgu yaparak bu t\u00fcr projelerin i\u015f birli\u011fini g\u00fc\u00e7lendirdi\u011fini belirtti.<\/p>\n<p>\u0130\u00e7i\u015fleri Bakanl\u0131\u011f\u0131 Sivil Toplumla \u0130li\u015fkiler Genel M\u00fcd\u00fcrl\u00fc\u011f\u00fc\u00a0hibe deste\u011fiyle;\u00a0Bornova Kaymakaml\u0131\u011f\u0131,\u00a0Bornova Belediyesi,\u00a0Ya\u015far \u00dcniversitesi\u00a0ve\u00a0Bornova Muhtarlar Derne\u011fi\u00a0i\u015f birli\u011finde y\u00fcr\u00fct\u00fclen\u00a0<strong>Bornova \u0130l\u00e7esi Muhtarlar\u0131na Y\u00f6nelik Kat\u0131l\u0131mc\u0131\/Kapsay\u0131c\u0131 Y\u00f6netim Anlay\u0131\u015f\u0131 ve \u0130leti\u015fim E\u011fitimi Projesi (Bornova Muhtarlar Akademisi)<\/strong>\u00a0ba\u015far\u0131yla tamamland\u0131. E\u011fitim ve seminer s\u00fcrecinin ard\u0131ndan, muhtarlar\u0131n moral ve motivasyonunu art\u0131rmak amac\u0131yla\u00a0<strong>Sel\u00e7uk\u2013Efes \u00d6ren Yeri, Meryem Ana ve \u015eirince<\/strong><b>\u00a0<\/b>gezisi d\u00fczenlendi.<\/p>\n<p><strong>Tarih ve k\u00fclt\u00fcrle i\u00e7 i\u00e7e bir g\u00fcn<\/strong><\/p>\n<p>Program kapsam\u0131nda muhtarlar,\u00a0Efes \u00d6ren Yeri\u2019nin b\u00fcy\u00fcleyici atmosferini ke\u015ffederken,\u00a0Meryem Ana Evi\u2019ni ziyaret etti ve\u00a0\u015eirince\u2019nin tarihi sokaklar\u0131nda keyifli anlar ya\u015fad\u0131. \u0130zmir\u2019in k\u00fclt\u00fcrel miras\u0131yla \u00f6ne \u00e7\u0131kan il\u00e7elerinden\u00a0Sel\u00e7uk\u2019ta ger\u00e7ekle\u015ftirilen gezi, kat\u0131l\u0131mc\u0131lara hem dinlenme hem de yeni an\u0131lar biriktirme f\u0131rsat\u0131 sundu.<\/p>\n<p><strong>Ba\u015fkanlar muhtarlarla bulu\u015ftu<\/strong><\/p>\n<p>Keyifli anlara sahne olan gezide, Sel\u00e7uk Belediye Ba\u015fkan\u0131\u00a0Filiz Cerito\u011flu Sengel\u00a0ile Bornova Belediye Ba\u015fkan\u0131\u00a0\u00d6mer E\u015fki\u00a0ve e\u015fi Beste E\u015fki muhtarlarla yemekte bir araya geldi. Samimi ortamda ger\u00e7ekle\u015fen bulu\u015fma, yerel y\u00f6neticiler ile muhtarlar aras\u0131ndaki ileti\u015fimi daha da g\u00fc\u00e7lendirdi.<\/p>\n<p><strong>Ba\u015fkan \u00d6mer E\u015fki: \u201cMuhtarlar\u0131m\u0131z yerel y\u00f6netimin temel ta\u015f\u0131d\u0131r\u201d<\/strong><br \/>\u00a0<\/p>\n<p>Bornova Belediye Ba\u015fkan\u0131 \u00d6mer E\u015fki, muhtarlar\u0131n yerel y\u00f6netimlerin en \u00f6nemli payda\u015flar\u0131ndan biri oldu\u011funu vurgulayarak, \u201cMuhtarlar\u0131m\u0131z\u0131n hem bilgiyle donanmas\u0131 hem de motivasyonlar\u0131n\u0131n y\u00fcksek olmas\u0131, vatanda\u015flar\u0131m\u0131za sunulan hizmetin kalitesini do\u011frudan etkiliyor. Bu t\u00fcr projelerle dayan\u0131\u015fmam\u0131z\u0131 ve i\u015f birli\u011fimizi g\u00fc\u00e7lendirmeye devam edece\u011fiz\u201d ifadelerini kulland\u0131.<\/p>\n<p>\u00a0<\/p>\n<p>\u00a0<\/p>\n<p>Kaynak: (BYZHA) Beyaz Haber Ajans\u0131<\/p>\n","protected":false},"excerpt":{"rendered":"<p>Bornova\u2019daki kurumlar\u0131n i\u015f birli\u011finde y\u00fcr\u00fct\u00fclen\u00a0Bornova Muhtarlar Akademisi\u00a0kapsam\u0131nda e\u011fitimlerini tamamlayan muhtarlar i\u00e7in\u00a0Sel\u00e7uk\u2019ta motivasyon gezisi d\u00fczenlendi.<\/p>\n","protected":false},"author":1,"featured_media":13548,"comment_status":"open","ping_status":"open","sticky":false,"template":"","format":"standard","meta":{"footnotes":""},"categories":[20],"tags":[],"class_list":["post-13547","post","type-post","status-publish","format-standard","has-post-thumbnail","hentry","category-gundem"],"_links":{"self":[{"href":"https:\/\/akdenizolay.com.tr\/index.php\/wp-json\/wp\/v2\/posts\/13547","targetHints":{"allow":["GET"]}}],"collection":[{"href":"https:\/\/akdenizolay.com.tr\/index.php\/wp-json\/wp\/v2\/posts"}],"about":[{"href":"https:\/\/akdenizolay.com.tr\/index.php\/wp-json\/wp\/v2\/types\/post"}],"author":[{"embeddable":true,"href":"https:\/\/akdenizolay.com.tr\/index.php\/wp-json\/wp\/v2\/users\/1"}],"replies":[{"embeddable":true,"href":"https:\/\/akdenizolay.com.tr\/index.php\/wp-json\/wp\/v2\/comments?post=13547"}],"version-history":[{"count":1,"href":"https:\/\/akdenizolay.com.tr\/index.php\/wp-json\/wp\/v2\/posts\/13547\/revisions"}],"predecessor-version":[{"id":13549,"href":"https:\/\/akdenizolay.com.tr\/index.php\/wp-json\/wp\/v2\/posts\/13547\/revisions\/13549"}],"wp:featuredmedia":[{"embeddable":true,"href":"https:\/\/akdenizolay.com.tr\/index.php\/wp-json\/wp\/v2\/media\/13548"}],"wp:attachment":[{"href":"https:\/\/akdenizolay.com.tr\/index.php\/wp-json\/wp\/v2\/media?parent=13547"}],"wp:term":[{"taxonomy":"category","embeddable":true,"href":"https:\/\/akdenizolay.com.tr\/index.php\/wp-json\/wp\/v2\/categories?post=13547"},{"taxonomy":"post_tag","embeddable":true,"href":"https:\/\/akdenizolay.com.tr\/index.php\/wp-json\/wp\/v2\/tags?post=13547"}],"curies":[{"name":"wp","href":"https:\/\/api.w.org\/{rel}","templated":true}]}}