{"id":13562,"date":"2026-04-28T07:58:37","date_gmt":"2026-04-28T07:58:37","guid":{"rendered":"https:\/\/akdenizolay.com.tr\/index.php\/2026\/04\/28\/abdi-ibrahimden-uluslararasi-pazarlar-organizasyonuna-iki-ust-duzey-atama\/"},"modified":"2026-04-28T07:58:38","modified_gmt":"2026-04-28T07:58:38","slug":"abdi-ibrahimden-uluslararasi-pazarlar-organizasyonuna-iki-ust-duzey-atama","status":"publish","type":"post","link":"https:\/\/akdenizolay.com.tr\/index.php\/2026\/04\/28\/abdi-ibrahimden-uluslararasi-pazarlar-organizasyonuna-iki-ust-duzey-atama\/","title":{"rendered":"Abdi \u0130brahim\u2019den Uluslararas\u0131 Pazarlar Organizasyonuna \u0130ki \u00dcst D\u00fczey Atama"},"content":{"rendered":"<p> T\u00fcrk ila\u00e7 sekt\u00f6r\u00fcnde 24 y\u0131ld\u0131r kesintisiz liderli\u011fini s\u00fcrd\u00fcren Abdi \u0130brahim, bu g\u00fc\u00e7l\u00fc konumunu uluslararas\u0131 pazarlarda da istikrarl\u0131 \u015fekilde devam ettiriyor. T\u00fcrkiye d\u0131\u015f\u0131nda 19 \u00fclkede kendi organizasyonel yap\u0131lanmas\u0131yla faaliyet g\u00f6steren \u015firket, Avrupa Birli\u011fi \u00fclkelerinden Kanada\u2019ya, Kuzey Afrika\u2019dan Asya ve Orta Do\u011fu\u2019ya uzanan geni\u015f bir co\u011frafyada 70\u2019ten fazla \u00fclkeye ihracat ger\u00e7ekle\u015ftiriyor. Bu do\u011frultuda \u015firket, uluslararas\u0131 pazarlardaki b\u00fcy\u00fcmesini destekleyecek iki \u00fcst d\u00fczey atama ger\u00e7ekle\u015ftirdi.<\/p>\n<p><strong>Natasha Poposka: Abdi \u0130brahim Kuzey Makedonya \u00dclke M\u00fcd\u00fcr\u00fc<\/strong><\/p>\n<p>Eczac\u0131l\u0131k lisans e\u011fitimini Ss. Cyril ve Methodius \u00dcniversitesi\u2019nde tamamlayan Poposka, i\u015fletme alan\u0131nda y\u00fcksek lisans derecesine sahip. Kariyerine GlaxoSmithKline\u2019da ba\u015flayan Poposka, burada Sat\u0131\u015f M\u00fcd\u00fcr\u00fc ve Terap\u00f6tik Alan Lideri olarak g\u00f6rev ald\u0131. Ard\u0131ndan Sandoz\u2019da Re\u00e7eteli \u00dcr\u00fcnler \u0130\u015f Birimi Ba\u015fkan\u0131, Pazarlama &amp; Portf\u00f6y M\u00fcd\u00fcr\u00fc ve \u0130\u015f Geli\u015ftirme M\u00fcd\u00fcr\u00fc olarak; Makedonya, Arnavutluk ve Kosova\u2019dan sorumlu rollerde yer ald\u0131. Daha sonra Jaka Nova\u2019da Makedonya Pazarlama ve Sat\u0131\u015f Direkt\u00f6r\u00fc olarak g\u00f6rev yapan Poposka, son olarak Septima Skopje\u2019de Ticaret Direkt\u00f6r\u00fc olarak \u00e7al\u0131\u015f\u0131yordu. Natasha Poposka, Nisan itibar\u0131yla Abdi \u0130brahim Kuzey Makedonya organizasyonunda \u00dclke M\u00fcd\u00fcr\u00fc olarak g\u00f6reve ba\u015flad\u0131. Bu atamayla Abdi \u0130brahim, yeni operasyonel yap\u0131lanmas\u0131n\u0131 hayata ge\u00e7irdi\u011fi Kuzey Makedonya pazar\u0131nda faaliyetlerine ba\u015flarken, Balkanlar\u2019daki varl\u0131\u011f\u0131n\u0131 ve etkinli\u011fini daha da g\u00fc\u00e7lendirmeyi hedefliyor.<\/p>\n<p><strong>Wael Okasha: Birle\u015fik Arap Emirlikleri \u00dclke M\u00fcd\u00fcr\u00fc<\/strong><\/p>\n<p>Helwan \u00dcniversitesi Ticaret Bilimleri B\u00f6l\u00fcm\u00fc mezunu olan Okasha, kariyerine i\u015f geli\u015ftirme ve finans alanlar\u0131nda ba\u015flad\u0131. Route, Acuman ve General Motors\u2019taki deneyimlerinin ard\u0131ndan Sandoz\u2019a ge\u00e7ti. Sandoz b\u00fcnyesinde s\u0131ras\u0131yla M\u0131s\u0131r \u0130\u015f Planlama ve Analiz M\u00fcd\u00fcr\u00fc, MENA B\u00f6lgesi \u0130\u015f Planlama ve Analiz M\u00fcd\u00fcr\u00fc, Orta Do\u011fu Mali \u0130\u015fler Direkt\u00f6r\u00fc (CFO) ve BAE &amp; Kuveyt \u0130\u015f Birimi Ba\u015fkan\u0131 olarak \u00e7al\u0131\u015ft\u0131. Son olarak PromoPharma\u2019da Dubai &amp; BAE Genel M\u00fcd\u00fcr\u00fc olarak \u00e7al\u0131\u015fan Okasha, Abdi \u0130brahim BAE organizasyonunda \u00dclke M\u00fcd\u00fcr\u00fc olarak g\u00f6revine ba\u015flad\u0131.<\/p>\n<p>Her iki \u00fclke m\u00fcd\u00fcr\u00fc de sorumlu olduklar\u0131 pazarlarda Abdi \u0130brahim\u2019in b\u00fcy\u00fcme hedefleri do\u011frultusunda ticari faaliyetlerin geli\u015ftirilmesi ve organizasyonun g\u00fc\u00e7lendirilmesinden sorumlu olacak.<\/p>\n<p>\u00a0<\/p>\n<p>Kaynak: (BYZHA) Beyaz Haber Ajans\u0131<\/p>\n","protected":false},"excerpt":{"rendered":"<p>T\u00fcrk ila\u00e7 sekt\u00f6r\u00fcnde 24 y\u0131ld\u0131r kesintisiz liderli\u011fini s\u00fcrd\u00fcren Abdi \u0130brahim, bu g\u00fc\u00e7l\u00fc konumunu uluslararas\u0131 pazarlarda da istikrarl\u0131 \u015fekilde devam ettiriyor.<\/p>\n","protected":false},"author":1,"featured_media":13563,"comment_status":"open","ping_status":"open","sticky":false,"template":"","format":"standard","meta":{"footnotes":""},"categories":[21],"tags":[],"class_list":["post-13562","post","type-post","status-publish","format-standard","has-post-thumbnail","hentry","category-ekonomi"],"_links":{"self":[{"href":"https:\/\/akdenizolay.com.tr\/index.php\/wp-json\/wp\/v2\/posts\/13562","targetHints":{"allow":["GET"]}}],"collection":[{"href":"https:\/\/akdenizolay.com.tr\/index.php\/wp-json\/wp\/v2\/posts"}],"about":[{"href":"https:\/\/akdenizolay.com.tr\/index.php\/wp-json\/wp\/v2\/types\/post"}],"author":[{"embeddable":true,"href":"https:\/\/akdenizolay.com.tr\/index.php\/wp-json\/wp\/v2\/users\/1"}],"replies":[{"embeddable":true,"href":"https:\/\/akdenizolay.com.tr\/index.php\/wp-json\/wp\/v2\/comments?post=13562"}],"version-history":[{"count":1,"href":"https:\/\/akdenizolay.com.tr\/index.php\/wp-json\/wp\/v2\/posts\/13562\/revisions"}],"predecessor-version":[{"id":13564,"href":"https:\/\/akdenizolay.com.tr\/index.php\/wp-json\/wp\/v2\/posts\/13562\/revisions\/13564"}],"wp:featuredmedia":[{"embeddable":true,"href":"https:\/\/akdenizolay.com.tr\/index.php\/wp-json\/wp\/v2\/media\/13563"}],"wp:attachment":[{"href":"https:\/\/akdenizolay.com.tr\/index.php\/wp-json\/wp\/v2\/media?parent=13562"}],"wp:term":[{"taxonomy":"category","embeddable":true,"href":"https:\/\/akdenizolay.com.tr\/index.php\/wp-json\/wp\/v2\/categories?post=13562"},{"taxonomy":"post_tag","embeddable":true,"href":"https:\/\/akdenizolay.com.tr\/index.php\/wp-json\/wp\/v2\/tags?post=13562"}],"curies":[{"name":"wp","href":"https:\/\/api.w.org\/{rel}","templated":true}]}}