{"id":13565,"date":"2026-04-28T07:58:45","date_gmt":"2026-04-28T07:58:45","guid":{"rendered":"https:\/\/akdenizolay.com.tr\/index.php\/2026\/04\/28\/saglik-destek-ve-umut-merkezi\/"},"modified":"2026-04-28T07:58:46","modified_gmt":"2026-04-28T07:58:46","slug":"saglik-destek-ve-umut-merkezi","status":"publish","type":"post","link":"https:\/\/akdenizolay.com.tr\/index.php\/2026\/04\/28\/saglik-destek-ve-umut-merkezi\/","title":{"rendered":"Sa\u011fl\u0131k, destek ve umut merkezi"},"content":{"rendered":"<p> \u0130zmir B\u00fcy\u00fck\u015fehir Belediyesi\u2019nin Kar\u015f\u0131yaka\u2019da hayata ge\u00e7irdi\u011fi merkez; diyabet fark\u0131ndal\u0131\u011f\u0131ndan otizm etkinliklerine, psikolojik dan\u0131\u015fmanl\u0131ktan ailelere deste\u011fe kadar geni\u015f bir yelpazede hizmet sunarak \u0130zmirlilerin ya\u015fam kalitesini art\u0131r\u0131yor.<\/p>\n<p>\u0130zmir B\u00fcy\u00fck\u015fehir Belediyesi\u2019nin Kar\u015f\u0131yaka Girne Bulvar\u0131\u2019nda, uzun s\u00fcredir at\u0131l durumdaki \u00fc\u00e7 daireyi d\u00f6n\u00fc\u015ft\u00fcrmesiyle hayata ge\u00e7en dan\u0131\u015fmanl\u0131k merkezi; Diyabet Fark\u0131ndal\u0131k Merkezi, Otizm Etkinlik Merkezi ve Psikolojik Destek Birimi ile koruyucu ve destekleyici sa\u011fl\u0131k hizmetleri sunuyor. Merkezde, diyabet hastalar\u0131 ve risk grubundaki bireylerin yan\u0131 s\u0131ra t\u00fcm vatanda\u015flara y\u00f6nelik \u00e7al\u0131\u015fmalar y\u00fcr\u00fct\u00fcl\u00fcrken; otizmli bireyler i\u00e7in uzmanlar e\u015fli\u011finde e\u011fitici ve e\u011flenceli etkinlikler d\u00fczenleniyor. Psikolojik Destek Birimi\u2019nde ise \u00e7ocuk, ergen ve yeti\u015fkinlere dan\u0131\u015fmanl\u0131k hizmeti veriliyor. Farkl\u0131 hizmetleri tek \u00e7at\u0131 alt\u0131nda bulu\u015fturan merkez, yaln\u0131zca sa\u011fl\u0131k deste\u011fi sa\u011flamakla kalm\u0131yor; bireylerin ya\u015fam kalitesini art\u0131rmay\u0131, ailelerin g\u00fcndelik ya\u015fam\u0131na da nefes olmay\u0131 hedefliyor.<\/p>\n<p><strong>\u00d6l\u00e7\u00fcmler yap\u0131l\u0131yor<\/strong><br \/>Diyabet Fark\u0131ndal\u0131k Merkezi\u2019nin \u00e7al\u0131\u015fmalar\u0131n\u0131 aktaran Uzman Diyetisyen Semiha \u00d6zge Kara, ba\u015fvuranlar\u0131n \u00f6nce kay\u0131t alt\u0131na al\u0131nd\u0131\u011f\u0131n\u0131, ard\u0131ndan diyabet e\u011fitim hem\u015firesine y\u00f6nlendirildi\u011fini belirtti. Dan\u0131\u015fan\u0131n \u00f6yk\u00fcs\u00fcn\u00fcn de\u011ferlendirilerek kronik hastal\u0131klar ve sa\u011fl\u0131kl\u0131 ya\u015fam konusunda bilgilendirme yap\u0131ld\u0131\u011f\u0131n\u0131 ifade etti. \u0130htiya\u00e7 halinde diyetisyene y\u00f6nlendirme yap\u0131ld\u0131\u011f\u0131n\u0131 aktaran Kara, \u201cSon \u00fc\u00e7 ayda yap\u0131lan tetkikleri inceliyor, v\u00fccut analizi yap\u0131yor; bel ve kal\u00e7a \u00e7evresi \u00f6l\u00e7\u00fcmlerini al\u0131yoruz. Ya\u015fam ve beslenme al\u0131\u015fkanl\u0131klar\u0131n\u0131 de\u011ferlendirerek ki\u015fiye \u00f6zel \u00f6neriler sunuyor, d\u00fczenli kontrollerle s\u00fcreci takip ediyoruz\u201d dedi. Ama\u00e7lar\u0131n\u0131n dan\u0131\u015fanlar\u0131n sa\u011fl\u0131kl\u0131 kiloya ula\u015fmas\u0131 ve bunu korumas\u0131 oldu\u011funu vurgulayan Kara, bu sayede kronik hastal\u0131klar\u0131n y\u00f6netimine destek olduklar\u0131n\u0131, verilen e\u011fitimlerle de fark\u0131ndal\u0131\u011f\u0131 art\u0131rmay\u0131 hedeflediklerini s\u00f6yledi.<\/p>\n<p><strong>T\u00fcrkiye\u2019de diyabet oran\u0131 y\u00fcksek<\/strong><br \/>Kara, diyabetin; pankreas\u0131n yeterli ins\u00fclin \u00fcretememesi ya da \u00fcretilen ins\u00fclinin v\u00fccut taraf\u0131ndan etkin kullan\u0131lamamas\u0131 sonucu ortaya \u00e7\u0131kan kronik bir hastal\u0131k oldu\u011funu belirtti. Tip 1, tip 2 ve gebelik diyabeti gibi t\u00fcrleri bulundu\u011funu ifade etti. Uluslararas\u0131 Diyabet Federasyonu\u2019nun 2025 raporuna g\u00f6re T\u00fcrkiye\u2019de diyabet oran\u0131n\u0131n y\u00fczde 16,3\u2019e y\u00fckseldi\u011fini aktaran Kara, bu oranla T\u00fcrkiye\u2019nin Avrupa\u2019da en y\u00fcksek diyabet g\u00f6r\u00fclme s\u0131kl\u0131\u011f\u0131na sahip \u00fclke konumunda oldu\u011funu s\u00f6yledi. Tip 2 diyabetin en \u00f6nemli nedenlerinden birinin obezite oldu\u011funa dikkat \u00e7eken Kara, prediyabet ve ins\u00fclin direnci bulunan bireylerde riskin daha y\u00fcksek oldu\u011funu vurgulad\u0131. Kara, ya\u015fam tarz\u0131 de\u011fi\u015fikli\u011finin \u00f6nemine i\u015faret ederek, Diyabet Fark\u0131ndal\u0131k Merkezi\u2019nde dan\u0131\u015fanlara bu s\u00fcre\u00e7te destek verdiklerini dile getirdi.<\/p>\n<p><strong>\u201cArt\u0131k i\u00e7im rahat edecek\u201d<\/strong><br \/>Otizm Etkinlik Merkezi, aileler i\u00e7in \u00f6nemli bir ihtiyaca yan\u0131t veriyor. Otizmli k\u0131z\u0131 Seray\u2019\u0131 merkeze getiren Sema Tokal\u0131, k\u0131z\u0131n\u0131n 4 ya\u015f\u0131nda atipik otizm tan\u0131s\u0131 ald\u0131\u011f\u0131n\u0131 belirterek merkezin a\u00e7\u0131lmas\u0131ndan b\u00fcy\u00fck memnuniyet duydu\u011funu s\u00f6yledi. Tokal\u0131, \u201c\u0130\u015flerimi hep k\u0131z\u0131ma g\u00f6re ayarl\u0131yordum. Onu g\u00fcvenle b\u0131rakabilece\u011fim bir yer olmas\u0131 beni rahatlatt\u0131. Uzmanlar e\u015fli\u011finde etkinliklere kat\u0131lacak, sosyalle\u015fecek ve geli\u015fim g\u00f6sterecek. Art\u0131k i\u00e7im daha rahat, ben de i\u015flerimi daha kolay halledebilece\u011fim\u201d dedi. Merkezin otizmli \u00e7ocuklar ve aileleri i\u00e7in \u00f6nemli bir destek oldu\u011funu vurgulayan Tokal\u0131, hizmetten dolay\u0131 \u0130zmir B\u00fcy\u00fck\u015fehir Belediyesi\u2019ne te\u015fekk\u00fcr etti.<\/p>\n<p><strong>B\u00f6yle bir merkeze \u00e7ok ihtiyac\u0131m\u0131z vard\u0131\u201d<\/strong><br \/>\u201cOtizmli o\u011flu Toprak\u2019\u0131 merkeze getiren Aysun Ediz Aslan, hizmetten duydu\u011fu memnuniyeti dile getirdi. Aslan, \u00e7ocu\u011funu 2 ya\u015f\u0131ndan bu yana \u00f6zel e\u011fitimlere g\u00f6t\u00fcrd\u00fc\u011f\u00fcn\u00fc belirterek merkezin \u00f6nemli bir ihtiyaca yan\u0131t verdi\u011fini s\u00f6yledi. \u201c\u00c7ocuklar\u0131m\u0131z\u0131 g\u00fcvenle b\u0131rakabilece\u011fimiz bir yer yoktu. Bu merkez hayat\u0131m\u0131z\u0131 kolayla\u015ft\u0131rd\u0131\u201d diyen Aslan, burada \u00e7ocuklara birebir ilgi g\u00f6sterildi\u011fini ve hizmetin hem \u00e7ocuklar hem de aileler i\u00e7in b\u00fcy\u00fck katk\u0131 sa\u011flad\u0131\u011f\u0131n\u0131 ifade etti. Aslan, merkezin a\u00e7\u0131lmas\u0131nda eme\u011fi ge\u00e7enlere te\u015fekk\u00fcr etti.<\/p>\n<p>\u00a0<\/p>\n<p>\u00a0<\/p>\n<p>Kaynak: (BYZHA) Beyaz Haber Ajans\u0131<\/p>\n","protected":false},"excerpt":{"rendered":"<p>\u0130zmir B\u00fcy\u00fck\u015fehir Belediyesi\u2019nin Kar\u015f\u0131yaka\u2019da hayata ge\u00e7irdi\u011fi merkez; diyabet fark\u0131ndal\u0131\u011f\u0131ndan otizm etkinliklerine, psikolojik dan\u0131\u015fmanl\u0131ktan ailelere deste\u011fe kadar geni\u015f bir yelpazede hizmet sunarak \u0130zmirlilerin ya\u015fam kalitesini art\u0131r\u0131yor.<\/p>\n","protected":false},"author":1,"featured_media":13566,"comment_status":"open","ping_status":"open","sticky":false,"template":"","format":"standard","meta":{"footnotes":""},"categories":[23],"tags":[],"class_list":["post-13565","post","type-post","status-publish","format-standard","has-post-thumbnail","hentry","category-saglik"],"_links":{"self":[{"href":"https:\/\/akdenizolay.com.tr\/index.php\/wp-json\/wp\/v2\/posts\/13565","targetHints":{"allow":["GET"]}}],"collection":[{"href":"https:\/\/akdenizolay.com.tr\/index.php\/wp-json\/wp\/v2\/posts"}],"about":[{"href":"https:\/\/akdenizolay.com.tr\/index.php\/wp-json\/wp\/v2\/types\/post"}],"author":[{"embeddable":true,"href":"https:\/\/akdenizolay.com.tr\/index.php\/wp-json\/wp\/v2\/users\/1"}],"replies":[{"embeddable":true,"href":"https:\/\/akdenizolay.com.tr\/index.php\/wp-json\/wp\/v2\/comments?post=13565"}],"version-history":[{"count":1,"href":"https:\/\/akdenizolay.com.tr\/index.php\/wp-json\/wp\/v2\/posts\/13565\/revisions"}],"predecessor-version":[{"id":13567,"href":"https:\/\/akdenizolay.com.tr\/index.php\/wp-json\/wp\/v2\/posts\/13565\/revisions\/13567"}],"wp:featuredmedia":[{"embeddable":true,"href":"https:\/\/akdenizolay.com.tr\/index.php\/wp-json\/wp\/v2\/media\/13566"}],"wp:attachment":[{"href":"https:\/\/akdenizolay.com.tr\/index.php\/wp-json\/wp\/v2\/media?parent=13565"}],"wp:term":[{"taxonomy":"category","embeddable":true,"href":"https:\/\/akdenizolay.com.tr\/index.php\/wp-json\/wp\/v2\/categories?post=13565"},{"taxonomy":"post_tag","embeddable":true,"href":"https:\/\/akdenizolay.com.tr\/index.php\/wp-json\/wp\/v2\/tags?post=13565"}],"curies":[{"name":"wp","href":"https:\/\/api.w.org\/{rel}","templated":true}]}}