{"id":13577,"date":"2026-04-28T08:09:38","date_gmt":"2026-04-28T08:09:38","guid":{"rendered":"https:\/\/akdenizolay.com.tr\/index.php\/2026\/04\/28\/deuden-miniklere-klasik-muzikle-tanisma-firsati\/"},"modified":"2026-04-28T08:09:39","modified_gmt":"2026-04-28T08:09:39","slug":"deuden-miniklere-klasik-muzikle-tanisma-firsati","status":"publish","type":"post","link":"https:\/\/akdenizolay.com.tr\/index.php\/2026\/04\/28\/deuden-miniklere-klasik-muzikle-tanisma-firsati\/","title":{"rendered":"DE\u00dc\u2019den Miniklere Klasik M\u00fczikle Tan\u0131\u015fma F\u0131rsat\u0131"},"content":{"rendered":"<p> Dokuz Eyl\u00fcl \u00dcniversitesi (DE\u00dc) Devlet Konservatuvar\u0131 taraf\u0131ndan, Hikmet \u015eim\u015fek Sanat Merkezi\u2019nde ger\u00e7ekle\u015ftirilen etkinlik; k\u0131sa s\u00fcrede yeniden organize edilerek okul \u00f6ncesi ya\u015f grubundaki \u00e7ocuklar ve ailelerinin yo\u011fun kat\u0131l\u0131m\u0131yla anlaml\u0131 bir sanat bulu\u015fmas\u0131na d\u00f6n\u00fc\u015ft\u00fc.<\/p>\n<p><b>M\u0130N\u0130KLER SENFON\u0130K ORKESTRAYLA TANI\u015eTI<\/b><\/p>\n<p>Yakla\u015f\u0131k 3\u20139 ya\u015f aral\u0131\u011f\u0131ndaki \u00e7ocuklara y\u00f6nelik ger\u00e7ekle\u015ftirilen konserde, klasik m\u00fczik sevdirilerek tan\u0131t\u0131ld\u0131. Program kapsam\u0131nda senfonik orkestray\u0131 olu\u015fturan enstr\u00fcmanlar sahnede tek tek anlat\u0131l\u0131rken, \u00e7ocuklar\u0131n aktif kat\u0131l\u0131m\u0131 sa\u011fland\u0131. Etkinlik boyunca miniklerin m\u00fczikle kurdu\u011fu etkile\u015fim, salonda renkli ve \u00f6\u011fretici anlara sahne oldu.<\/p>\n<p>Bir\u00e7ok \u00e7ocu\u011fun hayat\u0131nda ilk kez canl\u0131 orkestrayla ve b\u00fcy\u00fck konser salonu atmosferiyle bulu\u015ftu\u011fu g\u00f6zlemlenirken, ailelerin heyecan\u0131 ve memnuniyeti dikkat \u00e7ekti. Etkinli\u011fe kat\u0131lan \u00e7ocuklar, klasik m\u00fczikle ilk kez bu denli yak\u0131ndan tan\u0131\u015fman\u0131n heyecan\u0131n\u0131 ve mutlulu\u011funu dile getirdi. Konser boyunca enstr\u00fcmanlar\u0131 yak\u0131ndan g\u00f6rme ve seslerini canl\u0131 olarak dinleme f\u0131rsat\u0131 bulan minikler, unutulmaz bir deneyim ya\u015fad\u0131klar\u0131n\u0131 ifade etti.<\/p>\n<p><b>A\u0130LELERE KONSERVATUVAR S\u00dcRE\u00c7LER\u0130 ANLATILDI<\/b><\/p>\n<p>Etkinlik kapsam\u0131nda ayr\u0131ca konservatuvara giri\u015f ko\u015fullar\u0131 ve yetenek s\u0131nav s\u00fcre\u00e7lerine ili\u015fkin bilgilendirme yap\u0131ld\u0131. \u00c7ocuklar\u0131n\u0131n sanatsal potansiyelini de\u011ferlendirmek isteyen aileler, detayl\u0131 y\u00f6nlendirme ve yetenek \u00f6l\u00e7\u00fcm\u00fc i\u00e7in DE\u00dc Devlet Konservatuvar\u0131\u2019na davet edildi.<\/p>\n<p><b>SANATLA ERKEN YA\u015eTA BULU\u015eMA VURGUSU<\/b><\/p>\n<p>Toplumsal katk\u0131 niteli\u011fi ta\u015f\u0131yan organizasyon; erken ya\u015fta sanat e\u011fitiminin \u00f6nemine dikkat \u00e7eken, aileler ile \u00fcniversite aras\u0131nda g\u00fc\u00e7l\u00fc bir ba\u011f kurulmas\u0131na katk\u0131 sunan ve gelece\u011fin sanat\u00e7\u0131 adaylar\u0131na ilham veren ba\u015far\u0131l\u0131 bir etkinlik olarak de\u011ferlendirildi.<\/p>\n<p>\u00a0<\/p>\n<p>Kaynak: (BYZHA) Beyaz Haber Ajans\u0131<\/p>\n","protected":false},"excerpt":{"rendered":"<p>Dokuz Eyl\u00fcl \u00dcniversitesi (DE\u00dc) Devlet Konservatuvar\u0131 taraf\u0131ndan, Hikmet \u015eim\u015fek Sanat Merkezi\u2019nde ger\u00e7ekle\u015ftirilen etkinlik; k\u0131sa s\u00fcrede yeniden organize edilerek okul \u00f6ncesi ya\u015f grubundaki \u00e7ocuklar ve ailelerinin yo\u011fun kat\u0131l\u0131m\u0131yla anlaml\u0131 bir sanat bulu\u015fmas\u0131na d\u00f6n\u00fc\u015ft\u00fc.<\/p>\n","protected":false},"author":1,"featured_media":13578,"comment_status":"open","ping_status":"open","sticky":false,"template":"","format":"standard","meta":{"footnotes":""},"categories":[24],"tags":[],"class_list":["post-13577","post","type-post","status-publish","format-standard","has-post-thumbnail","hentry","category-kultur-sanat"],"_links":{"self":[{"href":"https:\/\/akdenizolay.com.tr\/index.php\/wp-json\/wp\/v2\/posts\/13577","targetHints":{"allow":["GET"]}}],"collection":[{"href":"https:\/\/akdenizolay.com.tr\/index.php\/wp-json\/wp\/v2\/posts"}],"about":[{"href":"https:\/\/akdenizolay.com.tr\/index.php\/wp-json\/wp\/v2\/types\/post"}],"author":[{"embeddable":true,"href":"https:\/\/akdenizolay.com.tr\/index.php\/wp-json\/wp\/v2\/users\/1"}],"replies":[{"embeddable":true,"href":"https:\/\/akdenizolay.com.tr\/index.php\/wp-json\/wp\/v2\/comments?post=13577"}],"version-history":[{"count":1,"href":"https:\/\/akdenizolay.com.tr\/index.php\/wp-json\/wp\/v2\/posts\/13577\/revisions"}],"predecessor-version":[{"id":13579,"href":"https:\/\/akdenizolay.com.tr\/index.php\/wp-json\/wp\/v2\/posts\/13577\/revisions\/13579"}],"wp:featuredmedia":[{"embeddable":true,"href":"https:\/\/akdenizolay.com.tr\/index.php\/wp-json\/wp\/v2\/media\/13578"}],"wp:attachment":[{"href":"https:\/\/akdenizolay.com.tr\/index.php\/wp-json\/wp\/v2\/media?parent=13577"}],"wp:term":[{"taxonomy":"category","embeddable":true,"href":"https:\/\/akdenizolay.com.tr\/index.php\/wp-json\/wp\/v2\/categories?post=13577"},{"taxonomy":"post_tag","embeddable":true,"href":"https:\/\/akdenizolay.com.tr\/index.php\/wp-json\/wp\/v2\/tags?post=13577"}],"curies":[{"name":"wp","href":"https:\/\/api.w.org\/{rel}","templated":true}]}}