{"id":13580,"date":"2026-04-28T08:09:39","date_gmt":"2026-04-28T08:09:39","guid":{"rendered":"https:\/\/akdenizolay.com.tr\/index.php\/2026\/04\/28\/izmir-oda-orkestrasi-yine-ayakta-alkislandi\/"},"modified":"2026-04-28T08:09:40","modified_gmt":"2026-04-28T08:09:40","slug":"izmir-oda-orkestrasi-yine-ayakta-alkislandi","status":"publish","type":"post","link":"https:\/\/akdenizolay.com.tr\/index.php\/2026\/04\/28\/izmir-oda-orkestrasi-yine-ayakta-alkislandi\/","title":{"rendered":"\u0130zmir Oda Orkestras\u0131 yine ayakta alk\u0131\u015fland\u0131"},"content":{"rendered":"<p> \u0130zmir Oda Orkestras\u0131, Nisan ay\u0131n\u0131n son konseri ile sanatseverlere \u00f6zel bir repertuvar sundu. Yo\u011fun ilgi g\u00f6ren konser izleyenler taraf\u0131ndan ayakta alk\u0131\u015fland\u0131. Konserde Beethoven, Anton\u00edn Dvo\u0159\u00e1k gibi b\u00fcy\u00fck bestecilerin eserleri seslendirildi.<\/p>\n<p>\u0130zmir B\u00fcy\u00fck\u015fehir Belediyesi \u0130zmir Oda Orkestras\u0131, nisan ay\u0131n\u0131n son konseri ile Ahmed Adnan Saygun Sanat Merkezi\u2019nde (AASSM) \u0130zmirlilerin kar\u015f\u0131s\u0131na \u00e7\u0131kt\u0131. Yakla\u015f\u0131k bir saat s\u00fcren konserde, Ludwig van Beethoven ve Anton\u00edn Dvo\u0159\u00e1k gibi klasik m\u00fczi\u011fin \u00f6nde gelen bestecilerinin eserleri seslendirildi. \u00c7ok say\u0131da sanatseverin yo\u011fun ilgi g\u00f6sterdi\u011fi konser ayakta alk\u0131\u015fland\u0131.<\/p>\n<p><strong>\u201cOn y\u0131ld\u0131r ilk g\u00fcnk\u00fc heyecanla sahnedeyiz\u201d<\/strong><br \/>Konser \u00f6ncesinde konu\u015fan keman sanat\u00e7\u0131s\u0131 Tuana K\u00f6pr\u00fcl\u00fc, orkestran\u0131n yolculu\u011funa dair izleyicilere bilgi verdi. K\u00f6pr\u00fcl\u00fc, \u201cKar\u015f\u0131yaka Oda Orkestras\u0131 olarak ba\u015flad\u0131\u011f\u0131m\u0131z bu yolculukta, yakla\u015f\u0131k on y\u0131ld\u0131r sizlerle bulu\u015fuyoruz. Bug\u00fcn \u0130zmir Oda Orkestras\u0131 olarak yine \u00e7ok de\u011ferli sanat\u00e7\u0131 arkada\u015flar\u0131m\u0131zla sahnedeyiz. \u0130lk g\u00fcnk\u00fc heyecan\u0131m\u0131z\u0131 koruyoruz. Sizlerin varl\u0131\u011f\u0131 bize hem duygusal hem de sanatsal anlamda g\u00fc\u00e7 kat\u0131yor\u201d ifadelerini kulland\u0131.<\/p>\n<p><strong>Tecr\u00fcbeli sanat\u00e7\u0131lar sahnede<\/strong><br \/>\u0130ki keman, bir viyola ve bir viyolonselden olu\u015fan orkestrada; \u00d6z\u00fcm Ba\u011fta\u015f, Alaz Ya\u015f\u0131l, Bahar Oytun Duyar ve Tuana K\u00f6pr\u00fcl\u00fc sahne ald\u0131. \u0130ki b\u00f6l\u00fcmden olu\u015fan konser, k\u0131sa bir aran\u0131n ard\u0131ndan devam etti ve izleyicilerden b\u00fcy\u00fck be\u011feni toplad\u0131.<\/p>\n<p>\u00a0<\/p>\n<p>\u00a0<\/p>\n<p>Kaynak: (BYZHA) Beyaz Haber Ajans\u0131<\/p>\n","protected":false},"excerpt":{"rendered":"<p>\u0130zmir Oda Orkestras\u0131, Nisan ay\u0131n\u0131n son konseri ile sanatseverlere \u00f6zel bir repertuvar sundu.<\/p>\n","protected":false},"author":1,"featured_media":13581,"comment_status":"open","ping_status":"open","sticky":false,"template":"","format":"standard","meta":{"footnotes":""},"categories":[24],"tags":[],"class_list":["post-13580","post","type-post","status-publish","format-standard","has-post-thumbnail","hentry","category-kultur-sanat"],"_links":{"self":[{"href":"https:\/\/akdenizolay.com.tr\/index.php\/wp-json\/wp\/v2\/posts\/13580","targetHints":{"allow":["GET"]}}],"collection":[{"href":"https:\/\/akdenizolay.com.tr\/index.php\/wp-json\/wp\/v2\/posts"}],"about":[{"href":"https:\/\/akdenizolay.com.tr\/index.php\/wp-json\/wp\/v2\/types\/post"}],"author":[{"embeddable":true,"href":"https:\/\/akdenizolay.com.tr\/index.php\/wp-json\/wp\/v2\/users\/1"}],"replies":[{"embeddable":true,"href":"https:\/\/akdenizolay.com.tr\/index.php\/wp-json\/wp\/v2\/comments?post=13580"}],"version-history":[{"count":1,"href":"https:\/\/akdenizolay.com.tr\/index.php\/wp-json\/wp\/v2\/posts\/13580\/revisions"}],"predecessor-version":[{"id":13582,"href":"https:\/\/akdenizolay.com.tr\/index.php\/wp-json\/wp\/v2\/posts\/13580\/revisions\/13582"}],"wp:featuredmedia":[{"embeddable":true,"href":"https:\/\/akdenizolay.com.tr\/index.php\/wp-json\/wp\/v2\/media\/13581"}],"wp:attachment":[{"href":"https:\/\/akdenizolay.com.tr\/index.php\/wp-json\/wp\/v2\/media?parent=13580"}],"wp:term":[{"taxonomy":"category","embeddable":true,"href":"https:\/\/akdenizolay.com.tr\/index.php\/wp-json\/wp\/v2\/categories?post=13580"},{"taxonomy":"post_tag","embeddable":true,"href":"https:\/\/akdenizolay.com.tr\/index.php\/wp-json\/wp\/v2\/tags?post=13580"}],"curies":[{"name":"wp","href":"https:\/\/api.w.org\/{rel}","templated":true}]}}