{"id":13586,"date":"2026-04-28T08:18:49","date_gmt":"2026-04-28T08:18:49","guid":{"rendered":"https:\/\/akdenizolay.com.tr\/index.php\/2026\/04\/28\/bahar-depresyonuna-karsi-6-kritik-oneri\/"},"modified":"2026-04-28T08:18:50","modified_gmt":"2026-04-28T08:18:50","slug":"bahar-depresyonuna-karsi-6-kritik-oneri","status":"publish","type":"post","link":"https:\/\/akdenizolay.com.tr\/index.php\/2026\/04\/28\/bahar-depresyonuna-karsi-6-kritik-oneri\/","title":{"rendered":"Bahar depresyonuna kar\u015f\u0131 6 kritik \u00f6neri"},"content":{"rendered":"<p> Bahar aylar\u0131nda do\u011fan\u0131n canlanmas\u0131yla birlikte pek \u00e7ok ki\u015finin enerjisi ve motivasyonu artarken, baz\u0131 ki\u015filerde ise tam tersine yorgunluk, huzursuzluk ve depresif bir ruh hali ortaya \u00e7\u0131kabiliyor.\u00a0<strong>Ac\u0131badem Bak\u0131rk\u00f6y Hastanesi\u2019nden Klinik Psikolog Seda Akcan<\/strong>, \u201cBahar depresyonu \u00e7o\u011fu zaman g\u00f6r\u00fcn\u00fcr bir neden olmaks\u0131z\u0131n ortaya \u00e7\u0131kan; ancak bireyin i\u00e7 d\u00fcnyas\u0131nda anlaml\u0131 kar\u015f\u0131l\u0131\u011f\u0131 olan bir deneyimdir. Baz\u0131 bireyler bahar aylar\u0131nda kendilerini daha yorgun, huzursuz ve duygusal olarak dalgal\u0131 hissedebilir. Bast\u0131r\u0131lm\u0131\u015f duygular, ertelenmi\u015f ihtiya\u00e7lar ve fark edilmeyen zihinsel y\u00fckler bu d\u00f6nemde daha g\u00f6r\u00fcn\u00fcr hale gelebilir. G\u00fcnlerin uzamas\u0131yla birlikte artan \u2018aktif olma\u2019 bask\u0131s\u0131, ki\u015finin i\u00e7 d\u00fcnyas\u0131yla, d\u0131\u015f d\u00fcnyan\u0131n beklentileri aras\u0131nda uyumsuzluk yarat\u0131r. Bu da kayg\u0131, isteksizlik ve t\u00fckenmi\u015flik hissini beraberinde getirir, bahar depresyonuna neden olabilir\u201d diyor. Klinik Psikolog Seda Akcan, bahar depresyonunun belirtilerini, haz\u0131rlad\u0131\u011f\u0131 10 soruluk test ile anlatt\u0131, bahar depresyonuna kar\u015f\u0131 6 kritik \u00f6nerisini s\u0131ralad\u0131, \u00f6nemli uyar\u0131lar ve \u00f6nerilerde bulundu.<\/p>\n<p><strong>1. Kendinizi s\u00fcrekli yorgun hissediyor musunuz?<\/strong><\/p>\n<p>Herhangi bir hastal\u0131\u011fa ba\u011fl\u0131 olmadan ve yeterince dinlenmenize ra\u011fmen yorgunlu\u011funuz ge\u00e7miyorsa, nedeni fiziksel de\u011fil; duygusal ya da zihinsel t\u00fckenmi\u015flik olabilir. Baharda artan hareketlilik beklentisiyle i\u00e7sel yava\u015fl\u0131k \u00e7at\u0131\u015ft\u0131\u011f\u0131nda bu his daha da belirgin hale gelebilir.<\/p>\n<p><strong>2. Sabahlar\u0131 yataktan \u00e7\u0131kmakta zorlan\u0131yor musunuz?\u00a0<\/strong><\/p>\n<p>Yataktan \u00e7\u0131kmakta zorlanmak ve g\u00fcne isteksiz ba\u015flamak bahar depresyonunun erken sinyallerinden biri olabilir. Ki\u015fi bilin\u00e7d\u0131\u015f\u0131 \u015fekilde g\u00fcne ba\u015flamay\u0131 erteleyerek, duygusal y\u00fckten ka\u00e7\u0131nmaya \u00e7al\u0131\u015fabilir. Bu durum i\u00e7sel motivasyon kayb\u0131n\u0131n \u00f6nemli bir g\u00f6stergesi olabilir.<\/p>\n<p><strong>3. Eskiden keyif ald\u0131\u011f\u0131n\u0131z \u015feyler art\u0131k sizi mutlu etmiyor mu?<\/strong><\/p>\n<p>Daha \u00f6nce size iyi gelen aktivitelerin art\u0131k ilginizi \u00e7ekmemesi veya keyif vermemesi duygusal bir geri \u00e7ekilmenin \u00f6nemli g\u00f6stergelerindendir. Bu durum ki\u015finin ya\u015famdan ald\u0131\u011f\u0131 tatminin azalmas\u0131yla ili\u015fkilidir ve depresif s\u00fcre\u00e7lerde s\u0131k\u00e7a g\u00f6zlemlenir.<\/p>\n<p><strong>4. Kendinizi di\u011fer insanlarla k\u0131yaslay\u0131p yetersiz hissetti\u011finiz oluyor mu?<\/strong><\/p>\n<p>K\u0131yaslama davran\u0131\u015f\u0131 \u00e7o\u011fu zaman \u00f6zde\u011fer alg\u0131s\u0131yla ili\u015fkilidir. Ki\u015fi, kendi i\u00e7sel \u00f6l\u00e7\u00fctleri yerine d\u0131\u015f referanslara odakland\u0131\u011f\u0131nda, yetersizlik ve de\u011fersizlik duygusu derinle\u015fir. Bahar aylar\u0131nda artan sosyal g\u00f6r\u00fcn\u00fcrl\u00fck bu kar\u015f\u0131la\u015ft\u0131rmalar\u0131 daha da art\u0131r\u0131r.<\/p>\n<p><strong>5. Duygusal dalgalanmalar ya\u015f\u0131yor musunuz?<\/strong><\/p>\n<p>Duygular\u0131n k\u0131sa s\u00fcrede ve yo\u011fun bir bi\u00e7imde de\u011fi\u015fmesi psikolojik esnekli\u011fin zorland\u0131\u011f\u0131n\u0131 g\u00f6sterir. Ki\u015fi bir yandan uyum sa\u011flamaya \u00e7al\u0131\u015f\u0131rken, di\u011fer yandan i\u00e7sel \u00e7at\u0131\u015fmalar ya\u015fayabilir. Bahar d\u00f6nemindeki biyolojik ve \u00e7evresel de\u011fi\u015fimler bu k\u0131r\u0131lganl\u0131\u011f\u0131 art\u0131rabilir.<\/p>\n<p><strong>6. Dikkatinizi toplamakta zorlan\u0131yor musunuz?<\/strong><\/p>\n<p>Odaklanma g\u00fc\u00e7l\u00fc\u011f\u00fc, unutkanl\u0131k ve zihinsel da\u011f\u0131n\u0131kl\u0131k; stresli d\u00f6nemlerde artar. Zihin \u2018\u015fimdi ve burada\u2019 kalmakta, mevcut ana odaklanmakta zorlan\u0131r; ge\u00e7mi\u015fe dair d\u00fc\u015f\u00fcncelerle gelecek kayg\u0131lar\u0131 aras\u0131nda gidip gelir. \u00a0Bu durum performans\u0131 d\u00fc\u015f\u00fcr\u00fcr, \u00a0yetersizlik hissi yaratabilir.\u00a0<\/p>\n<p><strong>7. Uyku d\u00fczeniniz de\u011fi\u015fti mi?<\/strong><\/p>\n<p>Uyku, psikolojik dengeyi d\u00fczenleyen en temel alanlardan biridir. Uykuya dalamamak ya da a\u015f\u0131r\u0131 uyuma iste\u011fi, ki\u015finin duygusal d\u00fczenleme becerilerinde zorlanma ya\u015fad\u0131\u011f\u0131n\u0131 g\u00f6sterebilir. Zihin, g\u00fcn i\u00e7erisinde i\u015flenemeyen duygular\u0131 gece ya\u015famaya devam eder.\u00a0<\/p>\n<p><strong>8. \u0130\u015ftah\u0131n\u0131zda de\u011fi\u015fiklik fark ettiniz mi?<\/strong><\/p>\n<p>\u0130\u015ftah\u0131n artmas\u0131 ya da azalmas\u0131, duygu durumla yak\u0131ndan ili\u015fkilidir. Kimi bireyler stresli d\u00f6nemlerde duygusal bo\u015flu\u011fu doldurmak i\u00e7in daha \u00e7ok yerken, kimileriyse tam tersine i\u015ftah kayb\u0131 ya\u015fayabilir. Bu durum, i\u00e7sel denge aray\u0131\u015f\u0131n\u0131n bir yans\u0131mas\u0131d\u0131r.\u00a0<\/p>\n<p><strong>9. Sosyal ortamlardan uzakla\u015fmak istiyor musunuz?<\/strong><\/p>\n<p>\u0130nsanlarla ileti\u015fim kurmaktan ka\u00e7\u0131nma, davetleri reddetme ve yaln\u0131z kalma iste\u011fi bazen bir korunma mekanizmas\u0131d\u0131r. Ki\u015fi anla\u015f\u0131lmama ya da yarg\u0131lanma ihtimaline kar\u015f\u0131 kendini izole ederek duygusal g\u00fcvenli\u011fini korumaya \u00e7al\u0131\u015f\u0131r. Ancak bu durum uzun vadede yaln\u0131zl\u0131k hissini derinle\u015ftirir.<\/p>\n<p><strong>10. Gelece\u011fe dair umutsuzluk veya isteksizlik mi hissediyorsunuz?<\/strong><\/p>\n<p>Zaman zaman umutsuz hissetmek normaldir, ancak bu duygunun s\u00fcrekli ve yo\u011fun ya\u015fanmas\u0131 mutlaka dikkate al\u0131nmal\u0131d\u0131r. Umutsuzluk ki\u015finin gelecekle ba\u011f\u0131n\u0131n zay\u0131flad\u0131\u011f\u0131n\u0131 ve kontrol duygusunun azald\u0131\u011f\u0131n\u0131 g\u00f6sterebilir De\u011fi\u015fimin m\u00fcmk\u00fcn olmad\u0131\u011f\u0131na inan\u0131ld\u0131\u011f\u0131nda bu his ki\u015fi i\u00e7in ya\u015fam\u0131n anlam\u0131n\u0131 da azaltabilir.\u00a0<\/p>\n<p><strong>xxxxxxxxx Kutu Bilgisi xxxxxxxxx<\/strong><\/p>\n<p><strong>BAHAR DEPRESYONUNA KAR\u015eI 6 KR\u0130T\u0130K \u00d6NER\u0130<\/strong><\/p>\n<p>Klinik Psikolog Seda Akcan, bahar depresyonuna kar\u015f\u0131 6 kritik \u00f6neride bulunuyor;\u00a0<\/p>\n<ul>\n<li><strong>Biyolojik ritminizi yeniden yap\u0131land\u0131r\u0131n<\/strong><\/li>\n<\/ul>\n<p>Mevsim ge\u00e7i\u015fi insan\u0131n biyolojik saatini de etkiledi\u011fi i\u00e7in; uyku d\u00fczeninde de\u011fi\u015fiklik, sabahlar\u0131 zor uyanma ya da g\u00fcn i\u00e7inde dalgalanan enerji hali s\u0131k g\u00f6r\u00fcl\u00fcr. Biyolojik ritminizi; her g\u00fcn ayn\u0131 saatlerde uyuyup- uyanarak, sabahlar\u0131 g\u00fcn \u0131\u015f\u0131\u011f\u0131na maruz kalarak ve gece ekran kullan\u0131m\u0131n\u0131 s\u0131n\u0131rland\u0131rarak dengeleyebilirsiniz.\u00a0<\/p>\n<ul>\n<li><strong>Duygular\u0131n\u0131z\u0131 bast\u0131rmak yerine anlamland\u0131r\u0131n<\/strong><\/li>\n<\/ul>\n<p>Bahar aylar\u0131 toplumda genellikle \u2018canlanma\u2019 ve \u2018mutluluk\u2019 ile ili\u015fkilendirilir. Ancak i\u00e7 d\u00fcnyan\u0131z bu beklentiyle \u00f6rt\u00fc\u015fmedi\u011finde, ikincil bir su\u00e7luluk ve yetersizlik hissedebilirsiniz. \u2018B\u00f6yle hissetmemeliyim\u2019 d\u00fc\u015f\u00fcncesi duygusal y\u00fck\u00fc artt\u0131r\u0131r. Duygunuzu fark etmek, isimlendirip kabul etmek psikolojik esnekli\u011finizi art\u0131rarak i\u00e7sel dengenizi korumaya katk\u0131 sa\u011flayabilir.\u00a0<\/p>\n<ul>\n<li><strong>Kendinizden beklentinizi yeniden d\u00fczenleyin<\/strong><\/li>\n<\/ul>\n<p>Enerjiniz d\u00fc\u015f\u00fckken kendinizden y\u00fcksek performans beklemeniz \u00f6zg\u00fcveninizi zedeleyebilir. Bu nedenle b\u00fcy\u00fck hedefler yerine k\u00fc\u00e7\u00fck, ula\u015f\u0131labilir ve s\u00fcrd\u00fcrebilir hedefler belirleyin. Tamamlad\u0131\u011f\u0131n\u0131z k\u00fc\u00e7\u00fck ad\u0131mlar, kontrol duygunuzu g\u00fc\u00e7lendirir ve motivasyonunuzu kademeli olarak art\u0131r\u0131r.<\/p>\n<ul>\n<li><strong>Bedensel aktiviteyi bir zorunluluk de\u011fil, destek arac\u0131 olarak g\u00f6r\u00fcn<\/strong><\/li>\n<\/ul>\n<p>Fiziksel hareket zihni de dengeler. A\u00e7\u0131k havada y\u00fcr\u00fcy\u00fc\u015f, hafif egzersi ve d\u00fczenli hareket; stres hormonlar\u0131n\u0131 azalt\u0131r, mutluluk hormonlar\u0131n\u0131n artmas\u0131na destek olur. \u00d6zellikle do\u011fayla temas, zihinsel y\u00fck\u00fc hafifletmede olduk\u00e7a etkilidir. Ancak yo\u011funluk de\u011fil s\u00fcreklilik \u00f6nemlidir.\u00a0<\/p>\n<ul>\n<li><strong>Sosyal temas\u0131n\u0131z\u0131 bilin\u00e7li \u015fekilde s\u00fcrd\u00fcr\u00fcn<\/strong><\/li>\n<\/ul>\n<p>Bahar depresyonunda s\u0131k g\u00f6r\u00fclen i\u00e7e \u00e7ekilme ve sosyal ili\u015fkilerden uzakla\u015fma e\u011filimi yaln\u0131zl\u0131k hissini derinle\u015ftirerek bahar depresyonunun belirtilerini g\u00fc\u00e7lendirebilir. Ki\u015finin kendini g\u00fcvende hissetti\u011fi ve yarg\u0131lanmadan var olabildi\u011fi ili\u015fkilerle temas\u0131n\u0131 s\u00fcrd\u00fcrmesi duygular\u0131n\u0131 d\u00fczenlemesine yard\u0131mc\u0131 olur. Sosyal destek, bu s\u00fcre\u00e7te en \u00f6nemli koruyucu fakt\u00f6rlerden biridir.<\/p>\n<ul>\n<li><strong>Profesyonel deste\u011fi geciktirmeyin<\/strong><\/li>\n<\/ul>\n<p>Klinik Psikolog Seda Akcan \u201cYak\u0131nmalar\u0131n\u0131z g\u00fcnl\u00fck ya\u015fam\u0131n\u0131z\u0131 etkilemeye ba\u015flad\u0131ysa ve 2 haftadan uzun bir uzmandan destek almak \u00f6nemlidir. Psikolojik destek, ki\u015finin bu s\u00fcreci daha sa\u011fl\u0131kl\u0131 anlamland\u0131rmas\u0131na ve y\u00f6netmesine yard\u0131mc\u0131 olur. Erken m\u00fcdahale, depresif belirtilerin kronikle\u015fmesini \u00f6nemlede kritik bir rol oynar\u201d diyor.\u00a0<\/p>\n<p><strong>\u00a0<\/strong><\/p>\n<p>\u00a0<\/p>\n<p>Kaynak: (BYZHA) Beyaz Haber Ajans\u0131<\/p>\n","protected":false},"excerpt":{"rendered":"<p>Bahar aylar\u0131nda do\u011fan\u0131n canlanmas\u0131yla birlikte pek \u00e7ok ki\u015finin enerjisi ve motivasyonu artarken, baz\u0131 ki\u015filerde ise tam tersine yorgunluk, huzursuzluk ve depresif bir ruh hali ortaya \u00e7\u0131kabiliyor.<\/p>\n","protected":false},"author":1,"featured_media":13587,"comment_status":"open","ping_status":"open","sticky":false,"template":"","format":"standard","meta":{"footnotes":""},"categories":[23],"tags":[],"class_list":["post-13586","post","type-post","status-publish","format-standard","has-post-thumbnail","hentry","category-saglik"],"_links":{"self":[{"href":"https:\/\/akdenizolay.com.tr\/index.php\/wp-json\/wp\/v2\/posts\/13586","targetHints":{"allow":["GET"]}}],"collection":[{"href":"https:\/\/akdenizolay.com.tr\/index.php\/wp-json\/wp\/v2\/posts"}],"about":[{"href":"https:\/\/akdenizolay.com.tr\/index.php\/wp-json\/wp\/v2\/types\/post"}],"author":[{"embeddable":true,"href":"https:\/\/akdenizolay.com.tr\/index.php\/wp-json\/wp\/v2\/users\/1"}],"replies":[{"embeddable":true,"href":"https:\/\/akdenizolay.com.tr\/index.php\/wp-json\/wp\/v2\/comments?post=13586"}],"version-history":[{"count":1,"href":"https:\/\/akdenizolay.com.tr\/index.php\/wp-json\/wp\/v2\/posts\/13586\/revisions"}],"predecessor-version":[{"id":13588,"href":"https:\/\/akdenizolay.com.tr\/index.php\/wp-json\/wp\/v2\/posts\/13586\/revisions\/13588"}],"wp:featuredmedia":[{"embeddable":true,"href":"https:\/\/akdenizolay.com.tr\/index.php\/wp-json\/wp\/v2\/media\/13587"}],"wp:attachment":[{"href":"https:\/\/akdenizolay.com.tr\/index.php\/wp-json\/wp\/v2\/media?parent=13586"}],"wp:term":[{"taxonomy":"category","embeddable":true,"href":"https:\/\/akdenizolay.com.tr\/index.php\/wp-json\/wp\/v2\/categories?post=13586"},{"taxonomy":"post_tag","embeddable":true,"href":"https:\/\/akdenizolay.com.tr\/index.php\/wp-json\/wp\/v2\/tags?post=13586"}],"curies":[{"name":"wp","href":"https:\/\/api.w.org\/{rel}","templated":true}]}}