{"id":13607,"date":"2026-04-28T08:48:23","date_gmt":"2026-04-28T08:48:23","guid":{"rendered":"https:\/\/akdenizolay.com.tr\/index.php\/2026\/04\/28\/75-kilometrelik-hatla-su-sorunu-tarihe-karisiyor\/"},"modified":"2026-04-28T08:48:24","modified_gmt":"2026-04-28T08:48:24","slug":"75-kilometrelik-hatla-su-sorunu-tarihe-karisiyor","status":"publish","type":"post","link":"https:\/\/akdenizolay.com.tr\/index.php\/2026\/04\/28\/75-kilometrelik-hatla-su-sorunu-tarihe-karisiyor\/","title":{"rendered":"75 kilometrelik hatla su sorunu tarihe kar\u0131\u015f\u0131yor"},"content":{"rendered":"<p> \u0130ZSU\u2019nun Bergama\u2019da ba\u015flatt\u0131\u011f\u0131 kapsaml\u0131 yat\u0131r\u0131mlarla hem ya\u011fmur suyu altyap\u0131s\u0131 g\u00fc\u00e7leniyor hem de 5 mahallede i\u00e7me suyu hatlar\u0131 ba\u015ftan sona yenileniyor. Y\u0131llard\u0131r ya\u015fanan kesinti, bas\u0131n\u00e7 ve ta\u015fk\u0131n sorunlar\u0131n\u0131n kal\u0131c\u0131 olarak \u00e7\u00f6z\u00fclmesi hedefleniyor.<\/p>\n<p>\u0130zmir B\u00fcy\u00fck\u015fehir Belediyesi \u0130ZSU Genel M\u00fcd\u00fcrl\u00fc\u011f\u00fc, Bergama\u2019da uzun y\u0131llard\u0131r g\u00fcnl\u00fck ya\u015fam\u0131 zorla\u015ft\u0131ran i\u00e7me suyu ve altyap\u0131 sorunlar\u0131n\u0131 \u00e7\u00f6zmek i\u00e7in kapsaml\u0131 bir \u00e7al\u0131\u015fma y\u00fcr\u00fct\u00fcyor. Eskiyen \u015febekeden kaynaklanan patlaklar, su kesintileri ve bas\u0131n\u00e7 yetersizli\u011fi yap\u0131lan yat\u0131r\u0131mlarla gideriliyor.\u00a0<\/p>\n<p><strong>6 milyon liral\u0131k yat\u0131r\u0131m<\/strong><br \/>Toplam 6 milyon liral\u0131k yat\u0131r\u0131m, \u0130ZSU\u2019nun kendi imkanlar\u0131yla hayata ge\u00e7iriliyor. Ekipler, Bergama\u2019n\u0131n Fatih Mahallesi\u2019nde \u00d6zg\u00fcrl\u00fck Caddesi ile Ak\u015femsettin ve \u00d6zlem sokaklarda toplam 1020 metre uzunlu\u011funda ya\u011fmur suyu hatt\u0131 imalat\u0131n\u0131 s\u00fcrd\u00fcr\u00fcyor. 800 milimetre \u00e7ap\u0131ndaki borularla in\u015fa edilen hatt\u0131n 15 g\u00fcn i\u00e7inde tamamlanmas\u0131 planlan\u0131yor. Bu sayede il\u00e7ede, \u00f6zellikle ya\u011f\u0131\u015fl\u0131 havalarda olu\u015fan su birikintileri ve ta\u015fk\u0131nlar\u0131n \u00f6n\u00fcne ge\u00e7ilmesi hedefleniyor. \u0130\u00e7me suyu altyap\u0131s\u0131n\u0131 g\u00fc\u00e7lendirmek amac\u0131yla y\u00fcr\u00fct\u00fclen \u00e7al\u0131\u015fmalar kapsam\u0131nda ise B\u00f6lcek, T\u0131rmanlar, Ilg\u0131ncaber, Alibeyli ve Durmu\u015flar mahallelerinde toplam 75 kilometrelik i\u00e7me suyu hatt\u0131 d\u00f6\u015feniyor. \u00c7al\u0131\u015fmalar\u0131n 2026 y\u0131l\u0131 sonunda tamamlanmas\u0131 \u00f6ng\u00f6r\u00fcl\u00fcyor.<\/p>\n<p><strong>\u201cSel ve ta\u015fk\u0131nlara kar\u015f\u0131 \u00e7al\u0131\u015fmalara h\u0131zl\u0131ca ba\u015flad\u0131k\u201d<\/strong><br \/>Bergama Teknik \u015eube M\u00fcd\u00fcr\u00fc Mehmet Ero\u011flan, \u00e7al\u0131\u015fmalar\u0131n k\u0131sa s\u00fcrede ba\u015flat\u0131ld\u0131\u011f\u0131n\u0131 belirterek, \u201c\u0130ZSU olarak Bergama \u00d6zg\u00fcrl\u00fck Caddesi\u2019nde altyap\u0131 \u00e7al\u0131\u015fmalar\u0131m\u0131z\u0131 s\u00fcrd\u00fcr\u00fcyoruz. Ge\u00e7ti\u011fimiz k\u0131\u015f, ya\u011f\u0131\u015f rejimindeki d\u00fczensizlik nedeniyle ya\u015fanan olumsuzluklar\u0131n ard\u0131ndan h\u0131zl\u0131ca harekete ge\u00e7tik ve ekiplerimizle ya\u011fmur suyu hatt\u0131 imalat\u0131na ba\u015flad\u0131k. \u00d6zg\u00fcrl\u00fck Caddesi\u2019nin yan\u0131 s\u0131ra Ak\u015femsettin ve \u00d6zlem sokaklarda da \u00e7al\u0131\u015fmalar\u0131m\u0131z devam ediyor. Bu imalatlarla birlikte b\u00f6lgede ya\u015fanan sel ve ta\u015fk\u0131nlar\u0131n, dolay\u0131s\u0131yla vatanda\u015flar\u0131m\u0131z\u0131n ya\u015fad\u0131\u011f\u0131 ma\u011fduriyetlerin \u00f6n\u00fcne ge\u00e7meyi hedefliyoruz. Ayr\u0131ca, b\u00f6lgede yeniden kaz\u0131 yap\u0131lmas\u0131n\u0131n \u00f6n\u00fcne ge\u00e7mek ve vatanda\u015flar\u0131m\u0131z\u0131n ma\u011fduriyetini \u00f6nlemek amac\u0131yla eskiyen i\u00e7me suyu hatlar\u0131n\u0131 da e\u015f zamanl\u0131 olarak yenileyerek hizmete sunmay\u0131 planl\u0131yoruz. Bunun yan\u0131 s\u0131ra merkez mahallelerde ve ana hatlarda yenileme \u00e7al\u0131\u015fmalar\u0131m\u0131z s\u00fcr\u00fcyor\u201d dedi.\u00a0<\/p>\n<p><strong>Ba\u015fkan Tugay\u2019a te\u015fekk\u00fcr<\/strong><br \/>B\u00f6lcek Mahallesi Muhtar\u0131 Mehmet Turhan, mahallede uzun y\u0131llard\u0131r s\u00fcren altyap\u0131 sorunlar\u0131n\u0131n \u00e7\u00f6z\u00fcme kavu\u015ftu\u011funu belirterek, \u201cBorular olduk\u00e7a eskiydi ve neredeyse her g\u00fcn ar\u0131zalar meydana geliyordu. Yaz aylar\u0131nda n\u00fcfusun artmas\u0131 ile birlikte s\u0131k\u0131nt\u0131lar daha da art\u0131yordu. \u00d6zellikle \u00fcst katlara su ula\u015fm\u0131yordu. Bu nedenle y\u00fcr\u00fct\u00fclen \u00e7al\u0131\u015fmalar mahallemiz i\u00e7in b\u00fcy\u00fck \u00f6nem ta\u015f\u0131yor. Art\u0131k sa\u011fl\u0131kl\u0131 ve kesintisiz suya kavu\u015faca\u011f\u0131z. Bu s\u00fcre\u00e7te eme\u011fi ge\u00e7en \u0130zmir B\u00fcy\u00fck\u015fehir Belediye Ba\u015fkan\u0131m\u0131z Cemil Tugay\u2019a ve \u0130ZSU Genel M\u00fcd\u00fcrl\u00fc\u011f\u00fc yetkililerine mahallem ad\u0131na te\u015fekk\u00fcr ediyorum\u201d dedi.<\/p>\n<p>\u00a0<\/p>\n<p>\u00a0<\/p>\n<p>Kaynak: (BYZHA) Beyaz Haber Ajans\u0131<\/p>\n","protected":false},"excerpt":{"rendered":"<p>\u0130ZSU\u2019nun Bergama\u2019da ba\u015flatt\u0131\u011f\u0131 kapsaml\u0131 yat\u0131r\u0131mlarla hem ya\u011fmur suyu altyap\u0131s\u0131 g\u00fc\u00e7leniyor hem de 5 mahallede i\u00e7me suyu hatlar\u0131 ba\u015ftan sona yenileniyor.<\/p>\n","protected":false},"author":1,"featured_media":13608,"comment_status":"open","ping_status":"open","sticky":false,"template":"","format":"standard","meta":{"footnotes":""},"categories":[20],"tags":[],"class_list":["post-13607","post","type-post","status-publish","format-standard","has-post-thumbnail","hentry","category-gundem"],"_links":{"self":[{"href":"https:\/\/akdenizolay.com.tr\/index.php\/wp-json\/wp\/v2\/posts\/13607","targetHints":{"allow":["GET"]}}],"collection":[{"href":"https:\/\/akdenizolay.com.tr\/index.php\/wp-json\/wp\/v2\/posts"}],"about":[{"href":"https:\/\/akdenizolay.com.tr\/index.php\/wp-json\/wp\/v2\/types\/post"}],"author":[{"embeddable":true,"href":"https:\/\/akdenizolay.com.tr\/index.php\/wp-json\/wp\/v2\/users\/1"}],"replies":[{"embeddable":true,"href":"https:\/\/akdenizolay.com.tr\/index.php\/wp-json\/wp\/v2\/comments?post=13607"}],"version-history":[{"count":1,"href":"https:\/\/akdenizolay.com.tr\/index.php\/wp-json\/wp\/v2\/posts\/13607\/revisions"}],"predecessor-version":[{"id":13609,"href":"https:\/\/akdenizolay.com.tr\/index.php\/wp-json\/wp\/v2\/posts\/13607\/revisions\/13609"}],"wp:featuredmedia":[{"embeddable":true,"href":"https:\/\/akdenizolay.com.tr\/index.php\/wp-json\/wp\/v2\/media\/13608"}],"wp:attachment":[{"href":"https:\/\/akdenizolay.com.tr\/index.php\/wp-json\/wp\/v2\/media?parent=13607"}],"wp:term":[{"taxonomy":"category","embeddable":true,"href":"https:\/\/akdenizolay.com.tr\/index.php\/wp-json\/wp\/v2\/categories?post=13607"},{"taxonomy":"post_tag","embeddable":true,"href":"https:\/\/akdenizolay.com.tr\/index.php\/wp-json\/wp\/v2\/tags?post=13607"}],"curies":[{"name":"wp","href":"https:\/\/api.w.org\/{rel}","templated":true}]}}