{"id":13628,"date":"2026-04-28T09:08:49","date_gmt":"2026-04-28T09:08:49","guid":{"rendered":"https:\/\/akdenizolay.com.tr\/index.php\/2026\/04\/28\/maltepede-bahar-seferberligi-baglarbasinda-suruyor\/"},"modified":"2026-04-28T09:08:51","modified_gmt":"2026-04-28T09:08:51","slug":"maltepede-bahar-seferberligi-baglarbasinda-suruyor","status":"publish","type":"post","link":"https:\/\/akdenizolay.com.tr\/index.php\/2026\/04\/28\/maltepede-bahar-seferberligi-baglarbasinda-suruyor\/","title":{"rendered":"Maltepe\u2019de Bahar Seferberli\u011fi Ba\u011flarba\u015f\u0131\u2019nda S\u00fcr\u00fcyor"},"content":{"rendered":"<p> Maltepe Belediyesi, bahar aylar\u0131n\u0131n ba\u015flamas\u0131yla birlikte il\u00e7e genelinde y\u00fcr\u00fctt\u00fc\u011f\u00fc kapsaml\u0131 temizlik \u00e7al\u0131\u015fmalar\u0131na h\u0131z kesmeden devam ediyor. \u0130l\u00e7enin farkl\u0131 noktalar\u0131nda s\u00fcrd\u00fcr\u00fclen \u00e7al\u0131\u015fmalar bu kez Ba\u011flarba\u015f\u0131 Mahallesi\u2019nde yo\u011funla\u015ft\u0131.<\/p>\n<p>Belediye ekipleri, \u00e7evre ve halk sa\u011fl\u0131\u011f\u0131n\u0131 \u00f6nceleyen uygulamalar kapsam\u0131nda mahallede geni\u015f \u00e7apl\u0131 bir temizlik \u00e7al\u0131\u015fmas\u0131 ger\u00e7ekle\u015ftirdi. Cadde ve sokaklarda biriken toz, \u00e7\u00f6p ve di\u011fer at\u0131klar detayl\u0131 s\u00fcp\u00fcrme \u00e7al\u0131\u015fmalar\u0131yla ortadan kald\u0131r\u0131l\u0131rken, y\u00fcksek bas\u0131n\u00e7l\u0131 y\u0131kama ara\u00e7lar\u0131yla zeminler derinlemesine temizlendi. Saha incelemeleri s\u0131ras\u0131nda belirlenen eski mobilyalar, hacimli at\u0131klar ve in\u015faat kal\u0131nt\u0131lar\u0131 da ekipler taraf\u0131ndan toplanarak ilgili bertaraf alanlar\u0131na sevk edildi. Ayr\u0131ca kald\u0131r\u0131mlarda yayalar\u0131n ge\u00e7i\u015fini zorla\u015ft\u0131ran ve g\u00f6r\u00fcnt\u00fc kirlili\u011fi olu\u015fturan yabani otlar da temizlenerek alanlar daha kullan\u0131\u015fl\u0131 hale getirildi. Maltepe Belediyesi Temizlik \u0130\u015fleri M\u00fcd\u00fcrl\u00fc\u011f\u00fc yetkilileri, il\u00e7enin d\u00f6rt bir yan\u0131nda benzer \u00e7al\u0131\u015fmalar\u0131n planl\u0131 \u015fekilde s\u00fcrd\u00fcr\u00fcld\u00fc\u011f\u00fcn\u00fc vurgulayarak, modern ekipman ve deneyimli personelle kesintisiz hizmet vermeye devam edeceklerini ifade etti.<\/p>\n<p>\u00a0<\/p>\n<p>Kaynak: (BYZHA) Beyaz Haber Ajans\u0131<\/p>\n","protected":false},"excerpt":{"rendered":"<p>Maltepe Belediyesi, bahar aylar\u0131n\u0131n ba\u015flamas\u0131yla birlikte il\u00e7e genelinde y\u00fcr\u00fctt\u00fc\u011f\u00fc kapsaml\u0131 temizlik \u00e7al\u0131\u015fmalar\u0131na h\u0131z kesmeden devam ediyor.<\/p>\n","protected":false},"author":1,"featured_media":13629,"comment_status":"open","ping_status":"open","sticky":false,"template":"","format":"standard","meta":{"footnotes":""},"categories":[20],"tags":[],"class_list":["post-13628","post","type-post","status-publish","format-standard","has-post-thumbnail","hentry","category-gundem"],"_links":{"self":[{"href":"https:\/\/akdenizolay.com.tr\/index.php\/wp-json\/wp\/v2\/posts\/13628","targetHints":{"allow":["GET"]}}],"collection":[{"href":"https:\/\/akdenizolay.com.tr\/index.php\/wp-json\/wp\/v2\/posts"}],"about":[{"href":"https:\/\/akdenizolay.com.tr\/index.php\/wp-json\/wp\/v2\/types\/post"}],"author":[{"embeddable":true,"href":"https:\/\/akdenizolay.com.tr\/index.php\/wp-json\/wp\/v2\/users\/1"}],"replies":[{"embeddable":true,"href":"https:\/\/akdenizolay.com.tr\/index.php\/wp-json\/wp\/v2\/comments?post=13628"}],"version-history":[{"count":1,"href":"https:\/\/akdenizolay.com.tr\/index.php\/wp-json\/wp\/v2\/posts\/13628\/revisions"}],"predecessor-version":[{"id":13630,"href":"https:\/\/akdenizolay.com.tr\/index.php\/wp-json\/wp\/v2\/posts\/13628\/revisions\/13630"}],"wp:featuredmedia":[{"embeddable":true,"href":"https:\/\/akdenizolay.com.tr\/index.php\/wp-json\/wp\/v2\/media\/13629"}],"wp:attachment":[{"href":"https:\/\/akdenizolay.com.tr\/index.php\/wp-json\/wp\/v2\/media?parent=13628"}],"wp:term":[{"taxonomy":"category","embeddable":true,"href":"https:\/\/akdenizolay.com.tr\/index.php\/wp-json\/wp\/v2\/categories?post=13628"},{"taxonomy":"post_tag","embeddable":true,"href":"https:\/\/akdenizolay.com.tr\/index.php\/wp-json\/wp\/v2\/tags?post=13628"}],"curies":[{"name":"wp","href":"https:\/\/api.w.org\/{rel}","templated":true}]}}