{"id":13631,"date":"2026-04-28T09:08:52","date_gmt":"2026-04-28T09:08:52","guid":{"rendered":"https:\/\/akdenizolay.com.tr\/index.php\/2026\/04\/28\/kocaelide-hayvancilik-buyuksehirle-daha-kolay\/"},"modified":"2026-04-28T09:08:53","modified_gmt":"2026-04-28T09:08:53","slug":"kocaelide-hayvancilik-buyuksehirle-daha-kolay","status":"publish","type":"post","link":"https:\/\/akdenizolay.com.tr\/index.php\/2026\/04\/28\/kocaelide-hayvancilik-buyuksehirle-daha-kolay\/","title":{"rendered":"Kocaeli\u2019de hayvanc\u0131l\u0131k, B\u00fcy\u00fck\u015fehir\u2019le daha kolay"},"content":{"rendered":"<p> Kocaeli B\u00fcy\u00fck\u015fehir Belediyesi\u2019nin tar\u0131m ve hayvanc\u0131l\u0131\u011fa y\u00f6nelik projeleri her ge\u00e7en g\u00fcn b\u00fcy\u00fck bir ivme kazan\u0131yor. Bu kapsamda Kand\u0131ra Babak\u00f6y\u2019de d\u00fczenlenen t\u00f6renle dam\u0131zl\u0131k mandalar \u00fcreticilere teslim edildi. 2023\u2019ten bu yana manda \u00fcreticilerine toplamda 3,4 milyon TL de\u011ferinde destek sa\u011flanm\u0131\u015f oldu.<\/p>\n<p><b>DAMIZLIK MANDALAR KURA \u0130LE SAH\u0130PLER\u0130N\u0130 BULDU<\/b><\/p>\n<p>Kocaeli B\u00fcy\u00fck\u015fehir Belediyesi, \u00fcretimi canland\u0131rmak ve manda neslini korumak i\u00e7in ba\u015flatt\u0131\u011f\u0131 hamlelere h\u0131z kesmeden devam ediyor. Ge\u00e7ti\u011fimiz g\u00fcnlerde dam\u0131zl\u0131k ko\u00e7 da\u011f\u0131t\u0131m\u0131n\u0131 ger\u00e7ekle\u015ftiren B\u00fcy\u00fck\u015fehir, \u201cHalk Elinde Anadolu Mandas\u0131n\u0131n Islah\u0131 Projesi\u201d do\u011frultusunda 2023 y\u0131l\u0131nda ba\u015flatt\u0131\u011f\u0131 deste\u011fi bu y\u0131l da s\u00fcrd\u00fcrd\u00fc. Kand\u0131ra il\u00e7esinde d\u00fczenlenen t\u00f6rende dam\u0131zl\u0131k manda bo\u011falar\u0131 kura ile sahiplerini buldu.<\/p>\n<p><b>PROTOKOL VE \u00dcRET\u0130C\u0130LER B\u0130R ARADA<\/b><\/p>\n<p>Kand\u0131ra Babak\u00f6y Mahallesi\u2019nde d\u00fczenlenen t\u00f6rene Kocaeli B\u00fcy\u00fck\u015fehir Belediyesi Koordinat\u00f6r\u00fc Abdullah K\u00f6kt\u00fcrk, Kand\u0131ra Belediye Ba\u015fkan\u0131 Erol \u00d6lmez, Muhtarl\u0131k \u0130\u015fleri Dairesi Ba\u015fkan\u0131 U\u011fur \u015eahin, Kand\u0131ra Ziraat Odas\u0131 Ba\u015fkan\u0131 Erdal \u00c7etin, \u0130zmit Ziraat Odas\u0131 Ba\u015fkan\u0131 Yusuf Karaaslan, Kocaeli Manda Yeti\u015ftiricileri Birli\u011fi Ba\u015fkan\u0131 Niyazi Yelkencio\u011flu, birlik ve kooperatif ba\u015fkan ve y\u00f6neticileri ile muhtarlar ve \u00fcreticiler kat\u0131ld\u0131. Kocaeli B\u00fcy\u00fck\u015fehir Belediyesi Koordinat\u00f6r\u00fc Abdullah K\u00f6kt\u00fcrk, k\u0131rsal kalk\u0131nmaya y\u00f6nelik \u00e7al\u0131\u015fmalar\u0131n s\u00fcrd\u00fc\u011f\u00fcn\u00fc belirterek, \u201cKand\u0131ra ba\u015fta olmak \u00fczere Kocaeli genelinde \u00fcreticilerimize destek vermeye devam ediyoruz. K\u0131rsal kalk\u0131nma ve s\u00fcrd\u00fcr\u00fclebilir tar\u0131m hedefleri do\u011frultusunda hayvanc\u0131l\u0131k projelerine \u00f6nem veriyoruz. Kand\u0131ra\u2019m\u0131z\u0131n me\u015fhur mandas\u0131 in\u015fallah eski g\u00fcnlerine kavu\u015facak\u201d ifadelerini kulland\u0131.<\/p>\n<p><b>\u201cHAYIRLI VE BEREKETL\u0130 OLSUN\u201d<\/b><\/p>\n<p>Kand\u0131ra Belediye Ba\u015fkan\u0131 Erol \u00d6lmez ise Kand\u0131ra\u2019da hayata ge\u00e7irilen projeden duydu\u011fu memnuniyeti dile getirerek, \u201cMandan\u0131n ba\u015fkenti Kand\u0131ra\u2019da b\u00f6yle bir projenin ger\u00e7ekle\u015ftirilmesi bizler i\u00e7in gurur verici. B\u00fcy\u00fck\u015fehir Belediyemizin tar\u0131m ve hayvanc\u0131l\u0131\u011fa verdi\u011fi destekler her ge\u00e7en g\u00fcn art\u0131yor. Pazar yerlerinin modernize edilmesi ve y\u00f6resel \u00fcr\u00fcnlerin daha iyi \u015fartlarda sat\u0131\u015fa sunulacak olmas\u0131 da \u00f6nemli bir kazan\u0131m. Tahir B\u00fcy\u00fckak\u0131n Ba\u015fkan\u0131m\u0131za ve eme\u011fi ge\u00e7enlere te\u015fekk\u00fcr ediyor, bu desteklerin hay\u0131rl\u0131 ve bereketli olmas\u0131n\u0131 diliyorum\u201d dedi.<\/p>\n<p><b>\u201cT\u00dcRK\u0130YE\u2019YE \u00d6RNEK OLUYORUZ\u201d<\/b><\/p>\n<p>Kocaeli Manda Yeti\u015ftiricileri Birli\u011fi Ba\u015fkan\u0131 Niyazi Yelkencio\u011flu<b>\u00a0<\/b>da projenin \u00f6nemine vurgu yaparak, \u201c\u00c7ok k\u0131ymetli bir projenin hayata ge\u00e7irilmi\u015f olmas\u0131ndan dolay\u0131 B\u00fcy\u00fck\u015fehir Belediye Ba\u015fkan\u0131m\u0131za te\u015fekk\u00fcr ediyorum. Kurdu\u011fumuz manda \u00e7iftli\u011fi modern yap\u0131s\u0131yla T\u00fcrkiye\u2019de \u00f6rnek te\u015fkil edecek niteliktedir. Kand\u0131ra\u2019da manda \u00fcretimini g\u00fc\u00e7lendirmek ad\u0131na uzun y\u0131llard\u0131r emek veriyoruz. Kurdu\u011fumuz modern \u00e7iftlik ve mand\u0131ram\u0131zda s\u00fct, yo\u011furt ve peynir \u00fcretimiyle b\u00f6lgesel bir marka haline geldik. B\u00fcy\u00fck\u015fehir Belediyemizin sa\u011flad\u0131\u011f\u0131 destekler, bu alandaki yat\u0131r\u0131mlar\u0131n artmas\u0131na ve \u00fcretimin s\u00fcrd\u00fcr\u00fclebilir hale gelmesine b\u00fcy\u00fck katk\u0131 sa\u011fl\u0131yor. Eme\u011fi ge\u00e7enlere te\u015fekk\u00fcr ediyor, sekt\u00f6r\u00fcm\u00fcz i\u00e7in hay\u0131rl\u0131 olmas\u0131n\u0131 diliyorum\u201d \u015feklinde konu\u015ftu.<\/p>\n<p><b>BA\u015eKAN B\u00dcY\u00dcKAKIN\u2019A TE\u015eEKK\u00dcR<\/b><\/p>\n<p>Kand\u0131ra Ziraat Odas\u0131 Ba\u015fkan\u0131 Erdal \u00c7etin ise Kand\u0131ra il\u00e7esine tar\u0131msal ve hayvansal desteklerinden dolay\u0131 Ba\u015fkan B\u00fcy\u00fckak\u0131n\u2019a \u00e7ift\u00e7iler ad\u0131na te\u015fekk\u00fcr etti. Konu\u015fmalar\u0131n ard\u0131ndan Kand\u0131ra Ziraat Odas\u0131 Ba\u015fkan\u0131 Erdal \u00c7etin ile Kocaeli Manda Yeti\u015ftiricileri Birli\u011fi Ba\u015fkan\u0131 Niyazi Yelkencio\u011flu, kendi \u00fcretimleri olan \u00f6zellikle manda s\u00fct\u00fcnden elde edilen yo\u011furt ve peynirleri protokol \u00fcyelerine takdim etti. Daha sonra dam\u0131zl\u0131k mandalar, \u00fcreticilere hay\u0131rl\u0131 ve bereketli olmas\u0131 temennisiyle teslim edildi.<\/p>\n<p>T\u00f6ren sonunda dam\u0131zl\u0131k manda bo\u011falar\u0131n\u0131 teslim alan \u00fcreticiler, tar\u0131ma ve hayvanc\u0131l\u0131\u011fa her zaman destek olan Kocaeli B\u00fcy\u00fck\u015fehir Belediye Ba\u015fkan\u0131 Tahir B\u00fcy\u00fckak\u0131n\u2019a te\u015fekk\u00fcrlerini sundu.<\/p>\n<p><b>\u0130K\u0130 D\u00d6NEMDE TOPLAM 3,4 M\u0130LYON TL\u2019L\u0130K YATIRIM<\/b><\/p>\n<p>Kocaeli B\u00fcy\u00fck\u015fehir Belediyesi, 2023 y\u0131l\u0131ndan bu yana manda \u00fcreticilerine toplamda 3,4 milyon TL tutar\u0131nda dev bir kaynak aktarm\u0131\u015f oldu. Projede, Kocaeli B\u00fcy\u00fck\u015fehir Belediyesi canl\u0131 hayvan\u0131n 200 kilograml\u0131k k\u0131sm\u0131n\u0131 hibe olarak kar\u015f\u0131larken, kalan a\u011f\u0131rl\u0131\u011f\u0131n bedeli \u00fcreticiler taraf\u0131ndan \u00f6deniyor. Bu sayede \u00fcreticiler, y\u00fcksek genetik kapasiteye sahip dam\u0131zl\u0131k bo\u011falara \u00e7ok uygun \u015fartlarda ula\u015fma imk\u00e2n\u0131 buluyor.<\/p>\n<p><b>\u00dcRET\u0130C\u0130LER, B\u00dcY\u00dcK\u015eEH\u0130R\u2019\u0130N DESTE\u011e\u0130NDEN MEMNUN<\/b><\/p>\n<p>Kocaeli B\u00fcy\u00fck\u015fehir Belediyesi, Tar\u0131m ve Orman Bakanl\u0131\u011f\u0131\u2019n\u0131n \u201cHalk Elinde Anadolu Mandas\u0131n\u0131n Islah\u0131 Projesi\u201d kapsam\u0131nda manda yeti\u015ftiricili\u011fini te\u015fvik etmek amac\u0131yla \u00fcreticilere da\u011f\u0131tt\u0131\u011f\u0131 dam\u0131zl\u0131k mandalar verimi art\u0131rd\u0131. Aradan ge\u00e7en iki y\u0131lda manda yeti\u015ftiricili\u011finde b\u00fcy\u00fck oranda \u0131slah sa\u011flan\u0131rken, \u00fcreticiler de memnuniyetini dile getirdi. Dam\u0131zl\u0131k mandalardan elde edilen yavru mandalar yeti\u015fkinli\u011fe eri\u015firken, B\u00fcy\u00fck\u015fehir\u2019e ba\u011fl\u0131 veteriner hekimler \u00fcreticileri ziyaret ederek, s\u00fcrecin sa\u011fl\u0131kl\u0131 bir \u015fekilde ilerlemesini sa\u011fl\u0131yor.<\/p>\n<p><b>ET VE S\u00dcRT VER\u0130M\u0130NDE ARTI\u015eLAR OLDU<\/b><\/p>\n<p>2023\u2019teki ilk etapla birlikte et ve s\u00fct veriminde ciddi art\u0131\u015flar g\u00f6zlemlenmi\u015fti. Yeni d\u00f6nemde bu ba\u015far\u0131n\u0131n katlanmas\u0131 hedefleniyor. Genetik \u0131slah \u00e7al\u0131\u015fmalar\u0131 sayesinde, manda yavrular\u0131n\u0131n do\u011fum a\u011f\u0131rl\u0131\u011f\u0131 ve et veriminde\u00a0y\u00fczde 30, di\u015fi yavrular\u0131n s\u00fct veriminde ise\u00a0y\u00fczde 80\u00a0art\u0131\u015f bekleniyor. Ayr\u0131ca genetik olarak hastal\u0131klara daha diren\u00e7li s\u00fcr\u00fcler olu\u015fturularak, \u00e7ift\u00e7inin sa\u011fl\u0131k giderlerinin d\u00fc\u015f\u00fcr\u00fclmesi planlan\u0131yor.<\/p>\n<p>\u00a0<\/p>\n<p>Kaynak: (BYZHA) Beyaz Haber Ajans\u0131<\/p>\n","protected":false},"excerpt":{"rendered":"<p>Kocaeli B\u00fcy\u00fck\u015fehir Belediyesi\u2019nin tar\u0131m ve hayvanc\u0131l\u0131\u011fa y\u00f6nelik projeleri her ge\u00e7en g\u00fcn b\u00fcy\u00fck bir ivme kazan\u0131yor.<\/p>\n","protected":false},"author":1,"featured_media":13632,"comment_status":"open","ping_status":"open","sticky":false,"template":"","format":"standard","meta":{"footnotes":""},"categories":[20],"tags":[],"class_list":["post-13631","post","type-post","status-publish","format-standard","has-post-thumbnail","hentry","category-gundem"],"_links":{"self":[{"href":"https:\/\/akdenizolay.com.tr\/index.php\/wp-json\/wp\/v2\/posts\/13631","targetHints":{"allow":["GET"]}}],"collection":[{"href":"https:\/\/akdenizolay.com.tr\/index.php\/wp-json\/wp\/v2\/posts"}],"about":[{"href":"https:\/\/akdenizolay.com.tr\/index.php\/wp-json\/wp\/v2\/types\/post"}],"author":[{"embeddable":true,"href":"https:\/\/akdenizolay.com.tr\/index.php\/wp-json\/wp\/v2\/users\/1"}],"replies":[{"embeddable":true,"href":"https:\/\/akdenizolay.com.tr\/index.php\/wp-json\/wp\/v2\/comments?post=13631"}],"version-history":[{"count":1,"href":"https:\/\/akdenizolay.com.tr\/index.php\/wp-json\/wp\/v2\/posts\/13631\/revisions"}],"predecessor-version":[{"id":13633,"href":"https:\/\/akdenizolay.com.tr\/index.php\/wp-json\/wp\/v2\/posts\/13631\/revisions\/13633"}],"wp:featuredmedia":[{"embeddable":true,"href":"https:\/\/akdenizolay.com.tr\/index.php\/wp-json\/wp\/v2\/media\/13632"}],"wp:attachment":[{"href":"https:\/\/akdenizolay.com.tr\/index.php\/wp-json\/wp\/v2\/media?parent=13631"}],"wp:term":[{"taxonomy":"category","embeddable":true,"href":"https:\/\/akdenizolay.com.tr\/index.php\/wp-json\/wp\/v2\/categories?post=13631"},{"taxonomy":"post_tag","embeddable":true,"href":"https:\/\/akdenizolay.com.tr\/index.php\/wp-json\/wp\/v2\/tags?post=13631"}],"curies":[{"name":"wp","href":"https:\/\/api.w.org\/{rel}","templated":true}]}}