{"id":13640,"date":"2026-04-28T09:20:13","date_gmt":"2026-04-28T09:20:13","guid":{"rendered":"https:\/\/akdenizolay.com.tr\/index.php\/2026\/04\/28\/baskan-cercioglundan-germencikte-kucuk-ureticilere-yem-destegi\/"},"modified":"2026-04-28T09:20:14","modified_gmt":"2026-04-28T09:20:14","slug":"baskan-cercioglundan-germencikte-kucuk-ureticilere-yem-destegi","status":"publish","type":"post","link":"https:\/\/akdenizolay.com.tr\/index.php\/2026\/04\/28\/baskan-cercioglundan-germencikte-kucuk-ureticilere-yem-destegi\/","title":{"rendered":"Ba\u015fkan \u00c7er\u00e7io\u011flu\u2019ndan Germencik\u2019te K\u00fc\u00e7\u00fck \u00dcreticilere Yem Deste\u011fi"},"content":{"rendered":"<p> \u00c7er\u00e7io\u011flu\u2019nun \u00f6nc\u00fcl\u00fc\u011f\u00fcnde k\u0131rsal kalk\u0131nmay\u0131 destekleyen \u00e7al\u0131\u015fmalar\u0131n\u0131 s\u00fcrd\u00fcren eden Ayd\u0131n B\u00fcy\u00fck\u015fehir Belediyesi, yem hibesi projesini Germencik\u2019te k\u00fc\u00e7\u00fck \u00fcreticilerle bulu\u015fturdu.<br \/>Ayd\u0131n B\u00fcy\u00fck\u015fehir Belediye Ba\u015fkan\u0131 \u00d6zlem \u00c7er\u00e7io\u011flu\u2019nun \u00fcretimin s\u00fcrd\u00fcr\u00fclebilirli\u011fini sa\u011flamaya ve hayvanc\u0131l\u0131\u011f\u0131 desteklemeye y\u00f6nelik \u00e7al\u0131\u015fmalar\u0131 kapsam\u0131nda, 5 ve alt\u0131nda b\u00fcy\u00fckba\u015f hayvana sahip \u00fcreticilere s\u0131\u011f\u0131r s\u00fct yemi ve s\u0131\u011f\u0131r besi yemi deste\u011fi sa\u011flan\u0131yor.<br \/>Ayd\u0131n B\u00fcy\u00fck\u015fehir Belediyesi ekipleri taraf\u0131ndan planl\u0131 \u015fekilde ger\u00e7ekle\u015ftirilen da\u011f\u0131t\u0131mlar do\u011frultusunda Germencik\u2019teki \u00fcreticilere ula\u015ft\u0131r\u0131lan yem hibesi, b\u00f6lgedeki yeti\u015ftiriciler taraf\u0131ndan memnuniyetle kar\u015f\u0131land\u0131. \u00dcreticiler, verilen desteklerden memnuniyet duyduklar\u0131n\u0131 belirterek Ba\u015fkan \u00c7er\u00e7io\u011flu\u2019na te\u015fekk\u00fcr etti.<br \/>Ayd\u0131n B\u00fcy\u00fck\u015fehir Belediye Ba\u015fkan\u0131 \u00d6zlem \u00c7er\u00e7io\u011flu, \u00fcreticilere desteklerinin s\u00fcrece\u011fini belirtti ve \u00a0<b>\u201c\u00c7al\u0131\u015fma ve projelerimizle \u00fcreticilerimizin yan\u0131nda olmaya devam ediyoruz. K\u0131rsal mahallelerimizde hayvanc\u0131l\u0131\u011f\u0131 destekleyen \u00e7al\u0131\u015fmalar\u0131m\u0131z\u0131 s\u00fcrd\u00fcr\u00fcyor, projelerimizi hem\u015fehrilerimizle bulu\u015fturuyoruz. \u00c7al\u0131\u015fmalar\u0131m\u0131za devam edece\u011fiz. Hizmetle b\u00fcy\u00fcyen Ayd\u0131n\u201d<\/b>\u00a0ifadelerini kulland\u0131.<\/p>\n<p>\u00a0<\/p>\n<p>Kaynak: (BYZHA) Beyaz Haber Ajans\u0131<\/p>\n","protected":false},"excerpt":{"rendered":"<p>\u00c7er\u00e7io\u011flu\u2019nun \u00f6nc\u00fcl\u00fc\u011f\u00fcnde k\u0131rsal kalk\u0131nmay\u0131 destekleyen \u00e7al\u0131\u015fmalar\u0131n\u0131 s\u00fcrd\u00fcren eden Ayd\u0131n B\u00fcy\u00fck\u015fehir Belediyesi, yem hibesi projesini Germencik\u2019te k\u00fc\u00e7\u00fck \u00fcreticilerle bulu\u015fturdu.<\/p>\n","protected":false},"author":1,"featured_media":13641,"comment_status":"open","ping_status":"open","sticky":false,"template":"","format":"standard","meta":{"footnotes":""},"categories":[21],"tags":[],"class_list":["post-13640","post","type-post","status-publish","format-standard","has-post-thumbnail","hentry","category-ekonomi"],"_links":{"self":[{"href":"https:\/\/akdenizolay.com.tr\/index.php\/wp-json\/wp\/v2\/posts\/13640","targetHints":{"allow":["GET"]}}],"collection":[{"href":"https:\/\/akdenizolay.com.tr\/index.php\/wp-json\/wp\/v2\/posts"}],"about":[{"href":"https:\/\/akdenizolay.com.tr\/index.php\/wp-json\/wp\/v2\/types\/post"}],"author":[{"embeddable":true,"href":"https:\/\/akdenizolay.com.tr\/index.php\/wp-json\/wp\/v2\/users\/1"}],"replies":[{"embeddable":true,"href":"https:\/\/akdenizolay.com.tr\/index.php\/wp-json\/wp\/v2\/comments?post=13640"}],"version-history":[{"count":1,"href":"https:\/\/akdenizolay.com.tr\/index.php\/wp-json\/wp\/v2\/posts\/13640\/revisions"}],"predecessor-version":[{"id":13642,"href":"https:\/\/akdenizolay.com.tr\/index.php\/wp-json\/wp\/v2\/posts\/13640\/revisions\/13642"}],"wp:featuredmedia":[{"embeddable":true,"href":"https:\/\/akdenizolay.com.tr\/index.php\/wp-json\/wp\/v2\/media\/13641"}],"wp:attachment":[{"href":"https:\/\/akdenizolay.com.tr\/index.php\/wp-json\/wp\/v2\/media?parent=13640"}],"wp:term":[{"taxonomy":"category","embeddable":true,"href":"https:\/\/akdenizolay.com.tr\/index.php\/wp-json\/wp\/v2\/categories?post=13640"},{"taxonomy":"post_tag","embeddable":true,"href":"https:\/\/akdenizolay.com.tr\/index.php\/wp-json\/wp\/v2\/tags?post=13640"}],"curies":[{"name":"wp","href":"https:\/\/api.w.org\/{rel}","templated":true}]}}