{"id":13646,"date":"2026-04-28T10:48:24","date_gmt":"2026-04-28T10:48:24","guid":{"rendered":"https:\/\/akdenizolay.com.tr\/index.php\/2026\/04\/28\/niluferde-iki-yilin-ozeti-niluferliyiz-gururu\/"},"modified":"2026-04-28T10:48:25","modified_gmt":"2026-04-28T10:48:25","slug":"niluferde-iki-yilin-ozeti-niluferliyiz-gururu","status":"publish","type":"post","link":"https:\/\/akdenizolay.com.tr\/index.php\/2026\/04\/28\/niluferde-iki-yilin-ozeti-niluferliyiz-gururu\/","title":{"rendered":"Nil\u00fcfer\u2019de iki y\u0131l\u0131n \u00f6zeti: \u201cNil\u00fcferliyiz gururu\u201d"},"content":{"rendered":"<p> <b>Nil\u00fcfer Belediye Ba\u015fkan\u0131 \u015eadi \u00d6zdemir, g\u00f6revdeki iki y\u0131l\u0131n\u0131 de\u011ferlendirdi\u011fi toplant\u0131da \u201cNil\u00fcferliyim\u201d duygusunu \u00f6ne \u00e7\u0131kard\u0131. Kentin yaln\u0131zca fiziksel yat\u0131r\u0131mlarla de\u011fil, aidiyet ve g\u00fcven hissiyle b\u00fcy\u00fcd\u00fc\u011f\u00fcn\u00fc vurgulayan Ba\u015fkan \u015eadi \u00d6zdemir, y\u00f6netim anlay\u0131\u015flar\u0131n\u0131n temelini \u201cki\u015fiye de\u011fil, kurallara g\u00f6re belediyecilik\u201d ilkesinin olu\u015fturdu\u011funu belirtti. Son iki y\u0131ldaki projelerin oda\u011f\u0131nda ise vatanda\u015flar\u0131n kendini Nil\u00fcfer\u2019de \u201cevinde\u201d hissetmesi yer ald\u0131.<\/b><\/p>\n<p>Nil\u00fcfer Belediyesi\u2019nin ge\u00e7ti\u011fimiz iki y\u0131l\u0131n\u0131 de\u011ferlendirdi\u011fi ve yeni d\u00f6nem projelerini anlatt\u0131\u011f\u0131 bas\u0131n toplant\u0131s\u0131 Podyum Davet\u2019te ger\u00e7ekle\u015ftirildi. Toplant\u0131ya Nil\u00fcfer Belediye Ba\u015fkan\u0131 \u015eadi \u00d6zdemir ve e\u015fi Nuray \u00d6zdemir\u2019in yan\u0131 s\u0131ra, CHP Bursa \u0130l Ba\u015fkan\u0131 Nihat Ye\u015filta\u015f, CHP Bursa Milletvekilleri Orhan Sar\u0131bal ve Hasan \u00d6zt\u00fcrk, Mudanya Belediye Ba\u015fkan\u0131 Deniz Dalg\u0131\u00e7, CHP Nil\u00fcfer \u0130l\u00e7e Ba\u015fkan\u0131 \u00d6zg\u00fcr \u015eahin ve \u00e7ok say\u0131da bas\u0131n mensubu kat\u0131ld\u0131.<\/p>\n<p>Tan\u0131t\u0131m filmi ve iki y\u0131ll\u0131k faaliyetler ile gelecek hedeflerinin \u00f6zetlendi\u011fi sunum videosunun ard\u0131ndan sahneye \u00e7\u0131kan Ba\u015fkan \u015eadi \u00d6zdemir, hedeflerinin herkes i\u00e7in mutlu, huzurlu ve g\u00fcvende hissetti\u011fi bir Nil\u00fcfer oldu\u011funu s\u00f6yledi. Ba\u015fkan \u015eadi \u00d6zdemir, \u201cVatanda\u015f\u0131m\u0131z\u0131n kendini bu kente ait hissetmesi, herkesin sesinin yans\u0131d\u0131\u011f\u0131, hepimizin oldu\u011fu bir Nil\u00fcfer i\u00e7in \u00e7al\u0131\u015f\u0131yoruz\u201d dedi.<\/p>\n<p><b>\u201cORTAK AKILLA Y\u00d6NET\u0130YORUZ\u201d<\/b><\/p>\n<p>Yola \u00e7\u0131karken kenti ortak ak\u0131lla y\u00f6netme s\u00f6z\u00fc verdiklerini hat\u0131rlatan Ba\u015fkan \u015eadi \u00d6zdemir, akademik odalar, sivil toplum kurulu\u015flar\u0131, kent konseyleri ve mahalle komiteleriyle birlikte hareket ettiklerini anlatt\u0131. Bir mahallede yap\u0131lacak i\u015fler i\u00e7in mahalle komitelerinin onay\u0131n\u0131 ald\u0131klar\u0131n\u0131 belirten Ba\u015fkan \u015eadi \u00d6zdemir, \u201cMahalle komitemiz onay vermiyorsa o i\u015fi yapm\u0131yoruz. Her talebi kar\u015f\u0131lamam\u0131z m\u00fcmk\u00fcn de\u011fil ama oraya bir \u015fey yapacaksak onlar\u0131n onay\u0131n\u0131 almak durumunday\u0131z\u201d diye konu\u015ftu.<\/p>\n<p><b>MAL\u0130 YAPI S\u00dcRD\u00dcR\u00dcLEB\u0130L\u0130R HALE GELD\u0130<\/b><\/p>\n<p>Geride kalan iki y\u0131lda \u00f6ncelikle belediyenin mali yap\u0131s\u0131n\u0131 d\u00fczeltmeye odakland\u0131klar\u0131n\u0131 s\u00f6yleyen Ba\u015fkan \u015eadi \u00d6zdemir, \u00f6deme dengelerinin toparland\u0131\u011f\u0131n\u0131, gelirlerin y\u00fckseldi\u011fini, giderlerin kontrol alt\u0131na al\u0131nd\u0131\u011f\u0131n\u0131 aktard\u0131. G\u00f6reve geldiklerinde faturalar\u0131n yakla\u015f\u0131k bir y\u0131l sonra \u00f6dendi\u011fini hat\u0131rlatan Ba\u015fkan \u015eadi \u00d6zdemir, ortalama \u00f6deme s\u00fcresinin bug\u00fcn 3 aya indi\u011fini ifade etti. Ba\u015fkan \u015eadi \u00d6zdemir, \u201cBelli bir noktaya geldik, art\u0131k s\u00fcrd\u00fcr\u00fclebilir bir pozisyonday\u0131z\u201d dedi.<\/p>\n<p><b>SON 6 YILIN EN Y\u00dcKSEK \u00c7ALI\u015eAN MEMNUN\u0130YET\u0130<\/b><\/p>\n<p>\u00c7al\u0131\u015fmalar\u0131 i\u015f arkada\u015flar\u0131yla birlikte y\u00fcr\u00fctt\u00fcklerini vurgulayan Ba\u015fkan \u015eadi \u00d6zdemir, kurum i\u00e7inde yap\u0131lan memnuniyet anketinin sonu\u00e7lar\u0131na da de\u011findi. 2 bin 572 personelin kat\u0131ld\u0131\u011f\u0131 anketin bug\u00fcne kadar ger\u00e7ekle\u015ftirilen en y\u00fcksek kat\u0131l\u0131ml\u0131 \u00e7al\u0131\u015fma oldu\u011funu belirten Ba\u015fkan \u015eadi \u00d6zdemir, son alt\u0131 y\u0131l\u0131n en y\u00fcksek \u00e7al\u0131\u015fan memnuniyetinin de bu d\u00f6nemde elde edildi\u011fini s\u00f6yledi.<\/p>\n<p><b>\u201cPARAMIZ N\u0130L\u00dcFER HALKININDIR\u201d<\/b><\/p>\n<p>Halk\u0131n kaynaklar\u0131n\u0131n yine halk i\u00e7in harcand\u0131\u011f\u0131n\u0131 ifade eden Ba\u015fkan \u015eadi \u00d6zdemir, \u201cBiz Nil\u00fcfer Belediyesi\u2019nin memurlar\u0131y\u0131z. Param\u0131z, Nil\u00fcfer halk\u0131n\u0131nd\u0131r. Onlar\u0131 adil bir \u015fekilde harcamak, 64 mahallemize m\u00fcmk\u00fcn oldu\u011funca e\u015fit hizmet g\u00f6t\u00fcrmek durumunday\u0131z\u201d dedi. Belediyecilikte al\u0131\u015f\u0131lagelmi\u015f anlay\u0131\u015f\u0131 de\u011fi\u015ftirmeye \u00e7al\u0131\u015ft\u0131klar\u0131n\u0131 da belirten Ba\u015fkan \u015eadi \u00d6zdemir, \u201cki\u015fiye de\u011fil, kurallara g\u00f6re belediyecilik\u201d ilkesini hayata ge\u00e7irdiklerini s\u00f6yledi.<\/p>\n<p><b>\u201cDAYANI\u015eMAYI HER ALANDA G\u00dc\u00c7LEND\u0130RD\u0130K\u201d<\/b><\/p>\n<p>Sosyal belediyecili\u011fi ve dayan\u0131\u015fmay\u0131 her alanda g\u00fc\u00e7lendirmeye devam ettiklerini belirten Ba\u015fkan \u015eadi \u00d6zdemir, vatanda\u015flar\u0131n e\u015fit f\u0131rsatlara sahip oldu\u011fu, kad\u0131nlar\u0131n, gen\u00e7lerin, \u00e7ocuklar\u0131n ve dezavantajl\u0131 gruplar\u0131n g\u00fcvende hissetti\u011fi; do\u011fan\u0131n ve tar\u0131m alanlar\u0131n\u0131n korundu\u011fu bir Nil\u00fcfer i\u00e7in \u00e7al\u0131\u015ft\u0131klar\u0131n\u0131 s\u00f6yledi.<\/p>\n<p>Konu\u015fmas\u0131n\u0131 \u201cDaha adil, daha e\u015fit ve daha dayan\u0131\u015fmac\u0131 bir Nil\u00fcfer i\u00e7in her ge\u00e7en g\u00fcn daha \u00e7ok \u00e7al\u0131\u015faca\u011f\u0131z\u201d s\u00f6zleriyle tamamlayan Ba\u015fkan \u015eadi \u00d6zdemir, bas\u0131n mensuplar\u0131n\u0131n sorular\u0131n\u0131 da yan\u0131tlad\u0131.<\/p>\n<p>\u00a0<\/p>\n<p>\u00a0<\/p>\n<p>Kaynak: (BYZHA) Beyaz Haber Ajans\u0131<\/p>\n","protected":false},"excerpt":{"rendered":"<p>Nil\u00fcfer Belediye Ba\u015fkan\u0131 \u015eadi \u00d6zdemir, g\u00f6revdeki iki y\u0131l\u0131n\u0131 de\u011ferlendirdi\u011fi toplant\u0131da \u201cNil\u00fcferliyim\u201d duygusunu \u00f6ne \u00e7\u0131kard\u0131.<\/p>\n","protected":false},"author":1,"featured_media":13647,"comment_status":"open","ping_status":"open","sticky":false,"template":"","format":"standard","meta":{"footnotes":""},"categories":[20],"tags":[],"class_list":["post-13646","post","type-post","status-publish","format-standard","has-post-thumbnail","hentry","category-gundem"],"_links":{"self":[{"href":"https:\/\/akdenizolay.com.tr\/index.php\/wp-json\/wp\/v2\/posts\/13646","targetHints":{"allow":["GET"]}}],"collection":[{"href":"https:\/\/akdenizolay.com.tr\/index.php\/wp-json\/wp\/v2\/posts"}],"about":[{"href":"https:\/\/akdenizolay.com.tr\/index.php\/wp-json\/wp\/v2\/types\/post"}],"author":[{"embeddable":true,"href":"https:\/\/akdenizolay.com.tr\/index.php\/wp-json\/wp\/v2\/users\/1"}],"replies":[{"embeddable":true,"href":"https:\/\/akdenizolay.com.tr\/index.php\/wp-json\/wp\/v2\/comments?post=13646"}],"version-history":[{"count":1,"href":"https:\/\/akdenizolay.com.tr\/index.php\/wp-json\/wp\/v2\/posts\/13646\/revisions"}],"predecessor-version":[{"id":13648,"href":"https:\/\/akdenizolay.com.tr\/index.php\/wp-json\/wp\/v2\/posts\/13646\/revisions\/13648"}],"wp:featuredmedia":[{"embeddable":true,"href":"https:\/\/akdenizolay.com.tr\/index.php\/wp-json\/wp\/v2\/media\/13647"}],"wp:attachment":[{"href":"https:\/\/akdenizolay.com.tr\/index.php\/wp-json\/wp\/v2\/media?parent=13646"}],"wp:term":[{"taxonomy":"category","embeddable":true,"href":"https:\/\/akdenizolay.com.tr\/index.php\/wp-json\/wp\/v2\/categories?post=13646"},{"taxonomy":"post_tag","embeddable":true,"href":"https:\/\/akdenizolay.com.tr\/index.php\/wp-json\/wp\/v2\/tags?post=13646"}],"curies":[{"name":"wp","href":"https:\/\/api.w.org\/{rel}","templated":true}]}}