{"id":13676,"date":"2026-04-28T11:28:24","date_gmt":"2026-04-28T11:28:24","guid":{"rendered":"https:\/\/akdenizolay.com.tr\/index.php\/2026\/04\/28\/deniz-baykal-kultur-merkezinin-bakircay-universitesine-tahsisine-iliskin-kamuoyu-bilgilendirmesidir\/"},"modified":"2026-04-28T11:28:25","modified_gmt":"2026-04-28T11:28:25","slug":"deniz-baykal-kultur-merkezinin-bakircay-universitesine-tahsisine-iliskin-kamuoyu-bilgilendirmesidir","status":"publish","type":"post","link":"https:\/\/akdenizolay.com.tr\/index.php\/2026\/04\/28\/deniz-baykal-kultur-merkezinin-bakircay-universitesine-tahsisine-iliskin-kamuoyu-bilgilendirmesidir\/","title":{"rendered":"Deniz Baykal K\u00fclt\u00fcr Merkezi\u2019nin, Bak\u0131r\u00e7ay \u00dcniversitesi\u2019ne tahsisine ili\u015fkin kamuoyu bilgilendirmesidir\u2026"},"content":{"rendered":"<p> \u00a0<\/p>\n<p>Kar\u015f\u0131yaka Belediyesi olarak, uzun zamand\u0131r il\u00e7emize bir \u00fcniversite kazand\u0131rma hayalini ta\u015f\u0131yor bu kapsamda hem esnaf\u0131m\u0131za hem b\u00f6lge halk\u0131na pozitif katk\u0131 sunmay\u0131 hedefliyoruz.<\/p>\n<p>\u00d6rnekk\u00f6y\u2019de bulunan ve 5 y\u0131ld\u0131r Bak\u0131r\u00e7ay \u00dcniversitesi Teknoloji Merkezi olarak kullan\u0131lan Deniz Baykal K\u00fclt\u00fcr Merkezi\u2019ni, yine \u00fcniversitenin teklifi \u00fczerine bir Meslek Y\u00fcksek Okulu\u2019na d\u00f6n\u00fc\u015ft\u00fcrme fikrini belediye meclisimizde uygun bularak projelendirdik.<\/p>\n<p>Hem tesisi korumak hem de il\u00e7emize bir \u00fcniversite kazand\u0131rmak d\u00fc\u015f\u00fcncesiyle \u00e7\u0131kt\u0131\u011f\u0131m\u0131z bu yolda, Deniz Baykal K\u00fclt\u00fcr Merkezimizi, tesisi hali haz\u0131rda Tek-Mer olarak kullanan Bak\u0131r\u00e7ay \u00dcniversitesi\u2019ne tahsis ederek Kar\u015f\u0131yaka Meslek Y\u00fcksek Okulu yap\u0131m\u0131n\u0131n \u00f6n\u00fcn\u00fc a\u00e7t\u0131k.<\/p>\n<p>Bu durumda hem il\u00e7emize bir \u00fcniversite girecek; b\u00f6lge halk\u0131 ve esnaf\u0131m\u0131z ekonomik ve sosyal a\u00e7\u0131dan kalk\u0131nacak hem de tesisimizin bak\u0131m, onar\u0131m ve yat\u0131r\u0131m masraflar\u0131 \u00fcniversite taraf\u0131ndan kar\u015f\u0131lanacakt\u0131r.<\/p>\n<p>Bu ad\u0131m, \u201cKar\u015f\u0131yaka\u2019ya \u00fcniversite kazand\u0131rma\u201d hedefimizin somut bir yans\u0131mas\u0131d\u0131r. Yerel se\u00e7imlerden bu yana hedefledi\u011fimiz \u00fczere, \u00f6zellikle de \u00d6rnekk\u00f6y gibi dezavantajl\u0131 bir b\u00f6lgede, Kar\u015f\u0131yaka\u2019ya bir \u00fcniversite biriminin kazand\u0131r\u0131lmas\u0131n\u0131n sosyal ve ekonomik ekosisteme fayda sa\u011flayaca\u011f\u0131n\u0131 d\u00fc\u015f\u00fcn\u00fcyoruz.<\/p>\n<p>Kamu yarar\u0131 g\u00f6zeterek ger\u00e7ekle\u015ftirilen bu i\u015fbirli\u011finin, yerel ekonomiye, sosyal dokuya ve akademik \u00e7al\u0131\u015fmalara sunulan bir katk\u0131 olarak de\u011ferlendirilmesi hassasiyetini sayg\u0131lar\u0131m\u0131zla kamuoyuna arz ederiz.<\/p>\n<p>\u00a0<\/p>\n<p>Kaynak: (BYZHA) Beyaz Haber Ajans\u0131<\/p>\n","protected":false},"excerpt":{"rendered":"<p>\u00a0    Kar\u015f\u0131yaka Belediyesi olarak, uzun zamand\u0131r il\u00e7emize bir \u00fcniversite kazand\u0131rma hayalini ta\u015f\u0131yor bu kapsamda hem esnaf\u0131m\u0131za hem b\u00f6lge halk\u0131na pozitif katk\u0131 sunmay\u0131 hedefliyoruz.<\/p>\n","protected":false},"author":1,"featured_media":13677,"comment_status":"open","ping_status":"open","sticky":false,"template":"","format":"standard","meta":{"footnotes":""},"categories":[20],"tags":[],"class_list":["post-13676","post","type-post","status-publish","format-standard","has-post-thumbnail","hentry","category-gundem"],"_links":{"self":[{"href":"https:\/\/akdenizolay.com.tr\/index.php\/wp-json\/wp\/v2\/posts\/13676","targetHints":{"allow":["GET"]}}],"collection":[{"href":"https:\/\/akdenizolay.com.tr\/index.php\/wp-json\/wp\/v2\/posts"}],"about":[{"href":"https:\/\/akdenizolay.com.tr\/index.php\/wp-json\/wp\/v2\/types\/post"}],"author":[{"embeddable":true,"href":"https:\/\/akdenizolay.com.tr\/index.php\/wp-json\/wp\/v2\/users\/1"}],"replies":[{"embeddable":true,"href":"https:\/\/akdenizolay.com.tr\/index.php\/wp-json\/wp\/v2\/comments?post=13676"}],"version-history":[{"count":1,"href":"https:\/\/akdenizolay.com.tr\/index.php\/wp-json\/wp\/v2\/posts\/13676\/revisions"}],"predecessor-version":[{"id":13678,"href":"https:\/\/akdenizolay.com.tr\/index.php\/wp-json\/wp\/v2\/posts\/13676\/revisions\/13678"}],"wp:featuredmedia":[{"embeddable":true,"href":"https:\/\/akdenizolay.com.tr\/index.php\/wp-json\/wp\/v2\/media\/13677"}],"wp:attachment":[{"href":"https:\/\/akdenizolay.com.tr\/index.php\/wp-json\/wp\/v2\/media?parent=13676"}],"wp:term":[{"taxonomy":"category","embeddable":true,"href":"https:\/\/akdenizolay.com.tr\/index.php\/wp-json\/wp\/v2\/categories?post=13676"},{"taxonomy":"post_tag","embeddable":true,"href":"https:\/\/akdenizolay.com.tr\/index.php\/wp-json\/wp\/v2\/tags?post=13676"}],"curies":[{"name":"wp","href":"https:\/\/api.w.org\/{rel}","templated":true}]}}