{"id":13682,"date":"2026-04-28T11:28:42","date_gmt":"2026-04-28T11:28:42","guid":{"rendered":"https:\/\/akdenizolay.com.tr\/index.php\/2026\/04\/28\/61-cumhurbaskanligi-turkiye-bisiklet-turunda-5-etap-pataradan-kemere-zorlu-mucadele\/"},"modified":"2026-04-28T11:28:43","modified_gmt":"2026-04-28T11:28:43","slug":"61-cumhurbaskanligi-turkiye-bisiklet-turunda-5-etap-pataradan-kemere-zorlu-mucadele","status":"publish","type":"post","link":"https:\/\/akdenizolay.com.tr\/index.php\/2026\/04\/28\/61-cumhurbaskanligi-turkiye-bisiklet-turunda-5-etap-pataradan-kemere-zorlu-mucadele\/","title":{"rendered":"61. Cumhurba\u015fkanl\u0131\u011f\u0131 T\u00fcrkiye Bisiklet Turu\u2019nda 5. Etap: Patara\u2019dan Kemer\u2019e Zorlu M\u00fccadele"},"content":{"rendered":"<p> 61.Cumhurba\u015fkanl\u0131\u011f\u0131 T\u00fcrkiye Bisiklet Turu, k\u0131yas\u0131ya m\u00fccadelelere sahne olan etaplar\u0131n ard\u0131ndan 30 Nisan Per\u015fembe g\u00fcn\u00fc ko\u015fulacak Patara \u2013 Kemer etab\u0131yla devam edecek.\u00a0<\/p>\n<p>23 tak\u0131m, 27 \u00fclkeden 161 bisiklet\u00e7inin m\u00fccadele etti\u011fi TUR 2026, 8 etap boyunca yaln\u0131zca sportif rekabeti de\u011fil, T\u00fcrkiye\u2019nin do\u011fal, tarihi ve k\u00fclt\u00fcrel zenginliklerini de uluslararas\u0131 yay\u0131n a\u011f\u0131yla d\u00fcnya sahnesine ta\u015f\u0131maya devam ediyor.<\/p>\n<p>30 Nisan Per\u015fembe g\u00fcn\u00fc ger\u00e7ekle\u015ftirilecek Patara \u2013 Kemer etab\u0131, 14.30 \u2013 16.30 saatleri aras\u0131nda TRT Spor ve Eurosport ekranlar\u0131ndan canl\u0131 yay\u0131nlanacak ve uluslararas\u0131 yay\u0131n a\u011f\u0131yla d\u00fcnya genelinde izleyiciyle bulu\u015facak.<\/p>\n<p><strong>5. Etap: Patara \u2013 Kemer (180,7 km)<\/strong><\/p>\n<p>30 Nisan Per\u015fembe g\u00fcn\u00fc ko\u015fulacak 5. etap, 180,7 kilometrelik parkurda ger\u00e7ekle\u015ftirilecek. Patara\u2019dan 11.35\u2019te start alacak etap, Kemer\u2019de sona erecek.<\/p>\n<p>Akdeniz k\u0131y\u0131lar\u0131n\u0131n b\u00fcy\u00fcleyici manzaras\u0131 e\u015fli\u011finde ba\u015flayacak etap; Patara \u00e7\u0131k\u0131\u015f\u0131n\u0131n ard\u0131ndan Ka\u015f ve Kalkan hatt\u0131nda ilerleyerek zorlu bir parkur yap\u0131s\u0131yla sporcular\u0131 kar\u015f\u0131layacak. Etab\u0131n ilk b\u00f6l\u00fcm\u00fcnde yer alan 2. kategori t\u0131rman\u0131\u015f, pelotonu erken safhalarda zorlayarak yar\u0131\u015f\u0131n temposunu belirleyecek ilk kritik nokta olacak.<\/p>\n<p>Yar\u0131\u015f\u0131n 82. kilometresinde yer alan sprint kap\u0131s\u0131, sprinterler i\u00e7in \u00f6nemli bir hedef sunarken, etap boyunca dalgal\u0131 profil m\u00fccadeleyi s\u00fcrekli diri tutacak. \u0130lerleyen kilometrelerde konumlanan T\u00fcrkiye G\u00fczellikleri Sprint Kap\u0131s\u0131\u2019n\u0131n ard\u0131ndan, parkurun ikinci yar\u0131s\u0131nda sporcular\u0131 bekleyen ikinci t\u0131rman\u0131\u015f kap\u0131s\u0131, etab\u0131n kazanan\u0131 \u00fczerinde belirleyici bir rol oynayacak.<\/p>\n<p>T\u0131rman\u0131\u015flar\u0131n ard\u0131ndan Kemer\u2019e do\u011fru uzanan b\u00f6l\u00fcmde tempo yeniden \u015fekillenirken, uzun ve y\u0131prat\u0131c\u0131 parkur, etap sonuna do\u011fru farklar\u0131n a\u00e7\u0131lmas\u0131na zemin haz\u0131rlayacak. Son kilometrelerde nispeten daha ak\u0131c\u0131 bir profil sporcular\u0131 beklerken, g\u00fcn\u00fcn genel yorgunlu\u011fu fini\u015f m\u00fccadelesinin kaderini belirleyecek. Sporcular\u0131n 16.00 \u2013 16.30 saatleri aras\u0131nda fini\u015f \u00e7izgisine ula\u015fmas\u0131 bekleniyor.<\/p>\n<p>Bu etap, TUR 2026\u2019n\u0131n en uzun ve en zorlu parkurlar\u0131ndan biri olarak \u00f6ne \u00e7\u0131karken, genel klasman m\u00fccadelesinde \u00f6nemli k\u0131r\u0131lma anlar\u0131na sahne olmaya aday. Kemer fini\u015fi ise g\u00fc\u00e7l\u00fc sprinterlerin yan\u0131 s\u0131ra dayan\u0131kl\u0131l\u0131\u011f\u0131 y\u00fcksek bisiklet\u00e7ilerin de \u00f6ne \u00e7\u0131kabilece\u011fi farkl\u0131 senaryolara a\u00e7\u0131k bir m\u00fccadele sunuyor.<\/p>\n<p><strong>Kemer TUR\u2019un deneyimli duraklar\u0131ndan biri<\/strong><\/p>\n<p>Cumhurba\u015fkanl\u0131\u011f\u0131 T\u00fcrkiye Bisiklet Turu rotas\u0131nda daha \u00f6nce T\u00fcrkiye G\u00fczellikleri Sprint Kap\u0131s\u0131 olarak yer alan Patara, 2026 y\u0131l\u0131 itibar\u0131yla ilk kez bir etap start\u0131na ev sahipli\u011fi yaparak TUR tarihinde yeni bir sayfa a\u00e7\u0131yor.<\/p>\n<p>Kemer ise organizasyonun tecr\u00fcbeli duraklar\u0131ndan biri olarak \u00f6ne \u00e7\u0131k\u0131yor. Bug\u00fcne kadar 9 kez TUR rotas\u0131nda yer alan Kemer, 5 kez etap start\u0131, 4 kez ise fini\u015f noktas\u0131 olarak sporcular\u0131 a\u011f\u0131rlad\u0131. 2014 ve 2021 y\u0131llar\u0131nda elde etti\u011fi etap zaferleriyle Mark Cavendish, Kemer\u2019de en fazla galibiyet ya\u015fayan isim olarak dikkat \u00e7ekiyor.<\/p>\n<p><strong>Likya uygarl\u0131\u011f\u0131n\u0131n izinde Akdeniz\u2019in b\u00fcy\u00fcleyici rotas\u0131<\/strong><\/p>\n<p>Patara\u2019dan Kemer\u2019e uzanan bu etap, yaln\u0131zca zorlu parkuruyla de\u011fil, Likya medeniyetinin izlerini ta\u015f\u0131yan e\u015fsiz co\u011frafyas\u0131yla da dikkat \u00e7ekiyor. Antik Likya Birli\u011fi\u2019nin ba\u015fkenti Patara, kilometrelerce uzanan alt\u0131n sar\u0131s\u0131 kumsallar\u0131 ve tarihsel derinli\u011fiyle bu yolculu\u011fun ba\u015flang\u0131\u00e7 noktas\u0131nda g\u00fc\u00e7l\u00fc bir hik\u00e2ye sunarken, ayn\u0131 zamanda d\u00fcnyan\u0131n en \u00f6nemli y\u00fcr\u00fcy\u00fc\u015f rotalar\u0131ndan biri kabul edilen Likya Yolu\u2019nun da kap\u0131lar\u0131n\u0131 aral\u0131yor. Patara\u2019da ayr\u0131ca, M.\u00d6. 167 y\u0131l\u0131nda in\u015fa edilen ve d\u00fcnyan\u0131n bilinen en eski demokratik meclis binas\u0131 olarak kabul edilen Likya Birli\u011fi y\u00f6netim merkezi Bouleuterion yer al\u0131yor. TBMM taraf\u0131ndan restore edilen bu yap\u0131, 2012 y\u0131l\u0131nda yeniden ziyarete a\u00e7\u0131larak b\u00f6lgenin tarihsel \u00f6nemini g\u00fcn\u00fcm\u00fcze ta\u015f\u0131yor.<\/p>\n<p>Ka\u015f ve Kalkan hatt\u0131nda ilerleyen etap, Kaputa\u015f Plaj\u0131\u2019n\u0131n turkuaz tonlar\u0131 ve sarp kayal\u0131klar aras\u0131nda uzanan e\u015fsiz manzaras\u0131yla Akdeniz\u2019in en etkileyici k\u0131y\u0131 panoramalar\u0131n\u0131 g\u00f6zler \u00f6n\u00fcne seriyor. Antik kentler, kaya mezarlar\u0131 ve tarihi limanlar\u0131yla bu b\u00f6lge, do\u011fa ile tarihin i\u00e7 i\u00e7e ge\u00e7ti\u011fi bir a\u00e7\u0131k hava m\u00fczesi niteli\u011fi ta\u015f\u0131yor.<\/p>\n<p>Rotan\u0131n devam\u0131nda yer alan Kekova ve Kalek\u00f6y, berrak sular alt\u0131nda sakl\u0131 antik kal\u0131nt\u0131lar\u0131 ve korunmu\u015f dokusuyla ziyaret\u00e7ilerine zamanda yolculuk hissi ya\u015fat\u0131rken; Demre, Noel Baba olarak bilinen Aziz Nikolaos\u2019un miras\u0131 ve etkileyici kaya mezarlar\u0131yla k\u00fclt\u00fcrel derinli\u011fi art\u0131r\u0131yor. Finike ve Kumluca hatt\u0131 ise portakal bah\u00e7eleri, sakin ya\u015fam k\u00fclt\u00fcr\u00fc ve Akdeniz\u2019in do\u011fal zenginlikleriyle etap boyunca farkl\u0131 bir ritim sunuyor.<\/p>\n<p>Toros Da\u011flar\u0131\u2019n\u0131n Akdeniz\u2019le bulu\u015ftu\u011fu bu rotada \u00c7\u0131ral\u0131 ve Olympos, do\u011fan\u0131n en saf haliyle korunmu\u015f koylar\u0131, Caretta Caretta kaplumba\u011falar\u0131 ve mitolojik hik\u00e2yeleriyle \u00f6ne \u00e7\u0131karken; Phaselis Antik Kenti, denizle i\u00e7 i\u00e7e ge\u00e7mi\u015f tarihi dokusuyla bu yolculu\u011fa benzersiz bir atmosfer kat\u0131yor.<\/p>\n<p>Etab\u0131n fini\u015f noktas\u0131 Kemer ise modern marinalar\u0131, kristal berrakl\u0131\u011f\u0131ndaki koylar\u0131 ve Beyda\u011flar\u0131\u2019n\u0131n etkileyici manzaras\u0131yla Akdeniz\u2019in en prestijli turizm merkezlerinden biri olarak bu e\u015fsiz rotay\u0131 tamaml\u0131yor.<\/p>\n<p><strong>Akdeniz\u2019in zengin mutfa\u011f\u0131yla lezzet dolu bir yolculuk<\/strong><\/p>\n<p>Patara\u2019dan Kemer\u2019e uzanan etap boyunca, Akdeniz mutfa\u011f\u0131n\u0131n zengin ve karakteristik lezzetleri yar\u0131\u015fa e\u015flik ediyor. B\u00f6lgenin k\u00f6kl\u00fc mutfak k\u00fclt\u00fcr\u00fc, do\u011fal \u00fcr\u00fcnlerin \u00f6n planda oldu\u011fu \u00f6zg\u00fcn tarifleriyle etap boyunca g\u00fc\u00e7l\u00fc bir gastronomi \u00e7e\u015fitlili\u011fi sunuyor.<\/p>\n<p>Ka\u015f ve Kalkan hatt\u0131nda \u00f6ne \u00e7\u0131kan deniz \u00fcr\u00fcnleri, zeytinya\u011fl\u0131lar ve yerel lezzetler, Akdeniz mutfa\u011f\u0131n\u0131n taze ve rafine karakterini yans\u0131t\u0131rken; b\u00f6lgeye \u00f6zg\u00fc do\u011fal \u00fcr\u00fcnlerle haz\u0131rlanan yemekler, bu yolculu\u011fa \u00f6zg\u00fcn bir tat kat\u0131yor.<\/p>\n<p>Finike ve Kumluca \u00e7evresinde yeti\u015fen \u00fcr\u00fcnler, \u00f6zellikle narenciye ve yerel \u00fcretimle \u015fekillenen mutfak k\u00fclt\u00fcr\u00fcyle dikkat \u00e7ekerken; Antalya mutfa\u011f\u0131n\u0131n \u00f6ne \u00e7\u0131kan lezzetlerinden piyaz, tahinli kabak tatl\u0131s\u0131 ve Toroslar\u0131n \u00f6zg\u00fcn aromalar\u0131n\u0131 ta\u015f\u0131yan ke\u00e7i peyniri, bu gastronomi deneyimini tamaml\u0131yor.<\/p>\n<p>Akdeniz\u2019in do\u011fall\u0131\u011f\u0131n\u0131 ve zenginli\u011fini yans\u0131tan bu lezzet rotas\u0131, uluslararas\u0131 izleyiciye T\u00fcrkiye\u2019nin mutfak k\u00fclt\u00fcr\u00fcn\u00fc g\u00fc\u00e7l\u00fc ve etkileyici bir \u015fekilde sunuyor.<\/p>\n<p><strong>TUR2026\u2019n\u0131n Krali\u00e7e Etab\u0131 Yar\u0131n Ko\u015fulacak<\/strong><\/p>\n<p>Cumhurba\u015fkanl\u0131\u011f\u0131 T\u00fcrkiye Bisiklet Turu\u2019nun alt\u0131nc\u0131 etab\u0131nda (1 May\u0131s), Antalya\u2019dan Feslikan\u2019a uzanan zirve fini\u015fli parkur, TUR 2026\u2019n\u0131n\u00a0<strong>krali\u00e7e etab\u0131<\/strong>\u00a0olarak genel klasman m\u00fccadelesinin en kritik k\u0131r\u0131lma noktalar\u0131ndan birine sahne olacak.<\/p>\n<p>\u00a0<\/p>\n<p>Kaynak: (BYZHA) Beyaz Haber Ajans\u0131<\/p>\n","protected":false},"excerpt":{"rendered":"<p>61.<\/p>\n","protected":false},"author":1,"featured_media":13683,"comment_status":"open","ping_status":"open","sticky":false,"template":"","format":"standard","meta":{"footnotes":""},"categories":[25],"tags":[],"class_list":["post-13682","post","type-post","status-publish","format-standard","has-post-thumbnail","hentry","category-spor"],"_links":{"self":[{"href":"https:\/\/akdenizolay.com.tr\/index.php\/wp-json\/wp\/v2\/posts\/13682","targetHints":{"allow":["GET"]}}],"collection":[{"href":"https:\/\/akdenizolay.com.tr\/index.php\/wp-json\/wp\/v2\/posts"}],"about":[{"href":"https:\/\/akdenizolay.com.tr\/index.php\/wp-json\/wp\/v2\/types\/post"}],"author":[{"embeddable":true,"href":"https:\/\/akdenizolay.com.tr\/index.php\/wp-json\/wp\/v2\/users\/1"}],"replies":[{"embeddable":true,"href":"https:\/\/akdenizolay.com.tr\/index.php\/wp-json\/wp\/v2\/comments?post=13682"}],"version-history":[{"count":1,"href":"https:\/\/akdenizolay.com.tr\/index.php\/wp-json\/wp\/v2\/posts\/13682\/revisions"}],"predecessor-version":[{"id":13684,"href":"https:\/\/akdenizolay.com.tr\/index.php\/wp-json\/wp\/v2\/posts\/13682\/revisions\/13684"}],"wp:featuredmedia":[{"embeddable":true,"href":"https:\/\/akdenizolay.com.tr\/index.php\/wp-json\/wp\/v2\/media\/13683"}],"wp:attachment":[{"href":"https:\/\/akdenizolay.com.tr\/index.php\/wp-json\/wp\/v2\/media?parent=13682"}],"wp:term":[{"taxonomy":"category","embeddable":true,"href":"https:\/\/akdenizolay.com.tr\/index.php\/wp-json\/wp\/v2\/categories?post=13682"},{"taxonomy":"post_tag","embeddable":true,"href":"https:\/\/akdenizolay.com.tr\/index.php\/wp-json\/wp\/v2\/tags?post=13682"}],"curies":[{"name":"wp","href":"https:\/\/api.w.org\/{rel}","templated":true}]}}