{"id":13685,"date":"2026-04-28T11:38:15","date_gmt":"2026-04-28T11:38:15","guid":{"rendered":"https:\/\/akdenizolay.com.tr\/index.php\/2026\/04\/28\/konakta-makedonya-ruzgari-esti-baskan-mutlu-enes-ibrahim-ve-heyetini-agirladi\/"},"modified":"2026-04-28T11:38:16","modified_gmt":"2026-04-28T11:38:16","slug":"konakta-makedonya-ruzgari-esti-baskan-mutlu-enes-ibrahim-ve-heyetini-agirladi","status":"publish","type":"post","link":"https:\/\/akdenizolay.com.tr\/index.php\/2026\/04\/28\/konakta-makedonya-ruzgari-esti-baskan-mutlu-enes-ibrahim-ve-heyetini-agirladi\/","title":{"rendered":"Konak\u2019ta Makedonya r\u00fczgar\u0131 esti: Ba\u015fkan Mutlu, Enes \u0130brahim ve heyetini a\u011f\u0131rlad\u0131"},"content":{"rendered":"<p> <b>Konak Belediye Ba\u015fkan\u0131 Nil\u00fcfer \u00c7\u0131narl\u0131 Mutlu, Makedonya T\u00fcrk Hareket Partisi Genel Ba\u015fkan\u0131 Enes \u0130brahim ve heyetini makam\u0131nda a\u011f\u0131rlad\u0131. T\u00fcm g\u00fcn devam eden temaslar kapsam\u0131nda k\u00fclt\u00fcrel ba\u011flar ve iki \u00fclke aras\u0131ndaki i\u015f birlikleri ele al\u0131n\u0131rken, ak\u015fam d\u00fczenlenen yemekte ise g\u00f6\u00e7men dernekleri temsilcileri ve belediye meclis \u00fcyeleri ile bir araya gelindi.<\/b><\/p>\n<p>Konak Belediye Ba\u015fkan\u0131 Nil\u00fcfer \u00c7\u0131narl\u0131 Mutlu, bir dizi ziyaret kapsam\u0131nda kente gelen Makedonya T\u00fcrk Hareket Partisi (THP) Genel Ba\u015fkan\u0131 Enes \u0130brahim ve heyetini makam\u0131nda a\u011f\u0131rlad\u0131. THP Genel Ba\u015fkan Yard\u0131mc\u0131s\u0131 Aylin Emin Skoro ve MYK \u00dcyesi Erol Ru\u015fid\u2019in yan\u0131 s\u0131ra Konak Belediyesi Meclis \u00dcyesi Birol \u00d6zkarde\u015fler, Kar\u015f\u0131yaka Belediyesi Meclis \u00dcyesi \u0130lhami Y\u0131ld\u0131z ve Balkan Strateji Geli\u015ftirme ve \u0130\u015f Birli\u011fi Derne\u011fi Ba\u015fkan\u0131 H\u00fcseyin Karata\u015f\u2019\u0131n da yer ald\u0131\u011f\u0131 ziyarette ortak tarihsel k\u00f6kler ve sahip olunan g\u00fc\u00e7l\u00fc de\u011ferler \u00fczerine verimli bir g\u00f6r\u00fc\u015fme ger\u00e7ekle\u015ftirildi. Ba\u015fkan Mutlu ve Genel Ba\u015fkan \u0130brahim, ak\u015fam saatlerinde ise Makedonya g\u00f6\u00e7men derneklerinin ba\u015fkanlar\u0131 ile belediye meclis \u00fcyelerinin de kat\u0131ld\u0131\u011f\u0131 yemekte yeniden bir araya geldi. Samimi bir atmosferde ger\u00e7ekle\u015fen bulu\u015fmada, yerel y\u00f6netimlerle ili\u015fkiler ve k\u00fclt\u00fcrel ba\u011flar\u0131n korunmas\u0131na y\u00f6nelik \u00e7al\u0131\u015fmalar de\u011ferlendirildi.<\/p>\n<p><b>\u201cKendimi iyi hissetti\u011fim bir bulu\u015fma oldu\u201d<\/b><\/p>\n<p>Anlaml\u0131 bulu\u015fman\u0131n kendisi i\u00e7in \u00f6zel bir de\u011fer ta\u015f\u0131d\u0131\u011f\u0131n\u0131 dile getiren Konak Belediye Ba\u015fkan\u0131 Nil\u00fcfer \u00c7\u0131narl\u0131 Mutlu, \u201cHepinizin bildi\u011fi gibi, Yunanistan\u2019\u0131n Serez kentinden g\u00f6\u00e7 etmi\u015f bir ailenin k\u0131z\u0131y\u0131m. Bu ak\u015fam benim i\u00e7in yaln\u0131zca bir protokol yeme\u011fi de\u011fil ayn\u0131 zamanda hem\u015fehrilerimle bir araya geldi\u011fim, kendimi ger\u00e7ekten iyi hissetti\u011fim \u00f6zel bir bulu\u015fma oldu. Kat\u0131l\u0131m\u0131n\u0131z ve bu g\u00fczel atmosferi payla\u015ft\u0131\u011f\u0131n\u0131z i\u00e7in hepinize i\u00e7tenlikle te\u015fekk\u00fcr ediyorum\u201d dedi.<\/p>\n<p><b>\u201cSizlerle olmak onur ve gurur verici\u201d<\/b><\/p>\n<p>Misafirperverli\u011finden dolay\u0131 Ba\u015fkan Mutlu\u2019ya te\u015fekk\u00fcr ederek s\u00f6zlerine ba\u015flayan Makedonya T\u00fcrk Hareket Partisi Genel Ba\u015fkan\u0131 Enes \u0130brahim ise \u201cBurada sizlerle birlikte olmak benim i\u00e7in onur ve gurur verici. Uzun zamand\u0131r b\u00f6yle bir program planl\u0131yordum. K\u0131smet bug\u00fcneymi\u015f ama \u00f6nemli olan bundan sonraki diyaloglar\u0131m\u0131z\u0131n geli\u015ftirilmesi ve iki \u00fclke aras\u0131ndaki i\u015f birliklerinin devaml\u0131l\u0131\u011f\u0131nda k\u00f6pr\u00fc vazifesinde olmam\u0131z. Partimiz, Makedonya\u2019daki \u00fc\u00e7 T\u00fcrk siyasi partiden biridir. Duru\u015fu ve ilkeleri nettir, sosyal demokrat ittifak i\u00e7erisinde siyaset yapmaktay\u0131z\u201d ifadelerini kulland\u0131.<\/p>\n<p>\u00a0<\/p>\n<p>\u00a0<\/p>\n<p>Kaynak: (BYZHA) Beyaz Haber Ajans\u0131<\/p>\n","protected":false},"excerpt":{"rendered":"<p>Konak Belediye Ba\u015fkan\u0131 Nil\u00fcfer \u00c7\u0131narl\u0131 Mutlu, Makedonya T\u00fcrk Hareket Partisi Genel Ba\u015fkan\u0131 Enes \u0130brahim ve heyetini makam\u0131nda a\u011f\u0131rlad\u0131.<\/p>\n","protected":false},"author":1,"featured_media":13686,"comment_status":"open","ping_status":"open","sticky":false,"template":"","format":"standard","meta":{"footnotes":""},"categories":[20],"tags":[],"class_list":["post-13685","post","type-post","status-publish","format-standard","has-post-thumbnail","hentry","category-gundem"],"_links":{"self":[{"href":"https:\/\/akdenizolay.com.tr\/index.php\/wp-json\/wp\/v2\/posts\/13685","targetHints":{"allow":["GET"]}}],"collection":[{"href":"https:\/\/akdenizolay.com.tr\/index.php\/wp-json\/wp\/v2\/posts"}],"about":[{"href":"https:\/\/akdenizolay.com.tr\/index.php\/wp-json\/wp\/v2\/types\/post"}],"author":[{"embeddable":true,"href":"https:\/\/akdenizolay.com.tr\/index.php\/wp-json\/wp\/v2\/users\/1"}],"replies":[{"embeddable":true,"href":"https:\/\/akdenizolay.com.tr\/index.php\/wp-json\/wp\/v2\/comments?post=13685"}],"version-history":[{"count":1,"href":"https:\/\/akdenizolay.com.tr\/index.php\/wp-json\/wp\/v2\/posts\/13685\/revisions"}],"predecessor-version":[{"id":13687,"href":"https:\/\/akdenizolay.com.tr\/index.php\/wp-json\/wp\/v2\/posts\/13685\/revisions\/13687"}],"wp:featuredmedia":[{"embeddable":true,"href":"https:\/\/akdenizolay.com.tr\/index.php\/wp-json\/wp\/v2\/media\/13686"}],"wp:attachment":[{"href":"https:\/\/akdenizolay.com.tr\/index.php\/wp-json\/wp\/v2\/media?parent=13685"}],"wp:term":[{"taxonomy":"category","embeddable":true,"href":"https:\/\/akdenizolay.com.tr\/index.php\/wp-json\/wp\/v2\/categories?post=13685"},{"taxonomy":"post_tag","embeddable":true,"href":"https:\/\/akdenizolay.com.tr\/index.php\/wp-json\/wp\/v2\/tags?post=13685"}],"curies":[{"name":"wp","href":"https:\/\/api.w.org\/{rel}","templated":true}]}}