{"id":13688,"date":"2026-04-28T11:38:17","date_gmt":"2026-04-28T11:38:17","guid":{"rendered":"https:\/\/akdenizolay.com.tr\/index.php\/2026\/04\/28\/baskan-altay-baskan-kilca-ve-genel-mudur-yilmaz-akcesme-kentsel-donusum-alani-ve-kadinlar-pazarini-inceledi\/"},"modified":"2026-04-28T11:38:18","modified_gmt":"2026-04-28T11:38:18","slug":"baskan-altay-baskan-kilca-ve-genel-mudur-yilmaz-akcesme-kentsel-donusum-alani-ve-kadinlar-pazarini-inceledi","status":"publish","type":"post","link":"https:\/\/akdenizolay.com.tr\/index.php\/2026\/04\/28\/baskan-altay-baskan-kilca-ve-genel-mudur-yilmaz-akcesme-kentsel-donusum-alani-ve-kadinlar-pazarini-inceledi\/","title":{"rendered":"Ba\u015fkan Altay, Ba\u015fkan K\u0131lca ve Genel M\u00fcd\u00fcr Y\u0131lmaz Ak\u00e7e\u015fme Kentsel D\u00f6n\u00fc\u015f\u00fcm Alan\u0131 ve Kad\u0131nlar Pazar\u0131\u2019n\u0131 \u0130nceledi"},"content":{"rendered":"\n<p data-asw-org-font-size=\"14\"><strong>Konya B\u00fcy\u00fck\u015fehir Belediye Ba\u015fkan\u0131 U\u011fur \u0130brahim Altay, \u015fehrin d\u00f6n\u00fc\u015f\u00fcm\u00fcne de\u011fer katacak \u00e7al\u0131\u015fmalar\u0131 yerinde de\u011ferlendirmek amac\u0131yla Emlak Konut Genel M\u00fcd\u00fcr\u00fc Yasir Y\u0131lmaz ve Karatay Belediye Ba\u015fkan\u0131 Hasan K\u0131lca ile birlikte Ak\u00e7e\u015fme Mahallesi kentsel d\u00f6n\u00fc\u015f\u00fcm alan\u0131yla Kad\u0131nlar Pazar\u0131\u2019nda incelemelerde bulundu. Kad\u0131nlar Pazar\u0131\u2019nda esnafla da hasbihal eden Ba\u015fkan Altay, \u201cKonya\u2019m\u0131z i\u00e7in y\u00fcr\u00fctt\u00fc\u011f\u00fcm\u00fcz d\u00f6n\u00fc\u015f\u00fcm \u00e7al\u0131\u015fmalar\u0131na verdikleri destek i\u00e7in \u00c7evre, \u015eehircilik ve \u0130klim De\u011fi\u015fikli\u011fi Bakan\u0131m\u0131z Say\u0131n Murat Kurum\u2019a ve Genel M\u00fcd\u00fcr\u00fcm\u00fcze te\u015fekk\u00fcr ediyorum\u201d dedi.<\/strong><\/p>\n<hr \/>\n<p data-asw-org-font-size=\"14\">Konya B\u00fcy\u00fck\u015fehir Belediye Ba\u015fkan\u0131 U\u011fur \u0130brahim Altay, Emlak Konut Genel M\u00fcd\u00fcr\u00fc Yasir Y\u0131lmaz ve Karatay Belediye Ba\u015fkan\u0131 Hasan K\u0131lca ile birlikte Ak\u00e7e\u015fme Mahallesi kentsel d\u00f6n\u00fc\u015f\u00fcm alan\u0131 ile Kad\u0131nlar Pazar\u0131\u2019nda incelemelerde bulundu.<\/p>\n<p data-asw-org-font-size=\"14\">\u00c7al\u0131\u015fmalar hakk\u0131nda bilgi alan Ba\u015fkan Altay, \u015fehrin d\u00f6n\u00fc\u015f\u00fcm\u00fcne de\u011fer katacak \u00e7al\u0131\u015fmalar\u0131 yerinde de\u011ferlendirmeye, vatanda\u015flarla ve esnaflarla bir araya gelmeye devam ettiklerini s\u00f6yledi.\u00a0<\/p>\n<p data-asw-org-font-size=\"14\">Ba\u015fkan Altay, birlik ve beraberli\u011fin \u00f6nemine dikkati \u00e7ekerek, \u201c\u015eehrimizin gelece\u011fine de\u011fer katacak \u00e7al\u0131\u015fmalar\u0131 ortak ak\u0131l ve g\u00fc\u00e7l\u00fc i\u015f birli\u011fiyle y\u00fcr\u00fctmeye devam ediyoruz. Emlak Konut Genel M\u00fcd\u00fcr\u00fcm\u00fcz Yasir Y\u0131lmaz ve Karatay Belediye Ba\u015fkan\u0131m\u0131z Hasan K\u0131lca ile birlikte Ak\u00e7e\u015fme Mahallesi kentsel d\u00f6n\u00fc\u015f\u00fcm alan\u0131 ile Kad\u0131nlar Pazar\u0131\u2019nda incelemelerde bulunduk, esnaflar\u0131m\u0131zla bulu\u015ftuk. Konya\u2019m\u0131z i\u00e7in y\u00fcr\u00fctt\u00fc\u011f\u00fcm\u00fcz d\u00f6n\u00fc\u015f\u00fcm \u00e7al\u0131\u015fmalar\u0131na verdikleri destek i\u00e7in \u00c7evre, \u015eehircilik ve \u0130klim De\u011fi\u015fikli\u011fi Bakan\u0131m\u0131z Say\u0131n Murat Kurum\u2019a ve Genel M\u00fcd\u00fcr\u00fcm\u00fcze te\u015fekk\u00fcr ediyorum\u201d ifadelerini kulland\u0131.<\/p>\n<p data-asw-org-font-size=\"14\">\u00a0<\/p>\n<p data-asw-org-font-size=\"14\">\u00a0<\/p>\n<p>Kaynak: (BYZHA) Beyaz Haber Ajans\u0131<\/p>\n","protected":false},"excerpt":{"rendered":"<p>Konya B\u00fcy\u00fck\u015fehir Belediye Ba\u015fkan\u0131 U\u011fur \u0130brahim Altay, \u015fehrin d\u00f6n\u00fc\u015f\u00fcm\u00fcne de\u011fer katacak \u00e7al\u0131\u015fmalar\u0131 yerinde de\u011ferlendirmek amac\u0131yla Emlak Konut Genel M\u00fcd\u00fcr\u00fc Yasir Y\u0131lmaz ve Karatay Belediye Ba\u015fkan\u0131 Hasan K\u0131lca ile birlikte Ak\u00e7e\u015fme Mahallesi kentsel d\u00f6n\u00fc\u015f\u00fcm alan\u0131yla Kad\u0131nlar Pazar\u0131\u2019nda incelemelerde bulundu.<\/p>\n","protected":false},"author":1,"featured_media":13689,"comment_status":"open","ping_status":"open","sticky":false,"template":"","format":"standard","meta":{"footnotes":""},"categories":[20],"tags":[],"class_list":["post-13688","post","type-post","status-publish","format-standard","has-post-thumbnail","hentry","category-gundem"],"_links":{"self":[{"href":"https:\/\/akdenizolay.com.tr\/index.php\/wp-json\/wp\/v2\/posts\/13688","targetHints":{"allow":["GET"]}}],"collection":[{"href":"https:\/\/akdenizolay.com.tr\/index.php\/wp-json\/wp\/v2\/posts"}],"about":[{"href":"https:\/\/akdenizolay.com.tr\/index.php\/wp-json\/wp\/v2\/types\/post"}],"author":[{"embeddable":true,"href":"https:\/\/akdenizolay.com.tr\/index.php\/wp-json\/wp\/v2\/users\/1"}],"replies":[{"embeddable":true,"href":"https:\/\/akdenizolay.com.tr\/index.php\/wp-json\/wp\/v2\/comments?post=13688"}],"version-history":[{"count":1,"href":"https:\/\/akdenizolay.com.tr\/index.php\/wp-json\/wp\/v2\/posts\/13688\/revisions"}],"predecessor-version":[{"id":13690,"href":"https:\/\/akdenizolay.com.tr\/index.php\/wp-json\/wp\/v2\/posts\/13688\/revisions\/13690"}],"wp:featuredmedia":[{"embeddable":true,"href":"https:\/\/akdenizolay.com.tr\/index.php\/wp-json\/wp\/v2\/media\/13689"}],"wp:attachment":[{"href":"https:\/\/akdenizolay.com.tr\/index.php\/wp-json\/wp\/v2\/media?parent=13688"}],"wp:term":[{"taxonomy":"category","embeddable":true,"href":"https:\/\/akdenizolay.com.tr\/index.php\/wp-json\/wp\/v2\/categories?post=13688"},{"taxonomy":"post_tag","embeddable":true,"href":"https:\/\/akdenizolay.com.tr\/index.php\/wp-json\/wp\/v2\/tags?post=13688"}],"curies":[{"name":"wp","href":"https:\/\/api.w.org\/{rel}","templated":true}]}}