{"id":13694,"date":"2026-04-28T11:48:27","date_gmt":"2026-04-28T11:48:27","guid":{"rendered":"https:\/\/akdenizolay.com.tr\/index.php\/2026\/04\/28\/kadikoy-bostanlarinda-yaz-donemi-basladi\/"},"modified":"2026-04-28T11:48:28","modified_gmt":"2026-04-28T11:48:28","slug":"kadikoy-bostanlarinda-yaz-donemi-basladi","status":"publish","type":"post","link":"https:\/\/akdenizolay.com.tr\/index.php\/2026\/04\/28\/kadikoy-bostanlarinda-yaz-donemi-basladi\/","title":{"rendered":"Kad\u0131k\u00f6y Bostanlar\u0131\u2019nda Yaz D\u00f6nemi Ba\u015flad\u0131"},"content":{"rendered":"<p> <b>Kad\u0131k\u00f6y Belediyesi\u2019nin, do\u011fal tar\u0131m y\u00f6ntemleriyle sa\u011fl\u0131kl\u0131 ve temiz g\u0131daya do\u011frudan eri\u015fimi sa\u011flamak amac\u0131yla hayata ge\u00e7irdi\u011fi \u201cKad\u0131k\u00f6y Bostanlar\u0131\u201d projesinde yaz d\u00f6nemi ba\u015flad\u0131. \u0130lk fideler toprakla bulu\u015ftu.<\/b><br \/>Kad\u0131k\u00f6y Belediyesi\u2019nin yaz ve k\u0131\u015f d\u00f6nemi olmak \u00fczere her y\u0131l toplam 780 ki\u015fiye hizmet verdi\u011fi Kad\u0131k\u00f6y Bostanlar\u0131\u2019nda yeni sezon ba\u015flad\u0131. Fenerbah\u00e7e, Moda, Ac\u0131badem, G\u00f6ztepe ve Sahray\u0131cedit mahallelerinde bulunan bostanlara bu d\u00f6nem yakla\u015f\u0131k 3 bin Kad\u0131k\u00f6yl\u00fc ba\u015fvuruda bulundu. Belediye taraf\u0131ndan ger\u00e7ekle\u015ftirilen kura sonucunda, be\u015f bostanda toplam 390 kullan\u0131c\u0131, 6 ay boyunca bostanlar\u0131 kullanma hakk\u0131 kazand\u0131. Kullan\u0131c\u0131lar kendilerine verilen fide ve tohumlar\u0131 toprakla bulu\u015fturdu.<br \/>Kad\u0131k\u00f6y Bostanlar\u0131\u2019n\u0131n yaz d\u00f6nemi a\u00e7\u0131l\u0131\u015f\u0131nda konu\u015fan Kad\u0131k\u00f6y Belediye Ba\u015fkan\u0131 Mesut K\u00f6seda\u011f\u0131, \u201cBuras\u0131 ge\u00e7en sene bir in\u015faat alan\u0131yd\u0131 ancak s\u00fcre\u00e7leri tamamlad\u0131k ve 80 bah\u00e7eden olu\u015fan g\u00fczel bir alan olu\u015fturduk. Bu alanda ailenizle, \u00e7ocuklar\u0131n\u0131zla, torunlar\u0131n\u0131zla \u00a0atal\u0131k tohumlar\u0131 toprakla bulu\u015fturup kentte kendi g\u0131dan\u0131z\u0131 \u00fcretiyorsunuz. Ektiklerinizin hepsi yerel fide. Lezzetleri de bir ba\u015fka olacak.\u201d dedi.<\/p>\n<p><b>\u201c\u00c7ok g\u00fczel salatalar yapacaklar\u201d<\/b><br \/>\u201c\u00c7ocuklar\u0131m\u0131z bizim \u00e7ocuklu\u011fumuzdaki gibi ya\u015fayam\u0131yorlar. \u015eehrin merkezinde ya\u015fad\u0131\u011f\u0131m\u0131z i\u00e7in sosyal alanlar azald\u0131.\u201d diyen K\u00f6seda\u011f\u0131, \u201cBiz kamu olarak hem parklar\u0131m\u0131zda hem bah\u00e7elerimizde sosyal alanlar sa\u011flamaya \u00e7al\u0131\u015f\u0131yoruz. Bostanlar\u0131m\u0131z da bunlardan bir tanesi. Bir\u00e7o\u011funuzun \u00e7ocu\u011funu, torununu g\u00f6r\u00fcyorum. Bu i\u015fin amac\u0131na uygun ve yerinde oldu\u011funun bir g\u00f6stergesi. Sizler mutluysan\u0131z biz de mutlu oluyoruz. L\u00fctfen \u00e7ocuklar\u0131n\u0131z\u0131 okula giderken ya da okuldan sonra sezon boyunca getirin. Burada yeti\u015ftirdikleri \u00fcr\u00fcnleri sahipleniyor, sorumluluk kazan\u0131yorlar. Hasat zaman\u0131 \u00fcr\u00fcnlerini toplay\u0131p sizlere de \u00e7ok g\u00fczel salatalar yapacaklar. Bostanlar\u0131n say\u0131s\u0131n\u0131 artt\u0131rmaya devam edece\u011fiz.\u201d diye konu\u015ftu.<\/p>\n<p>\u00a0<br \/><b>\u201cToprak bizim can\u0131m\u0131z\u201d<\/b><br \/>Moda Bostan\u0131 yaz d\u00f6nemi kullan\u0131c\u0131lar\u0131ndan Ersal \u00dcn\u00fcvar ise duygular\u0131n\u0131 \u015fu s\u00f6zlerle ifade etti: \u201cHer \u015fey bahane, toprak \u015fahane. Toprak bizim can\u0131m\u0131z. Bu kadarc\u0131k alanda bile o kadar mutlu oluyoruz ki\u2026 Bu kadar binan\u0131n aras\u0131nda b\u00f6yle bir alan g\u00f6rmek inan\u0131lmaz keyifli. Burada insanlar\u0131n y\u00fcz\u00fc g\u00fcl\u00fcyor. Eme\u011fi ge\u00e7en herkese \u00e7ok te\u015fekk\u00fcr ediyorum.\u201d<\/p>\n<p><b>\u201c\u00dcr\u00fcnlerimizle \u00e7ok g\u00fczel kahvalt\u0131lar, piknikler yapaca\u011f\u0131z\u201d<\/b><br \/>Fenerbah\u00e7e Bostan\u0131 kullan\u0131c\u0131lar\u0131ndan Duygu S\u0131n\u0131ksaran, \u201cBen zaten tarlada, bah\u00e7ede b\u00fcy\u00fcd\u00fcm ama o\u011flumun bunlar\u0131 g\u00f6rmemesi beni \u00e7ok \u00fcz\u00fcyordu\u201d diyerek s\u00f6zlerine devam etti: \u201cBizler a\u011fa\u00e7tan, bah\u00e7eden beslendik; ancak \u00e7ocuklar maalesef bir meyveyi dal\u0131ndan kopar\u0131p yiyemediler. \u015eimdi en ufak bir toprak par\u00e7as\u0131 buldu\u011fumuzda bile \u00e7ok mutlu oluyor, hemen ekip bi\u00e7mek istiyoruz. O\u011fluma da bunu a\u015f\u0131lamak istiyorum. Fidelerimizi ald\u0131k, \u00e7ok heyecanl\u0131y\u0131z. \u00dcr\u00fcnlerimizle \u00e7ok g\u00fczel kahvalt\u0131lar yapaca\u011f\u0131z, piknikler yapaca\u011f\u0131z. O\u011flumun da buna \u015fahit olmas\u0131 beni \u00e7ok mutlu ediyor.\u201d<\/p>\n<p>\u00a0<\/p>\n<p>Kaynak: (BYZHA) Beyaz Haber Ajans\u0131<\/p>\n","protected":false},"excerpt":{"rendered":"<p>Kad\u0131k\u00f6y Belediyesi\u2019nin, do\u011fal tar\u0131m y\u00f6ntemleriyle sa\u011fl\u0131kl\u0131 ve temiz g\u0131daya do\u011frudan eri\u015fimi sa\u011flamak amac\u0131yla hayata ge\u00e7irdi\u011fi \u201cKad\u0131k\u00f6y Bostanlar\u0131\u201d projesinde yaz d\u00f6nemi ba\u015flad\u0131.<\/p>\n","protected":false},"author":1,"featured_media":13695,"comment_status":"open","ping_status":"open","sticky":false,"template":"","format":"standard","meta":{"footnotes":""},"categories":[20],"tags":[],"class_list":["post-13694","post","type-post","status-publish","format-standard","has-post-thumbnail","hentry","category-gundem"],"_links":{"self":[{"href":"https:\/\/akdenizolay.com.tr\/index.php\/wp-json\/wp\/v2\/posts\/13694","targetHints":{"allow":["GET"]}}],"collection":[{"href":"https:\/\/akdenizolay.com.tr\/index.php\/wp-json\/wp\/v2\/posts"}],"about":[{"href":"https:\/\/akdenizolay.com.tr\/index.php\/wp-json\/wp\/v2\/types\/post"}],"author":[{"embeddable":true,"href":"https:\/\/akdenizolay.com.tr\/index.php\/wp-json\/wp\/v2\/users\/1"}],"replies":[{"embeddable":true,"href":"https:\/\/akdenizolay.com.tr\/index.php\/wp-json\/wp\/v2\/comments?post=13694"}],"version-history":[{"count":1,"href":"https:\/\/akdenizolay.com.tr\/index.php\/wp-json\/wp\/v2\/posts\/13694\/revisions"}],"predecessor-version":[{"id":13696,"href":"https:\/\/akdenizolay.com.tr\/index.php\/wp-json\/wp\/v2\/posts\/13694\/revisions\/13696"}],"wp:featuredmedia":[{"embeddable":true,"href":"https:\/\/akdenizolay.com.tr\/index.php\/wp-json\/wp\/v2\/media\/13695"}],"wp:attachment":[{"href":"https:\/\/akdenizolay.com.tr\/index.php\/wp-json\/wp\/v2\/media?parent=13694"}],"wp:term":[{"taxonomy":"category","embeddable":true,"href":"https:\/\/akdenizolay.com.tr\/index.php\/wp-json\/wp\/v2\/categories?post=13694"},{"taxonomy":"post_tag","embeddable":true,"href":"https:\/\/akdenizolay.com.tr\/index.php\/wp-json\/wp\/v2\/tags?post=13694"}],"curies":[{"name":"wp","href":"https:\/\/api.w.org\/{rel}","templated":true}]}}