{"id":13697,"date":"2026-04-28T11:48:29","date_gmt":"2026-04-28T11:48:29","guid":{"rendered":"https:\/\/akdenizolay.com.tr\/index.php\/2026\/04\/28\/kocaeli-afetlere-karsi-tek-yurek\/"},"modified":"2026-04-28T11:48:30","modified_gmt":"2026-04-28T11:48:30","slug":"kocaeli-afetlere-karsi-tek-yurek","status":"publish","type":"post","link":"https:\/\/akdenizolay.com.tr\/index.php\/2026\/04\/28\/kocaeli-afetlere-karsi-tek-yurek\/","title":{"rendered":"Kocaeli, afetlere kar\u015f\u0131 tek y\u00fcrek"},"content":{"rendered":"<p> Kocaeli B\u00fcy\u00fck\u015fehir Belediyesi, afetlere kar\u015f\u0131 bilin\u00e7li ve haz\u0131rl\u0131kl\u0131 bir toplum olu\u015fturma hedefi do\u011frultusunda e\u011fitim \u00e7al\u0131\u015fmalar\u0131n\u0131 s\u00fcrd\u00fcr\u00fcyor. Bu kapsamda, Gebze Belediyesi i\u015f birli\u011fiyle geni\u015f kat\u0131l\u0131ml\u0131 \u201cAfet Fark\u0131ndal\u0131k E\u011fitimleri ve Tahliye Tatbikatlar\u0131\u201d ger\u00e7ekle\u015ftirildi. Gebze\u2019de 5 bin \u00f6\u011frenciye ula\u015f\u0131lan e\u011fitimlerde, afet \u00f6ncesi, s\u0131ras\u0131 ve sonras\u0131nda do\u011fru davran\u0131\u015f bi\u00e7imleri anlat\u0131larak \u00f6\u011frencilere \u00f6nemli bilgiler aktar\u0131ld\u0131. E\u011fitimlerle afetlere kar\u015f\u0131 bilin\u00e7li ve haz\u0131rl\u0131kl\u0131 bireylerin yeti\u015ftirilmesi hedeflendi.<\/p>\n<p><b>GEBZE\u2019DE 8 FARKLI OKULDA GER\u00c7EKLE\u015eT\u0130R\u0130LD\u0130<\/b><br \/>Kocaeli B\u00fcy\u00fck\u015fehir Belediyesi Afet \u0130\u015fleri ve Risk Y\u00f6netimi Dairesi Ba\u015fkanl\u0131\u011f\u0131 taraf\u0131ndan y\u00fcr\u00fct\u00fclen e\u011fitim programlar\u0131 bu kez Gebze\u2019de toplumun her kesimini kapsayacak \u015fekilde planland\u0131. 8 farkl\u0131 okulda ger\u00e7ekle\u015ftirilen programlara \u00f6\u011frenciler, \u00f6\u011fretmenler, okul personeli ve \u00f6zel gereksinimli bireyler kat\u0131ld\u0131. B\u00f6ylece afet fark\u0131ndal\u0131\u011f\u0131 \u00e7al\u0131\u015fmalar\u0131nda kapsay\u0131c\u0131 bir yakla\u015f\u0131m benimsenerek toplumun farkl\u0131 kesimlerine do\u011frudan ula\u015f\u0131ld\u0131. Alan\u0131nda uzman e\u011fitmenler taraf\u0131ndan verilen e\u011fitimlerde; deprem \u00f6ncesi haz\u0131rl\u0131k, deprem an\u0131nda do\u011fru davran\u0131\u015flar, tahliye s\u00fcre\u00e7leri, toplanma alanlar\u0131n\u0131n \u00f6nemi ve afet \u00e7antas\u0131 haz\u0131rl\u0131\u011f\u0131 gibi hayati konular ele al\u0131nd\u0131.<\/p>\n<p><b>YA\u015e GRUPLARINA UYGUN ANLATIM TEKN\u0130KLER\u0130<\/b><br \/>E\u011fitimler, ya\u015f gruplar\u0131na uygun anlat\u0131m teknikleri, g\u00f6rsel materyaller ve uygulamal\u0131 \u00e7al\u0131\u015fmalarla desteklendi. Bu sayede kat\u0131l\u0131mc\u0131lar\u0131n yaln\u0131zca bilgi edinmesi de\u011fil, olas\u0131 afet durumlar\u0131nda do\u011fru davran\u0131\u015flar\u0131 uygulamal\u0131 olarak \u00f6\u011frenmesi hedeflendi.<\/p>\n<p><b>KAPSAYICI E\u011e\u0130T\u0130M YAKLA\u015eIMI G\u00dc\u00c7LEN\u0130YOR<\/b><br \/>Program kapsam\u0131nda \u00f6zel gereksinimli bireylerin afet an\u0131nda g\u00fcvenli ve do\u011fru davran\u0131\u015f geli\u015ftirmeleri ama\u00e7land\u0131. Bu do\u011frultuda 34 \u00f6zel gereksinimli bireye y\u00f6nelik, ihtiya\u00e7lara g\u00f6re uyarlanm\u0131\u015f e\u011fitimler ger\u00e7ekle\u015ftirildi. Uygulamal\u0131 anlat\u0131mlarla desteklenen s\u00fcre\u00e7le kapsay\u0131c\u0131 e\u011fitim anlay\u0131\u015f\u0131 sahada etkin \u015fekilde hayata ge\u00e7irildi.<\/p>\n<p><b>5 B\u0130NDEN FAZLA K\u0130\u015e\u0130YE ULA\u015eILDI<\/b><br \/>B\u00fcy\u00fck\u015fehir Belediyesi\u2019nin kenti afetlere kar\u015f\u0131 daha bilin\u00e7li ve diren\u00e7li hale getirme hedefiyle y\u00fcr\u00fctt\u00fc\u011f\u00fc \u00e7al\u0131\u015fmalar kapsam\u0131nda, Gebze\u2019de d\u00fczenlenen e\u011fitim ve tatbikat programlar\u0131nda toplam 5 bin 293 \u00f6\u011frenci ve personele ula\u015f\u0131ld\u0131. E\u011fitimlere 2 bin 284 k\u0131z, 2 bin 683 erkek \u00f6\u011frenci kat\u0131l\u0131rken; 226 kad\u0131n ve 100 erkek personel de programlarda yer ald\u0131.<\/p>\n<p><b>\u201cE\u011e\u0130T\u0130MLER TOPLUMUN TAMAMINI KAPSIYOR\u201d<\/b><\/p>\n<p>Kocaeli B\u00fcy\u00fck\u015fehir Belediyesi Afet \u0130\u015fleri ve Risk Y\u00f6netimi Dairesi Ba\u015fkan\u0131 \u015eemsettin Y\u0131ld\u0131r\u0131m, afet fark\u0131ndal\u0131k \u00e7al\u0131\u015fmalar\u0131n\u0131n hem kapsam hem de y\u00f6ntem a\u00e7\u0131s\u0131ndan s\u00fcrekli geli\u015ftirildi\u011fini belirterek, \u201cE\u011fitimlerimizi yaln\u0131zca belirli kurum ve gruplarla s\u0131n\u0131rl\u0131 tutmuyoruz. Mahalleleri de s\u00fcrece d\u00e2hil ederek toplumun tamam\u0131n\u0131 kapsay\u0131c\u0131 bir yap\u0131 olu\u015fturuyoruz. Bu do\u011frultuda kapsam ve metot olarak s\u00fcrekli geli\u015ftirilen e\u011fitim modelleriyle \u00e7al\u0131\u015fmalar\u0131m\u0131z\u0131 b\u00fcy\u00fcterek daha geni\u015f kitlelere ula\u015ft\u0131rmay\u0131 hedefliyoruz.\u201d dedi.<\/p>\n<p><b>AMA\u00c7; B\u0130L\u0130N\u00c7L\u0130, HAZIRLIKLI VE D\u0130REN\u00c7L\u0130 TOPLUM<\/b><\/p>\n<p>Kocaeli B\u00fcy\u00fck\u015fehir Belediyesi, kent genelinde s\u00fcrd\u00fcrd\u00fc\u011f\u00fc e\u011fitim \u00e7al\u0131\u015fmalar\u0131yla \u00f6\u011frencilerin, e\u011fitimcilerin ve t\u00fcm kat\u0131l\u0131mc\u0131lar\u0131n afetlere kar\u015f\u0131 do\u011fru bilgiye sahip olmas\u0131n\u0131 ve olas\u0131 durumlarda bilin\u00e7li hareket etmesini hedefliyor. Afetlere diren\u00e7li bir toplum yap\u0131s\u0131n\u0131n g\u00fc\u00e7lendirilmesine katk\u0131 sunan bu \u00e7al\u0131\u015fmalar, yerel d\u00fczeyde fark\u0131ndal\u0131k ve haz\u0131rl\u0131k kapasitesinin art\u0131r\u0131lmas\u0131nda \u00f6nemli rol oynuyor.<\/p>\n<p><b>E\u011e\u0130T\u0130MLER KENT GENEL\u0130NDE DEVAM EDECEK<\/b><\/p>\n<p>Kocaeli B\u00fcy\u00fck\u015fehir Belediyesi, \u201cKocaeli Afetlere Diren\u00e7li Toplum\u201d anlay\u0131\u015f\u0131yla afet fark\u0131ndal\u0131k e\u011fitimlerini kent genelinde yayg\u0131nla\u015ft\u0131rmay\u0131 s\u00fcrd\u00fcr\u00fcyor. Toplumun t\u00fcm kesimlerine ula\u015fmay\u0131 hedefleyen e\u011fitim ve tatbikat faaliyetlerinin \u00f6n\u00fcm\u00fczdeki s\u00fcre\u00e7te de artarak devam etmesi planlan\u0131yor.<\/p>\n<p>\u00a0<\/p>\n<p>Kaynak: (BYZHA) Beyaz Haber Ajans\u0131<\/p>\n","protected":false},"excerpt":{"rendered":"<p>Kocaeli B\u00fcy\u00fck\u015fehir Belediyesi, afetlere kar\u015f\u0131 bilin\u00e7li ve haz\u0131rl\u0131kl\u0131 bir toplum olu\u015fturma hedefi do\u011frultusunda e\u011fitim \u00e7al\u0131\u015fmalar\u0131n\u0131 s\u00fcrd\u00fcr\u00fcyor.<\/p>\n","protected":false},"author":1,"featured_media":13698,"comment_status":"open","ping_status":"open","sticky":false,"template":"","format":"standard","meta":{"footnotes":""},"categories":[20],"tags":[],"class_list":["post-13697","post","type-post","status-publish","format-standard","has-post-thumbnail","hentry","category-gundem"],"_links":{"self":[{"href":"https:\/\/akdenizolay.com.tr\/index.php\/wp-json\/wp\/v2\/posts\/13697","targetHints":{"allow":["GET"]}}],"collection":[{"href":"https:\/\/akdenizolay.com.tr\/index.php\/wp-json\/wp\/v2\/posts"}],"about":[{"href":"https:\/\/akdenizolay.com.tr\/index.php\/wp-json\/wp\/v2\/types\/post"}],"author":[{"embeddable":true,"href":"https:\/\/akdenizolay.com.tr\/index.php\/wp-json\/wp\/v2\/users\/1"}],"replies":[{"embeddable":true,"href":"https:\/\/akdenizolay.com.tr\/index.php\/wp-json\/wp\/v2\/comments?post=13697"}],"version-history":[{"count":1,"href":"https:\/\/akdenizolay.com.tr\/index.php\/wp-json\/wp\/v2\/posts\/13697\/revisions"}],"predecessor-version":[{"id":13699,"href":"https:\/\/akdenizolay.com.tr\/index.php\/wp-json\/wp\/v2\/posts\/13697\/revisions\/13699"}],"wp:featuredmedia":[{"embeddable":true,"href":"https:\/\/akdenizolay.com.tr\/index.php\/wp-json\/wp\/v2\/media\/13698"}],"wp:attachment":[{"href":"https:\/\/akdenizolay.com.tr\/index.php\/wp-json\/wp\/v2\/media?parent=13697"}],"wp:term":[{"taxonomy":"category","embeddable":true,"href":"https:\/\/akdenizolay.com.tr\/index.php\/wp-json\/wp\/v2\/categories?post=13697"},{"taxonomy":"post_tag","embeddable":true,"href":"https:\/\/akdenizolay.com.tr\/index.php\/wp-json\/wp\/v2\/tags?post=13697"}],"curies":[{"name":"wp","href":"https:\/\/api.w.org\/{rel}","templated":true}]}}