{"id":13730,"date":"2026-04-28T16:19:29","date_gmt":"2026-04-28T16:19:29","guid":{"rendered":"https:\/\/akdenizolay.com.tr\/index.php\/2026\/04\/28\/deu-saglik26-kariyer-zirvesi-basladi\/"},"modified":"2026-04-28T16:19:30","modified_gmt":"2026-04-28T16:19:30","slug":"deu-saglik26-kariyer-zirvesi-basladi","status":"publish","type":"post","link":"https:\/\/akdenizolay.com.tr\/index.php\/2026\/04\/28\/deu-saglik26-kariyer-zirvesi-basladi\/","title":{"rendered":"DE\u00dc Sa\u011fl\u0131k\u201926 Kariyer Zirvesi Ba\u015flad\u0131"},"content":{"rendered":"<p> Dokuz Eyl\u00fcl \u00dcniversitesi ev sahipli\u011finde, DE\u00dc Di\u015f Hekimli\u011fi Fak\u00fcltesi Kurucu \u00d6\u011fretim \u00dcyeleri Konferans Salonu\u2019nda d\u00fczenlenen DE\u00dc Sa\u011fl\u0131k\u201926 Kariyer Zirvesi, ger\u00e7ekle\u015ftirilen a\u00e7\u0131l\u0131\u015f program\u0131yla ba\u015flad\u0131.<\/p>\n<p>Bu y\u0131l 10\u2019uncusu d\u00fczenlenen zirvenin a\u00e7\u0131l\u0131\u015f konu\u015fmas\u0131, DE\u00dc Rekt\u00f6r\u00fc Prof. Dr. Bayram Y\u0131lmaz taraf\u0131ndan yap\u0131ld\u0131. Programa; DE\u00dc Rekt\u00f6r Yard\u0131mc\u0131s\u0131 Prof. Dr. Mehmet Birhan Y\u0131lmaz\u2019\u0131n yan\u0131 s\u0131ra Kariyer Planlama ve Mezunlarla \u0130li\u015fkiler Koordinat\u00f6r\u00fc Prof. Dr. Seher \u00d6zy\u00fcrek, fak\u00fclte dekanlar\u0131, akademisyenler ve \u00f6\u011frenciler kat\u0131ld\u0131.<\/p>\n<p><b>\u201cGEN\u00c7LER\u0130M\u0130Z\u0130 GELECE\u011eE EN DONANIMLI \u015eEK\u0130LDE HAZIRLIYORUZ\u201d<\/b><\/p>\n<p>A\u00e7\u0131l\u0131\u015fta konu\u015fan DE\u00dc Rekt\u00f6r\u00fc Prof. Dr. Bayram Y\u0131lmaz, \u00fcniversite olarak \u00f6\u011frencileri yaln\u0131zca akademik bilgiyle de\u011fil, ayn\u0131 zamanda mesleki yetkinlikler ve kariyer planlamas\u0131 a\u00e7\u0131s\u0131ndan da desteklediklerini vurgulad\u0131.<\/p>\n<p>Rekt\u00f6r Prof. Dr. Bayram Y\u0131lmaz, yapt\u0131\u011f\u0131 konu\u015fmada \u015fu ifadeleri kulland\u0131:<\/p>\n<p>\u201cSa\u011fl\u0131k alan\u0131, s\u00fcrekli geli\u015fen ve d\u00f6n\u00fc\u015fen yap\u0131s\u0131yla nitelikli insan kayna\u011f\u0131na her zamankinden daha fazla ihtiya\u00e7 duymaktad\u0131r. Bizler Dokuz Eyl\u00fcl \u00dcniversitesi olarak \u00f6\u011frencilerimizi yaln\u0131zca teorik bilgiyle de\u011fil; uygulama becerileri, etik de\u011ferler ve multidisipliner bak\u0131\u015f a\u00e7\u0131s\u0131yla donatarak gelece\u011fe haz\u0131rl\u0131yoruz. Bu t\u00fcr organizasyonlar, gen\u00e7lerimizin kariyer yolculuklar\u0131nda \u00f6nemli bir rehber niteli\u011fi ta\u015f\u0131maktad\u0131r.\u201d<\/p>\n<p>Zirvenin \u00f6\u011frenciler ile sekt\u00f6r temsilcilerini bir araya getirdi\u011fine dikkat \u00e7eken Rekt\u00f6r Bayram Y\u0131lmaz, \u201cKamu ve \u00f6zel sekt\u00f6rden payda\u015flar\u0131m\u0131zla kurdu\u011fumuz g\u00fc\u00e7l\u00fc i\u015f birlikleri sayesinde \u00f6\u011frencilerimize do\u011frudan temas imk\u00e2n\u0131 sunuyoruz. \u00d6\u011frencilerimizin i\u015f ve staj olanaklar\u0131na eri\u015fimini kolayla\u015ft\u0131r\u0131rken, ayn\u0131 zamanda sekt\u00f6r\u00fcn beklentilerini yak\u0131ndan tan\u0131malar\u0131n\u0131 sa\u011fl\u0131yoruz. Bu bulu\u015fmalar\u0131n, gen\u00e7lerimizin kariyer planlamalar\u0131na \u00f6nemli katk\u0131lar sunaca\u011f\u0131na inan\u0131yorum,\u201d dedi<\/p>\n<p><b>SA\u011eLIK ALANINDA KAR\u0130YER FIRSATLARI MASAYA YATIRILIYOR<\/b><\/p>\n<p>28-29 Nisan tarihlerinde iki g\u00fcn s\u00fcrecek olan ve sa\u011fl\u0131k alan\u0131nda kariyer olanaklar\u0131n\u0131n \u00e7ok boyutlu \u015fekilde ele al\u0131nd\u0131\u011f\u0131 program\u0131n ilk g\u00fcn\u00fcnde; paneller, oturumlar ve alan\u0131nda uzman isimlerin kat\u0131l\u0131m\u0131yla \u00f6nemli payla\u015f\u0131mlar ger\u00e7ekle\u015ftirildi. G\u00fcn boyunca d\u00fczenlenen oturumlarda; sa\u011fl\u0131k kamp\u00fcs\u00fcnde kariyer, multidisipliner \u00e7al\u0131\u015fma k\u00fclt\u00fcr\u00fc, g\u00fcncel mesleki yakla\u015f\u0131mlar ve yurt d\u0131\u015f\u0131 e\u011fitim f\u0131rsatlar\u0131 gibi ba\u015fl\u0131klar ele al\u0131nd\u0131.<\/p>\n<p><b>\u00d6\u011eRENC\u0130LER \u0130\u015e VE STAJ FIRSATLARIYLA BULU\u015eTU<\/b><\/p>\n<p>Kamu ve \u00f6zel sekt\u00f6rde faaliyet g\u00f6steren sa\u011fl\u0131k kurumlar\u0131, sa\u011fl\u0131k alan\u0131nda e\u011fitim g\u00f6ren DE\u00dc \u00f6\u011frencilerine y\u00f6nelik olarak insan kaynaklar\u0131 politikalar\u0131, i\u015fe al\u0131m s\u00fcre\u00e7leri ve \u00e7al\u0131\u015fma ko\u015fullar\u0131 hakk\u0131nda bilgilendirmelerde bulundu. Kurumlar ayr\u0131ca a\u00e7\u0131k pozisyonlar i\u00e7in ba\u015fvuru toplama ve \u00f6\u011frencilerle bire bir i\u015f ve staj m\u00fclakatlar\u0131 ger\u00e7ekle\u015ftirme imk\u00e2n\u0131 buldu.<\/p>\n<p>Kurumsal tan\u0131t\u0131m stantlar\u0131 arac\u0131l\u0131\u011f\u0131yla i\u015f ve staj olanaklar\u0131n\u0131n \u00f6\u011frencilerle bulu\u015fturuldu\u011fu zirve, kat\u0131l\u0131mc\u0131lardan yo\u011fun ilgi g\u00f6rd\u00fc.<\/p>\n<p>Zirve program\u0131, yar\u0131n ger\u00e7ekle\u015ftirilecek etkinliklerle devam edecek.<\/p>\n<p>\u00a0<\/p>\n<p>Kaynak: (BYZHA) Beyaz Haber Ajans\u0131<\/p>\n","protected":false},"excerpt":{"rendered":"<p>Dokuz Eyl\u00fcl \u00dcniversitesi ev sahipli\u011finde, DE\u00dc Di\u015f Hekimli\u011fi Fak\u00fcltesi Kurucu \u00d6\u011fretim \u00dcyeleri Konferans Salonu\u2019nda d\u00fczenlenen DE\u00dc Sa\u011fl\u0131k\u201926 Kariyer Zirvesi, ger\u00e7ekle\u015ftirilen a\u00e7\u0131l\u0131\u015f program\u0131yla ba\u015flad\u0131.<\/p>\n","protected":false},"author":1,"featured_media":13731,"comment_status":"open","ping_status":"open","sticky":false,"template":"","format":"standard","meta":{"footnotes":""},"categories":[23],"tags":[],"class_list":["post-13730","post","type-post","status-publish","format-standard","has-post-thumbnail","hentry","category-saglik"],"_links":{"self":[{"href":"https:\/\/akdenizolay.com.tr\/index.php\/wp-json\/wp\/v2\/posts\/13730","targetHints":{"allow":["GET"]}}],"collection":[{"href":"https:\/\/akdenizolay.com.tr\/index.php\/wp-json\/wp\/v2\/posts"}],"about":[{"href":"https:\/\/akdenizolay.com.tr\/index.php\/wp-json\/wp\/v2\/types\/post"}],"author":[{"embeddable":true,"href":"https:\/\/akdenizolay.com.tr\/index.php\/wp-json\/wp\/v2\/users\/1"}],"replies":[{"embeddable":true,"href":"https:\/\/akdenizolay.com.tr\/index.php\/wp-json\/wp\/v2\/comments?post=13730"}],"version-history":[{"count":1,"href":"https:\/\/akdenizolay.com.tr\/index.php\/wp-json\/wp\/v2\/posts\/13730\/revisions"}],"predecessor-version":[{"id":13732,"href":"https:\/\/akdenizolay.com.tr\/index.php\/wp-json\/wp\/v2\/posts\/13730\/revisions\/13732"}],"wp:featuredmedia":[{"embeddable":true,"href":"https:\/\/akdenizolay.com.tr\/index.php\/wp-json\/wp\/v2\/media\/13731"}],"wp:attachment":[{"href":"https:\/\/akdenizolay.com.tr\/index.php\/wp-json\/wp\/v2\/media?parent=13730"}],"wp:term":[{"taxonomy":"category","embeddable":true,"href":"https:\/\/akdenizolay.com.tr\/index.php\/wp-json\/wp\/v2\/categories?post=13730"},{"taxonomy":"post_tag","embeddable":true,"href":"https:\/\/akdenizolay.com.tr\/index.php\/wp-json\/wp\/v2\/tags?post=13730"}],"curies":[{"name":"wp","href":"https:\/\/api.w.org\/{rel}","templated":true}]}}