{"id":13736,"date":"2026-04-28T16:28:44","date_gmt":"2026-04-28T16:28:44","guid":{"rendered":"https:\/\/akdenizolay.com.tr\/index.php\/2026\/04\/28\/kandirada-seyrek-palamar-mesire-alani-yaz-sezonuna-guclu-giriyor\/"},"modified":"2026-04-28T16:28:45","modified_gmt":"2026-04-28T16:28:45","slug":"kandirada-seyrek-palamar-mesire-alani-yaz-sezonuna-guclu-giriyor","status":"publish","type":"post","link":"https:\/\/akdenizolay.com.tr\/index.php\/2026\/04\/28\/kandirada-seyrek-palamar-mesire-alani-yaz-sezonuna-guclu-giriyor\/","title":{"rendered":"Kand\u0131ra\u2019da Seyrek Palamar Mesire Alan\u0131 Yaz Sezonuna G\u00fc\u00e7l\u00fc Giriyor"},"content":{"rendered":"\n<p style=\"margin-bottom:13px\"><span style=\"font-size:11pt\"><span style=\"line-height:normal\"><span style=\"font-family:Calibri,sans-serif\"><span style=\"font-size:13.0pt\"><span style=\",serif\">Kand\u0131ra Belediyesi, il\u00e7enin turizm potansiyelini art\u0131rmak amac\u0131yla \u00e7al\u0131\u015fmalar\u0131n\u0131 aral\u0131ks\u0131z s\u00fcrd\u00fcr\u00fcyor.<\/span><\/span><\/span><\/span><\/span><\/p>\n<p style=\"margin-bottom:13px\"><span style=\"font-size:11pt\"><span style=\"line-height:normal\"><span style=\"font-family:Calibri,sans-serif\"><span style=\"font-size:13.0pt\"><span style=\",serif\">Bu kapsamda, \u00c7alk\u00f6y Mahallesi\u2019nde bulunan Seyrek Palamar Mesire Alan\u0131, kapasite art\u0131r\u0131m\u0131 ve yeni sosyal donat\u0131larla yaz sezonuna haz\u0131r hale getirildi.<\/span><\/span><\/span><\/span><\/span><\/p>\n<p style=\"margin-bottom:13px\"><span style=\"font-size:11pt\"><span style=\"line-height:normal\"><span style=\"font-family:Calibri,sans-serif\"><span style=\"font-size:13.0pt\"><span style=\",serif\">Ge\u00e7ti\u011fimiz y\u0131l g\u00f6rkemli bir t\u00f6renle hizmete a\u00e7\u0131lan ve toplam 40 d\u00f6n\u00fcml\u00fck ormanl\u0131k alan \u00fczerine kurulu olan mesire alan\u0131, do\u011fayla i\u00e7 i\u00e7e tatil imk\u00e2n\u0131 sunarak \u00f6zellikle yaz aylar\u0131nda artan turizm talebine \u00f6nemli \u00f6l\u00e7\u00fcde cevap veriyor.<\/span><\/span><\/span><\/span><\/span><\/p>\n<p style=\"margin-bottom:13px\"><span style=\"font-size:11pt\"><span style=\"line-height:normal\"><span style=\"font-family:Calibri,sans-serif\"><span style=\"font-size:13.0pt\"><span style=\",serif\">Kand\u0131ra Belediyesi taraf\u0131ndan hayata ge\u00e7irilen proje kapsam\u0131nda alanda; kafe-restoran, bay-bayan tuvaletleri, du\u015f alanlar\u0131, bebek bak\u0131m odas\u0131 ve deniz manzaral\u0131 kafeterya gibi bir\u00e7ok sosyal imk\u00e2n bulunuyor.<\/span><\/span><\/span><\/span><\/span><\/p>\n<p style=\"margin-bottom:13px\"><span style=\"font-size:11pt\"><span style=\"line-height:normal\"><span style=\"font-family:Calibri,sans-serif\"><span style=\"font-size:13.0pt\"><span style=\",serif\">Ayr\u0131ca tesis i\u00e7erisinde ya\u011fmur suyu hatt\u0131, elektrik ve kanalizasyon altyap\u0131s\u0131, ayd\u0131nlatma sistemleri ve \u00e7e\u015fitli sosyal kullan\u0131m alanlar\u0131 da yer al\u0131yor. G\u00fcvenlik \u00f6nlemleriyle desteklenen mesire alan\u0131nda, ziyaret\u00e7ilerin konforu i\u00e7in t\u00fcm detaylar titizlikle planland\u0131.<\/span><\/span><\/span><\/span><\/span><\/p>\n<p style=\"margin-bottom:13px\"><span style=\"font-size:11pt\"><span style=\"line-height:normal\"><span style=\"font-family:Calibri,sans-serif\"><span style=\"font-size:13.0pt\"><span style=\",serif\">Yap\u0131lan son d\u00fczenlemelerle birlikte, tatilcilerin Palamar Burnu\u2019nda g\u00fcn bat\u0131m\u0131n\u0131 daha keyifli izleyebilmeleri ve daha geni\u015f bir alanda nitelikli vakit ge\u00e7irebilmeleri amac\u0131yla alan geni\u015fletilerek ilave 58 yeni kamelya yerle\u015ftirildi. \u00c7evre d\u00fczenlemelerinin tamamlanmas\u0131yla birlikte Seyrek Palamar Mesire Alan\u0131 yaz sezonuna haz\u0131r hale getirildi.<\/span><\/span><\/span><\/span><\/span><\/p>\n<p><span style=\"font-size:12pt\"><span style=\",serif\"><span style=\"font-size:13.0pt\">Kand\u0131ra Belediye Ba\u015fkan\u0131 Erol \u00d6lmez, konuyla ilgili yapt\u0131\u011f\u0131 a\u00e7\u0131klamada \u015fu ifadelere yer verdi:<\/span><\/span><\/span><\/p>\n<p><span style=\"font-size:12pt\"><span style=\",serif\"><span style=\"font-size:13.0pt\">\u201cKocaeli\u2019nin incisi Kand\u0131ra\u2019m\u0131z, \u00f6zellikle yaz aylar\u0131nda yo\u011fun bir tatilci ak\u0131n\u0131na u\u011fruyor. B\u00f6lgemizde tesis ve nitelikli alanlar\u0131 \u00e7o\u011faltmak amac\u0131yla, ekiplerimizle birlikte Seyrek Palamar Mesire Alan\u0131\u2019nda kapsaml\u0131 d\u00fczenlemeler ger\u00e7ekle\u015ftirdik. Bu \u00e7al\u0131\u015fmalar do\u011frultusunda alan\u0131m\u0131z\u0131 geni\u015fleterek, ziyaret\u00e7ilerimizin daha konforlu vakit ge\u00e7irebilmesi i\u00e7in \u00e7ok say\u0131da yeni kamelya kazand\u0131rd\u0131k. Do\u011fayla i\u00e7 i\u00e7e huzurlu bir g\u00fcn ge\u00e7irmek ve Palamar Burnu\u2019nda g\u00fcn bat\u0131m\u0131n\u0131 keyifle izlemek isteyen herkesi mesire alan\u0131m\u0131za bekliyoruz.\u201d<\/span><\/span><\/span><\/p>\n<p style=\"margin-bottom:13px\"><span style=\"font-size:11pt\"><span style=\"line-height:normal\"><span style=\"font-family:Calibri,sans-serif\"><span style=\"font-size:13.0pt\"><span style=\",serif\">Ba\u015fkan \u00d6lmez, il\u00e7eye kazand\u0131r\u0131lan projelere verdi\u011fi desteklerden dolay\u0131 Kocaeli B\u00fcy\u00fck\u015fehir Belediye Ba\u015fkan\u0131 Do\u00e7. Dr. Tahir B\u00fcy\u00fckak\u0131n\u2019a te\u015fekk\u00fcr ederek, \u201cSay\u0131n Ba\u015fkan\u0131m\u0131z, Kand\u0131ra ile ilgili sundu\u011fumuz projelerde bizlere her zaman g\u00fc\u00e7l\u00fc bir destek sa\u011flamaktad\u0131r. \u0130l\u00e7emize de\u011fer katan her \u00e7al\u0131\u015fmada yan\u0131m\u0131zda olduklar\u0131 i\u00e7in kendilerine \u00a0\u015f\u00fckranlar\u0131m\u0131 sunuyorum,\u201d ifadelerini kulland\u0131.<\/span><\/span><\/span><\/span><\/span><\/p>\n<p style=\"margin-bottom:13px\">\u00a0<\/p>\n<p>Kaynak: (BYZHA) Beyaz Haber Ajans\u0131<\/p>\n","protected":false},"excerpt":{"rendered":"<p>Kand\u0131ra Belediyesi, il\u00e7enin turizm potansiyelini art\u0131rmak amac\u0131yla \u00e7al\u0131\u015fmalar\u0131n\u0131 aral\u0131ks\u0131z s\u00fcrd\u00fcr\u00fcyor.<\/p>\n","protected":false},"author":1,"featured_media":13737,"comment_status":"open","ping_status":"open","sticky":false,"template":"","format":"standard","meta":{"footnotes":""},"categories":[20],"tags":[],"class_list":["post-13736","post","type-post","status-publish","format-standard","has-post-thumbnail","hentry","category-gundem"],"_links":{"self":[{"href":"https:\/\/akdenizolay.com.tr\/index.php\/wp-json\/wp\/v2\/posts\/13736","targetHints":{"allow":["GET"]}}],"collection":[{"href":"https:\/\/akdenizolay.com.tr\/index.php\/wp-json\/wp\/v2\/posts"}],"about":[{"href":"https:\/\/akdenizolay.com.tr\/index.php\/wp-json\/wp\/v2\/types\/post"}],"author":[{"embeddable":true,"href":"https:\/\/akdenizolay.com.tr\/index.php\/wp-json\/wp\/v2\/users\/1"}],"replies":[{"embeddable":true,"href":"https:\/\/akdenizolay.com.tr\/index.php\/wp-json\/wp\/v2\/comments?post=13736"}],"version-history":[{"count":1,"href":"https:\/\/akdenizolay.com.tr\/index.php\/wp-json\/wp\/v2\/posts\/13736\/revisions"}],"predecessor-version":[{"id":13738,"href":"https:\/\/akdenizolay.com.tr\/index.php\/wp-json\/wp\/v2\/posts\/13736\/revisions\/13738"}],"wp:featuredmedia":[{"embeddable":true,"href":"https:\/\/akdenizolay.com.tr\/index.php\/wp-json\/wp\/v2\/media\/13737"}],"wp:attachment":[{"href":"https:\/\/akdenizolay.com.tr\/index.php\/wp-json\/wp\/v2\/media?parent=13736"}],"wp:term":[{"taxonomy":"category","embeddable":true,"href":"https:\/\/akdenizolay.com.tr\/index.php\/wp-json\/wp\/v2\/categories?post=13736"},{"taxonomy":"post_tag","embeddable":true,"href":"https:\/\/akdenizolay.com.tr\/index.php\/wp-json\/wp\/v2\/tags?post=13736"}],"curies":[{"name":"wp","href":"https:\/\/api.w.org\/{rel}","templated":true}]}}