{"id":13739,"date":"2026-04-28T16:28:53","date_gmt":"2026-04-28T16:28:53","guid":{"rendered":"https:\/\/akdenizolay.com.tr\/index.php\/2026\/04\/28\/izmir-devlet-opera-ve-balesi-2025-2026-sanat-sezonunu-gorkemli-bir-programla-kapatiyor\/"},"modified":"2026-04-28T16:28:54","modified_gmt":"2026-04-28T16:28:54","slug":"izmir-devlet-opera-ve-balesi-2025-2026-sanat-sezonunu-gorkemli-bir-programla-kapatiyor","status":"publish","type":"post","link":"https:\/\/akdenizolay.com.tr\/index.php\/2026\/04\/28\/izmir-devlet-opera-ve-balesi-2025-2026-sanat-sezonunu-gorkemli-bir-programla-kapatiyor\/","title":{"rendered":"\u0130zmir Devlet Opera Ve Balesi 2025\u20132026 Sanat Sezonunu G\u00f6rkemli Bir Programla Kapat\u0131yor"},"content":{"rendered":"\n<p style=\"text-align:justify;margin-bottom:11px\"><span style=\"font-size:11pt\"><span style=\"line-height:115%\"><span style=\"font-family:Calibri,sans-serif\"><span style=\",serif\">\u0130zmir Devlet Opera ve Balesi (\u0130ZDOB), 27 Eyl\u00fcl 2025&#8217;te &#8220;Troya&#8221; epik operas\u0131n\u0131n pr\u00f6miyeri ile a\u00e7t\u0131\u011f\u0131 2025\u20132026 sanat sezonunu, May\u0131s ve Haziran aylar\u0131nda sahneleyece\u011fi zengin bir programla ta\u00e7land\u0131r\u0131yor. T.C. K\u00fclt\u00fcr ve Turizm Bakanl\u0131\u011f\u0131 Devlet Opera ve Balesi Genel M\u00fcd\u00fcrl\u00fc\u011f\u00fc b\u00fcnyesinde faaliyet g\u00f6steren \u0130ZDOB; opera, modern dans, bale, m\u00fczikal komedi ve oda m\u00fczi\u011fi konserlerinden olu\u015fan kapan\u0131\u015f program\u0131yla sanatseverlere unutulmaz bir final ya\u015fatmaya haz\u0131rlan\u0131yor.<\/span><\/span><\/span><\/span><\/p>\n<p style=\"text-align:justify;margin-bottom:11px\"><span style=\"font-size:11pt\"><span style=\"line-height:115%\"><span style=\"font-family:Calibri,sans-serif\"><span style=\",serif\">Sezon boyunca Troya, Ku\u011fu G\u00f6l\u00fc, Midas&#8217;\u0131n Kulaklar\u0131, Attila, F\u0131nd\u0131kk\u0131ran, Figaro&#8217;nun D\u00fc\u011f\u00fcn\u00fc, Bir Tenor Aran\u0131yor, Don Ki\u015fot ve Tosca gibi d\u00fcnya klasiklerini ve yerli yap\u0131mlar\u0131 sahneye ta\u015f\u0131yan \u0130ZDOB; sezonun finalinde de iddial\u0131 yap\u0131mlar\u0131n\u0131 izleyiciyle bulu\u015fturuyor.<\/span><\/span><\/span><\/span><\/p>\n<p style=\"text-align:justify;margin-bottom:11px\"><span style=\"font-size:11pt\"><span style=\"line-height:115%\"><span style=\"font-family:Calibri,sans-serif\"><b><span style=\",serif\">Mozart&#8217;\u0131n \u00d6l\u00fcms\u00fcz Eseri Modern Dansla Bulu\u015fuyor<\/span><\/b><\/span><\/span><\/span><\/p>\n<p style=\"text-align:justify;margin-bottom:11px\"><span style=\"font-size:11pt\"><span style=\"line-height:115%\"><span style=\"font-family:Calibri,sans-serif\"><span style=\",serif\">May\u0131s ay\u0131n\u0131n a\u00e7\u0131l\u0131\u015f\u0131, 2 May\u0131s Cumartesi g\u00fcn\u00fc saat 15.00&#8217;te sahnelenecek <b>W. A. Mozart Requiem<\/b> ile yap\u0131lacak. M\u00fczik tarihinin en g\u00fc\u00e7l\u00fc dini eserlerinden biri olarak kabul edilen Requiem, bu sezon \u0130ZDOB sahnesinde modern dans yorumuyla hayat buluyor. Nisan ay\u0131nda d\u00f6rt temsille seyirciyle bulu\u015fan eser, May\u0131s ay\u0131ndaki son g\u00f6sterimiyle sanatseverlere etkileyici bir veda sunmaya haz\u0131rlan\u0131yor.<\/span><\/span><\/span><\/span><\/p>\n<p style=\"text-align:justify;margin-bottom:11px\"><span style=\"font-size:11pt\"><span style=\"line-height:115%\"><span style=\"font-family:Calibri,sans-serif\"><b><span style=\",serif\">Gelece\u011fin Sanat\u00e7\u0131lar\u0131 Sahnede<\/span><\/b><\/span><\/span><\/span><\/p>\n<p style=\"text-align:justify;margin-bottom:11px\"><span style=\"font-size:11pt\"><span style=\"line-height:115%\"><span style=\"font-family:Calibri,sans-serif\"><span style=\",serif\">12 May\u0131s Sal\u0131 g\u00fcn\u00fc saat 20.00&#8217;de sahnelenecek <b>\u0130ZDOB \u00c7ocuk Balesi G\u00f6sterisi<\/b>, kurumun yeti\u015ftirdi\u011fi gen\u00e7 dans\u00e7\u0131lar\u0131n eme\u011fini sergileyecekleri \u00f6zel bir program olarak May\u0131s ay\u0131n\u0131n dikkat \u00e7ekici etkinlikleri aras\u0131nda yer al\u0131yor. H\u00fclya \u015eeren N\u00fcfus\u00e7u, Serhat N\u00fcfus\u00e7u ve P\u0131nar Ert\u00fcrk taraf\u0131ndan sahneye konulan g\u00f6steride, \u0130zmir Devlet Opera ve Balesi \u00c7ocuk Balesi sahne alacak. Yap\u0131m, kurumun sanat e\u011fitimi misyonunun sahnedeki yans\u0131mas\u0131 olarak \u00f6ne \u00e7\u0131k\u0131yor.<\/span><\/span><\/span><\/span><\/p>\n<p style=\"text-align:justify;margin-bottom:11px\"><span style=\"font-size:11pt\"><span style=\"line-height:115%\"><span style=\"font-family:Calibri,sans-serif\"><b><span style=\",serif\">Broadway&#8217;in Komedi Klasi\u011fi Yeniden Sahnede<\/span><\/b><\/span><\/span><\/span><\/p>\n<p style=\"text-align:justify;margin-bottom:11px\"><span style=\"font-size:11pt\"><span style=\"line-height:115%\"><span style=\"font-family:Calibri,sans-serif\"><span style=\",serif\">Ken Ludwig&#8217;in d\u00fcnyaca \u00fcnl\u00fc m\u00fczikal komedisi <b>Bir Tenor Aran\u0131yor<\/b>, 14 May\u0131s Per\u015fembe ve 16 May\u0131s Cumartesi tarihlerinde yeniden sanatseverlerle bulu\u015facak. Rejis\u00f6rl\u00fc\u011f\u00fcn\u00fc Bar\u0131\u015f Meydan&#8217;\u0131n \u00fcstlendi\u011fi, orkestra \u015fefli\u011fini Orhan \u00d6ner \u00d6zcan ve G\u00f6kmen Fahlio\u011fullar\u0131&#8217;n\u0131n d\u00f6n\u00fc\u015f\u00fcml\u00fc olarak y\u00fcr\u00fctt\u00fc\u011f\u00fc yap\u0131m, 1930&#8217;lar Amerika&#8217;s\u0131nda ge\u00e7en kurgusu, temposu hi\u00e7 d\u00fc\u015fmeyen mizah\u0131 ve \u0130ZDOB&#8217;un gen\u00e7 solist kadrosunun performans\u0131yla sezon boyunca yo\u011fun ilgi g\u00f6rmeye devam ediyor.<\/span><\/span><\/span><\/span><\/p>\n<p style=\"text-align:justify;margin-bottom:11px\"><span style=\"font-size:11pt\"><span style=\"line-height:115%\"><span style=\"font-family:Calibri,sans-serif\"><b><span style=\",serif\">Sezonun Son Operas\u0131: Tosca<\/span><\/b><\/span><\/span><\/span><\/p>\n<p style=\"text-align:justify;margin-bottom:11px\"><span style=\"font-size:11pt\"><span style=\"line-height:115%\"><span style=\"font-family:Calibri,sans-serif\"><span style=\",serif\">Sezonun son opera prod\u00fcksiyonu olan Giacomo Puccini&#8217;nin <b>Tosca<\/b> operas\u0131, 21 May\u0131s Per\u015fembe ve 23 May\u0131s Cumartesi g\u00fcnleri saat 20.00&#8217;de Necdet Ayd\u0131n Sahnesi&#8217;nde sahnelenecek. 31 Mart&#8217;ta pr\u00f6miyeri ger\u00e7ekle\u015ftirilen yap\u0131m\u0131n orkestra \u015fefli\u011fini Roberto Gianola, rejis\u00f6rl\u00fc\u011f\u00fcn\u00fc ise Yi\u011fit G\u00fcnsoy \u00fcstleniyor. A\u015fk, politik bask\u0131 ve g\u00fc\u00e7 ili\u015fkileri temalar\u0131n\u0131 i\u015fleyen &#8220;Tosca&#8221;, \u0130ZDOB Korosu ve \u0130ZDOB \u00c7ocuk Korosu&#8217;nun da sahne ald\u0131\u011f\u0131 g\u00f6rkemli prod\u00fcksiyonuyla sezonun unutulmaz temsillerinden birini izleyiciyle payla\u015fmaya haz\u0131rlan\u0131yor.<\/span><\/span><\/span><\/span><\/p>\n<p style=\"text-align:justify;margin-bottom:11px\"><span style=\"font-size:11pt\"><span style=\"line-height:115%\"><span style=\"font-family:Calibri,sans-serif\"><b><span style=\",serif\">D\u00f6rt Viyolonsel, Tek Bir Ses<\/span><\/b><\/span><\/span><\/span><\/p>\n<p style=\"text-align:justify;margin-bottom:11px\"><span style=\"font-size:11pt\"><span style=\"line-height:115%\"><span style=\"font-family:Calibri,sans-serif\"><span style=\",serif\">Klasik m\u00fczik severler i\u00e7in 22 May\u0131s Cuma g\u00fcn\u00fc saat 20.00&#8217;de Necdet Ayd\u0131n Sahnesi&#8217;nde <b>\u0130ZDOB Cello Quartet<\/b> konseri ger\u00e7ekle\u015ftirilecek. \u0130zmir Devlet Opera ve Balesi Orkestras\u0131&#8217;n\u0131n viyolonsel sanat\u00e7\u0131lar\u0131 E. Deniz Polater, Ece Bal, G\u00fclin Soydan ve Pelin Odaba\u015f\u0131&#8217;ndan olu\u015fan d\u00f6rtl\u00fc, oda m\u00fczi\u011fi repertuvar\u0131n\u0131n se\u00e7kin \u00f6rneklerini izleyiciyle bulu\u015fturacak.<\/span><\/span><\/span><\/span><\/p>\n<p style=\"text-align:justify;margin-bottom:11px\"><span style=\"font-size:11pt\"><span style=\"line-height:115%\"><span style=\"font-family:Calibri,sans-serif\"><b><span style=\",serif\">Sezonun Perdesi \u00c7ocuklar\u0131n Sesleriyle Kapan\u0131yor<\/span><\/b><\/span><\/span><\/span><\/p>\n<p style=\"text-align:justify;margin-bottom:11px\"><span style=\"font-size:11pt\"><span style=\"line-height:115%\"><span style=\"font-family:Calibri,sans-serif\"><span style=\",serif\">2025\u20132026 sanat sezonunun finali, 5 Haziran Cuma g\u00fcn\u00fc saat 20.00&#8217;de Necdet Ayd\u0131n Sahnesi&#8217;nde ger\u00e7ekle\u015ftirilecek <b>\u0130ZDOB \u00c7ocuk Korosu Konseri<\/b> ile yap\u0131lacak. Koro \u015fefli\u011fini Ba\u015far \u00dcnal&#8217;\u0131n \u00fcstlendi\u011fi konserde, \u0130zmir Devlet Opera ve Balesi \u00c7ocuk Korosu sahne alacak. Sezon boyunca Tosca operas\u0131nda da yer alan gen\u00e7 sanat\u00e7\u0131lar, kapan\u0131\u015f konseriyle hem y\u0131l i\u00e7indeki emeklerini ta\u00e7land\u0131racak hem de sezonun perdesini co\u015fkulu bir programla kapatacak.<\/span><\/span><\/span><\/span><\/p>\n<p style=\"text-align:justify;margin-bottom:11px\"><span style=\"font-size:11pt\"><span style=\"line-height:115%\"><span style=\"font-family:Calibri,sans-serif\"><span style=\",serif\">Eser biletleri; Bornova K\u00fclt\u00fcr ve Sanat Merkezi gi\u015felerinden, &#8220;Sanat Cepte&#8221; mobil uygulamas\u0131ndan ve Biletinial \u00fczerinden temin edilebilir. \u0130ZDOB\u2019un g\u00fcncel etkinlik takvimine ve eser bilgilerine www.operabale.gov.tr adresinden ve kurumun resmi sosyal medya hesaplar\u0131ndan ula\u015f\u0131labilir.<\/span><\/span><\/span><\/span><\/p>\n<p style=\"text-align:justify;margin-bottom:11px\">\u00a0<\/p>\n<p style=\"text-align:justify;margin-bottom:11px\">\u00a0<\/p>\n<p>Kaynak: (BYZHA) Beyaz Haber Ajans\u0131<\/p>\n","protected":false},"excerpt":{"rendered":"<p>\u0130zmir Devlet Opera ve Balesi (\u0130ZDOB), 27 Eyl\u00fcl 2025&#8217;te &#8220;Troya&#8221; epik operas\u0131n\u0131n pr\u00f6miyeri ile a\u00e7t\u0131\u011f\u0131 2025\u20132026 sanat sezonunu, May\u0131s ve Haziran aylar\u0131nda sahneleyece\u011fi zengin bir programla ta\u00e7land\u0131r\u0131yor.<\/p>\n","protected":false},"author":1,"featured_media":13740,"comment_status":"open","ping_status":"open","sticky":false,"template":"","format":"standard","meta":{"footnotes":""},"categories":[24],"tags":[],"class_list":["post-13739","post","type-post","status-publish","format-standard","has-post-thumbnail","hentry","category-kultur-sanat"],"_links":{"self":[{"href":"https:\/\/akdenizolay.com.tr\/index.php\/wp-json\/wp\/v2\/posts\/13739","targetHints":{"allow":["GET"]}}],"collection":[{"href":"https:\/\/akdenizolay.com.tr\/index.php\/wp-json\/wp\/v2\/posts"}],"about":[{"href":"https:\/\/akdenizolay.com.tr\/index.php\/wp-json\/wp\/v2\/types\/post"}],"author":[{"embeddable":true,"href":"https:\/\/akdenizolay.com.tr\/index.php\/wp-json\/wp\/v2\/users\/1"}],"replies":[{"embeddable":true,"href":"https:\/\/akdenizolay.com.tr\/index.php\/wp-json\/wp\/v2\/comments?post=13739"}],"version-history":[{"count":1,"href":"https:\/\/akdenizolay.com.tr\/index.php\/wp-json\/wp\/v2\/posts\/13739\/revisions"}],"predecessor-version":[{"id":13741,"href":"https:\/\/akdenizolay.com.tr\/index.php\/wp-json\/wp\/v2\/posts\/13739\/revisions\/13741"}],"wp:featuredmedia":[{"embeddable":true,"href":"https:\/\/akdenizolay.com.tr\/index.php\/wp-json\/wp\/v2\/media\/13740"}],"wp:attachment":[{"href":"https:\/\/akdenizolay.com.tr\/index.php\/wp-json\/wp\/v2\/media?parent=13739"}],"wp:term":[{"taxonomy":"category","embeddable":true,"href":"https:\/\/akdenizolay.com.tr\/index.php\/wp-json\/wp\/v2\/categories?post=13739"},{"taxonomy":"post_tag","embeddable":true,"href":"https:\/\/akdenizolay.com.tr\/index.php\/wp-json\/wp\/v2\/tags?post=13739"}],"curies":[{"name":"wp","href":"https:\/\/api.w.org\/{rel}","templated":true}]}}