{"id":13784,"date":"2026-04-29T07:31:57","date_gmt":"2026-04-29T07:31:57","guid":{"rendered":"https:\/\/akdenizolay.com.tr\/index.php\/2026\/04\/29\/mendereste-ucurtmalar-semayi-kaplayacak\/"},"modified":"2026-04-29T07:31:58","modified_gmt":"2026-04-29T07:31:58","slug":"mendereste-ucurtmalar-semayi-kaplayacak","status":"publish","type":"post","link":"https:\/\/akdenizolay.com.tr\/index.php\/2026\/04\/29\/mendereste-ucurtmalar-semayi-kaplayacak\/","title":{"rendered":"Menderes\u2019te U\u00e7urtmalar Semay\u0131 Kaplayacak"},"content":{"rendered":"<p> Menderes Belediyesi, ger\u00e7ekle\u015ftirece\u011fi 15. Geleneksel U\u00e7urtma \u015eenli\u011fi ile Menderes sahillerinde semalar\u0131 u\u00e7urtma ile dolduracak.\u00a0<br \/>Menderes Belediyesi, 15. Geleneksel U\u00e7urtma \u015eenli\u011fi\u2019ni 3 May\u0131s Pazar g\u00fcn\u00fc d\u00fczenleyecek. Saat 13:30\u2019da ba\u015flayacak olan \u015fenlik co\u015fkusunda g\u00f6ky\u00fcz\u00fcnde u\u00e7urtmalar s\u00fcz\u00fclecek. \u00d6zdere Gen\u00e7lik Park\u0131\u2019nda d\u00fczenlenecek festival gibi \u015fenlikte Menderes Belediyesi taraf\u0131ndan u\u00e7urtmalar da\u011f\u0131t\u0131lacak. G\u00fcn boyu ger\u00e7ekle\u015fecek olan bir\u00e7ok etkinlik co\u015fkuyu ikiye katlayacak. \u0130kramlar\u0131n da olaca\u011f\u0131 \u015fenlikte balon \u015fekillendirme, kil at\u00f6lyesi, y\u00fcz boyama gibi etkinliklerle \u00e7ocuklar e\u011flenceli zaman ge\u00e7irecek. Gen\u00e7lik Park\u0131\u2019n\u0131n sahnesi de bo\u015f kalmayacak. Grup Notion, Lotus Ritim Grubu ve \u00d6zdere Halk Oyunlar\u0131 Ekibi performanslar\u0131 ile sahneyi dolduracak. Menderes Belediyesi taraf\u0131ndan \u201cU\u00e7ur, Hisset, \u00d6zg\u00fcr Ol!\u201d slogan\u0131 ile yap\u0131lan duyuruda t\u00fcm vatanda\u015flar \u015fenli\u011fe davet edildi.<br \/>\u201cT\u00fcm vatanda\u015flar\u0131m\u0131z\u0131 davet ediyorum\u201d<br \/>Konu hakk\u0131nda a\u00e7\u0131klamalar yapan Menderes Belediye Ba\u015fkan\u0131 \u0130lkay \u00c7i\u00e7ek, \u201cU\u00e7urtma \u015fenli\u011fimiz geleneksel olarak sahillerimizi renklendiriyor. Bu sene de 15\u2019incisini d\u00fczenleyece\u011fiz. Yine semalar renkli u\u00e7urtmalarla dolacak. Harika bir \u015fenlik bizleri bekliyor. T\u00fcm vatanda\u015flar\u0131m\u0131z\u0131 bu co\u015fkuya ortak olmaya davet ediyorum. Beraber g\u00f6ky\u00fcz\u00fcn\u00fc rengarenk boyayal\u0131m\u201d dedi.<\/p>\n<p>\u00a0<\/p>\n<p>Kaynak: (BYZHA) Beyaz Haber Ajans\u0131<\/p>\n","protected":false},"excerpt":{"rendered":"<p>Menderes Belediyesi, ger\u00e7ekle\u015ftirece\u011fi 15.<\/p>\n","protected":false},"author":1,"featured_media":13785,"comment_status":"open","ping_status":"open","sticky":false,"template":"","format":"standard","meta":{"footnotes":""},"categories":[24],"tags":[],"class_list":["post-13784","post","type-post","status-publish","format-standard","has-post-thumbnail","hentry","category-kultur-sanat"],"_links":{"self":[{"href":"https:\/\/akdenizolay.com.tr\/index.php\/wp-json\/wp\/v2\/posts\/13784","targetHints":{"allow":["GET"]}}],"collection":[{"href":"https:\/\/akdenizolay.com.tr\/index.php\/wp-json\/wp\/v2\/posts"}],"about":[{"href":"https:\/\/akdenizolay.com.tr\/index.php\/wp-json\/wp\/v2\/types\/post"}],"author":[{"embeddable":true,"href":"https:\/\/akdenizolay.com.tr\/index.php\/wp-json\/wp\/v2\/users\/1"}],"replies":[{"embeddable":true,"href":"https:\/\/akdenizolay.com.tr\/index.php\/wp-json\/wp\/v2\/comments?post=13784"}],"version-history":[{"count":1,"href":"https:\/\/akdenizolay.com.tr\/index.php\/wp-json\/wp\/v2\/posts\/13784\/revisions"}],"predecessor-version":[{"id":13786,"href":"https:\/\/akdenizolay.com.tr\/index.php\/wp-json\/wp\/v2\/posts\/13784\/revisions\/13786"}],"wp:featuredmedia":[{"embeddable":true,"href":"https:\/\/akdenizolay.com.tr\/index.php\/wp-json\/wp\/v2\/media\/13785"}],"wp:attachment":[{"href":"https:\/\/akdenizolay.com.tr\/index.php\/wp-json\/wp\/v2\/media?parent=13784"}],"wp:term":[{"taxonomy":"category","embeddable":true,"href":"https:\/\/akdenizolay.com.tr\/index.php\/wp-json\/wp\/v2\/categories?post=13784"},{"taxonomy":"post_tag","embeddable":true,"href":"https:\/\/akdenizolay.com.tr\/index.php\/wp-json\/wp\/v2\/tags?post=13784"}],"curies":[{"name":"wp","href":"https:\/\/api.w.org\/{rel}","templated":true}]}}