{"id":13799,"date":"2026-04-29T07:59:22","date_gmt":"2026-04-29T07:59:22","guid":{"rendered":"https:\/\/akdenizolay.com.tr\/index.php\/2026\/04\/29\/cocuklar-toprak-sevgisini-osmangazide-ogrendi\/"},"modified":"2026-04-29T07:59:23","modified_gmt":"2026-04-29T07:59:23","slug":"cocuklar-toprak-sevgisini-osmangazide-ogrendi","status":"publish","type":"post","link":"https:\/\/akdenizolay.com.tr\/index.php\/2026\/04\/29\/cocuklar-toprak-sevgisini-osmangazide-ogrendi\/","title":{"rendered":"\u00c7ocuklar Toprak Sevgisini Osmangazi\u2019de \u00d6\u011frendi"},"content":{"rendered":"<p> Osmangazi Belediyesi, \u00e7ocuklar\u0131n toprakla tan\u0131\u015fmas\u0131 ve t\u00fckettikleri g\u0131dalar\u0131n \u00fcretim s\u00fcrecini yerinde \u00f6\u011frenmesi amac\u0131yla hayata ge\u00e7irdi\u011fi \u00e7al\u0131\u015fmalar\u0131n\u0131 s\u00fcrd\u00fcr\u00fcyor. Bu kapsamda d\u00fczenlenen etkinliklerde \u00e7ocuklar \u00fcretim alanlar\u0131na g\u00f6t\u00fcr\u00fclerek, seralarda tohum ekme ve fide dikme s\u00fcre\u00e7lerini uygulamal\u0131 olarak deneyimliyor.<\/p>\n<p>Osmangazi Belediyesi\u2019nin i\u015ftiraki Gazi Tar\u0131m A.\u015e.\u2019nin \u00fcretim seras\u0131n\u0131 ziyaret eden Haymeana Anaokulu \u00f6\u011frencileri, tohum ekmeyi ve yerli tohumlardan \u00fcretilen fidelerin dikimini uygulamal\u0131 olarak \u00f6\u011frendi. \u00d6\u011fretmenleri e\u015fli\u011finde seraya gelen \u00f6\u011frencilere, Gazi Tar\u0131m A.\u015e. Genel M\u00fcd\u00fcr\u00fc Arca Atay taraf\u0131ndan serada yeti\u015fen \u00fcr\u00fcnlerin \u00fcretim a\u015famalar\u0131 anlat\u0131larak uygulamal\u0131 \u015fekilde g\u00f6sterildi. Tan\u0131t\u0131m\u0131n ard\u0131ndan anaokulu \u00f6\u011frencileri, kendilerine verilen m\u0131s\u0131r, kabak ve salatal\u0131k tohumlar\u0131n\u0131 toprakla bulu\u015ftururken, ard\u0131ndan domates fidelerini topra\u011fa dikerek keyifli bir \u00f6\u011frenme s\u00fcrecini deneyimledi.<\/p>\n<p>\u0130lk kez tohum eken ve fide diken \u00e7ocuklar, g\u00fcnl\u00fck hayatta t\u00fckettikleri g\u0131dalar\u0131n nas\u0131l yeti\u015fti\u011fini yerinde \u00f6\u011frenme f\u0131rsat\u0131 buldu. Etkinliklerde \u00e7ocuklara tohum ekmenin incelikleri, fide dikiminin p\u00fcf noktalar\u0131 ve bitki yeti\u015ftirmenin temel a\u015famalar\u0131 aktar\u0131l\u0131rken, do\u011fayla temas eden \u00f6\u011frencilerin \u00fcretmenin de\u011ferini kavramas\u0131 ve \u00e7evre bilinci kazanmas\u0131 hedeflendi.\u00a0<\/p>\n<p>\u201c\u00c7ocuklar Seradan Olduk\u00e7a Mutlu Ayr\u0131l\u0131yor\u201d<\/p>\n<p>Haymeana Anaokulu \u00f6\u011frencilerini seralar\u0131nda misafir ettiklerini belirten Gazi Tar\u0131m A.\u015e. Genel M\u00fcd\u00fcr\u00fc Arca Atay, s\u00f6zlerinde \u015fu ifadelere yer verdi:<\/p>\n<p>\u201cZiyaret kapsam\u0131nda \u00f6\u011frencilere seram\u0131zda bulunan fide ve tohumlar\u0131 tan\u0131tt\u0131k, ard\u0131ndan \u00e7ocuklarla birlikte tohum ve fide ekimi ger\u00e7ekle\u015ftirdik. Bir\u00e7o\u011fu ilk kez sera ortam\u0131n\u0131 deneyimledi. Ayr\u0131ca \u00f6\u011frencilerimize m\u0131s\u0131r, kabak ve salatal\u0131k tohumlar\u0131 vererek bunlar\u0131 toprakla bulu\u015fturmalar\u0131n\u0131 sa\u011flad\u0131k. \u00c7ocuklar daha sonra domates fidelerini bardaklara diktiler ve ektikleri fideleri yanlar\u0131nda g\u00f6t\u00fcrd\u00fcler. Bu fideleri b\u00fcy\u00fcterek s\u00fcreci g\u00f6zlemleme f\u0131rsat\u0131 bulacaklar. Bu proje sayesinde \u00e7ocuklar, t\u00fckettikleri g\u0131dalar\u0131n kayna\u011f\u0131n\u0131 daha iyi anl\u0131yor ve \u00fcr\u00fcnlerin nas\u0131l yeti\u015fti\u011fini yerinde g\u00f6rerek \u00f6\u011freniyor. Bu t\u00fcr ziyaretlerin tekrarlanmas\u0131yla \u00e7ocuklar\u0131n topra\u011fa ve \u00fcretime olan ilgisinin artaca\u011f\u0131na inan\u0131yorum. Seram\u0131z\u0131 ziyaret eden ve \u00fcretim s\u00fcrecine kat\u0131lan \u00e7ocuklar buradan olduk\u00e7a mutlu ayr\u0131l\u0131yor.\u201d\u00a0<\/p>\n<p>Osmangazi Belediyesi, \u00f6\u011frencileri \u00fcretim d\u00f6nemleri boyunca y\u0131l\u0131n farkl\u0131 zamanlar\u0131nda seralarda a\u011f\u0131rlamaya devam edecek.<\/p>\n<p>Kaynak: (BYZHA) Beyaz Haber Ajans\u0131<\/p>\n","protected":false},"excerpt":{"rendered":"<p>Osmangazi Belediyesi, \u00e7ocuklar\u0131n toprakla tan\u0131\u015fmas\u0131 ve t\u00fckettikleri g\u0131dalar\u0131n \u00fcretim s\u00fcrecini yerinde \u00f6\u011frenmesi amac\u0131yla hayata ge\u00e7irdi\u011fi \u00e7al\u0131\u015fmalar\u0131n\u0131 s\u00fcrd\u00fcr\u00fcyor.<\/p>\n","protected":false},"author":1,"featured_media":13800,"comment_status":"open","ping_status":"open","sticky":false,"template":"","format":"standard","meta":{"footnotes":""},"categories":[20],"tags":[],"class_list":["post-13799","post","type-post","status-publish","format-standard","has-post-thumbnail","hentry","category-gundem"],"_links":{"self":[{"href":"https:\/\/akdenizolay.com.tr\/index.php\/wp-json\/wp\/v2\/posts\/13799","targetHints":{"allow":["GET"]}}],"collection":[{"href":"https:\/\/akdenizolay.com.tr\/index.php\/wp-json\/wp\/v2\/posts"}],"about":[{"href":"https:\/\/akdenizolay.com.tr\/index.php\/wp-json\/wp\/v2\/types\/post"}],"author":[{"embeddable":true,"href":"https:\/\/akdenizolay.com.tr\/index.php\/wp-json\/wp\/v2\/users\/1"}],"replies":[{"embeddable":true,"href":"https:\/\/akdenizolay.com.tr\/index.php\/wp-json\/wp\/v2\/comments?post=13799"}],"version-history":[{"count":1,"href":"https:\/\/akdenizolay.com.tr\/index.php\/wp-json\/wp\/v2\/posts\/13799\/revisions"}],"predecessor-version":[{"id":13801,"href":"https:\/\/akdenizolay.com.tr\/index.php\/wp-json\/wp\/v2\/posts\/13799\/revisions\/13801"}],"wp:featuredmedia":[{"embeddable":true,"href":"https:\/\/akdenizolay.com.tr\/index.php\/wp-json\/wp\/v2\/media\/13800"}],"wp:attachment":[{"href":"https:\/\/akdenizolay.com.tr\/index.php\/wp-json\/wp\/v2\/media?parent=13799"}],"wp:term":[{"taxonomy":"category","embeddable":true,"href":"https:\/\/akdenizolay.com.tr\/index.php\/wp-json\/wp\/v2\/categories?post=13799"},{"taxonomy":"post_tag","embeddable":true,"href":"https:\/\/akdenizolay.com.tr\/index.php\/wp-json\/wp\/v2\/tags?post=13799"}],"curies":[{"name":"wp","href":"https:\/\/api.w.org\/{rel}","templated":true}]}}